{"id":19854,"date":"2019-08-05T14:42:04","date_gmt":"2019-08-05T17:42:04","guid":{"rendered":"http:\/\/blogs.correio24horas.com.br\/mesalte\/?p=19854"},"modified":"2019-08-05T14:42:04","modified_gmt":"2019-08-05T17:42:04","slug":"nininha-problematica-e-mulher-pepita-vao-gravar-clipe-juntas-em-salvador","status":"publish","type":"post","link":"https:\/\/blogs.correio24horas.com.br\/mesalte\/nininha-problematica-e-mulher-pepita-vao-gravar-clipe-juntas-em-salvador\/","title":{"rendered":"Nininha Problem\u00e1tica e Mulher Pepita v\u00e3o gravar clipe juntas em Salvador"},"content":{"rendered":"<p>A queen Nininha Problem\u00e1tica est\u00e1 com a bola cheia! Nos dias 19, 20 e 21 de agosto ela receber\u00e1 em Salvador a Mulher Pepita para grava\u00e7\u00e3o de um clipe juntas.\u00a0A grava\u00e7\u00e3o ser\u00e1 do single &#8216;Quem Manda&#8217; e ter\u00e1 um ballet composto por 30 pessoas.\u00a0Neste domingo (4) aconteceu uma seletiva no Clube Bahnhof, no Rio Vermelho, para selecionar pessoas para dan\u00e7ar com elas no clipe.<\/p>\n<p>Uma das grava\u00e7\u00f5es acontecer\u00e1 na madrugada do dia 20 de agosto na San Boate. Cerca de 75 pessoas participar\u00e3o da produ\u00e7\u00e3o neste dia. A dire\u00e7\u00e3o do v\u00eddeo clipe ser\u00e1 da Kaluanart, a mesma produtora respons\u00e1vel pelo clipe Larissinha, lan\u00e7ado por Nininha este ano. Essa ser\u00e1 a primeira produ\u00e7\u00e3o de Nininha ap\u00f3s assinar contrato com a produtora Ronda Produ\u00e7\u00f5es.<\/p>\n<p>O clipe, segundo apurou o Me Salte, vai ter inspira\u00e7\u00e3o no movimento de Stonewall, que comemora 50 anos em 2019. Todo ballet e figura\u00e7\u00e3o ser\u00e1 composto por pessoas LGBTQIA+. Apenas alguns atores heteros participar\u00e3o na cena do clipe.<\/p>\n<p>A produ\u00e7\u00e3o art\u00edstica \u00e9 assinada por Gabriel Sued\u00a0 com co-produ\u00e7\u00e3o de Rafaela Azevedo.<\/p>\n<p>A produ\u00e7\u00e3o musical \u00e9 de Marco Lima &#8211; <a href=\"https:\/\/www.youtube.com\/watch?v=m24ukkQmj9U\" target=\"_blank\">o mesmo de Favelada, que Nininha gravou com L\u00e9o Kret<\/a>\u00a0. Recentemente Nininha foi anunciada como participante do reality show do digital influencer Carlinhos Maia.<\/p>\n<p>O novo clipe dever\u00e1 ser lan\u00e7ado em 12 de setembro.<\/p>\n","protected":false},"excerpt":{"rendered":"<p>A queen Nininha Problem\u00e1tica est\u00e1 com a bola cheia! Nos dias 19, 20 e 21 de agosto ela receber\u00e1 em Salvador a Mulher Pepita para grava\u00e7\u00e3o [&hellip;]<\/p>\n","protected":false},"author":1,"featured_media":19857,"comment_status":"open","ping_status":"open","sticky":false,"template":"","format":"image","meta":{"footnotes":""},"categories":[28,80],"tags":[],"class_list":["post-19854","post","type-post","status-publish","format-image","has-post-thumbnail","hentry","category-farofa-digital","category-home","post_format-post-format-image"],"_links":{"self":[{"href":"https:\/\/blogs.correio24horas.com.br\/mesalte\/wp-json\/wp\/v2\/posts\/19854","targetHints":{"allow":["GET"]}}],"collection":[{"href":"https:\/\/blogs.correio24horas.com.br\/mesalte\/wp-json\/wp\/v2\/posts"}],"about":[{"href":"https:\/\/blogs.correio24horas.com.br\/mesalte\/wp-json\/wp\/v2\/types\/post"}],"author":[{"embeddable":true,"href":"https:\/\/blogs.correio24horas.com.br\/mesalte\/wp-json\/wp\/v2\/users\/1"}],"replies":[{"embeddable":true,"href":"https:\/\/blogs.correio24horas.com.br\/mesalte\/wp-json\/wp\/v2\/comments?post=19854"}],"version-history":[{"count":2,"href":"https:\/\/blogs.correio24horas.com.br\/mesalte\/wp-json\/wp\/v2\/posts\/19854\/revisions"}],"predecessor-version":[{"id":19856,"href":"https:\/\/blogs.correio24horas.com.br\/mesalte\/wp-json\/wp\/v2\/posts\/19854\/revisions\/19856"}],"wp:featuredmedia":[{"embeddable":true,"href":"https:\/\/blogs.correio24horas.com.br\/mesalte\/wp-json\/wp\/v2\/media\/19857"}],"wp:attachment":[{"href":"https:\/\/blogs.correio24horas.com.br\/mesalte\/wp-json\/wp\/v2\/media?parent=19854"}],"wp:term":[{"taxonomy":"category","embeddable":true,"href":"https:\/\/blogs.correio24horas.com.br\/mesalte\/wp-json\/wp\/v2\/categories?post=19854"},{"taxonomy":"post_tag","embeddable":true,"href":"https:\/\/blogs.correio24horas.com.br\/mesalte\/wp-json\/wp\/v2\/tags?post=19854"}],"curies":[{"name":"wp","href":"https:\/\/api.w.org\/{rel}","templated":true}]}}