{"id":19847,"date":"2019-08-03T08:56:02","date_gmt":"2019-08-03T11:56:02","guid":{"rendered":"http:\/\/blogs.correio24horas.com.br\/mesalte\/?p=19847"},"modified":"2019-08-03T08:59:19","modified_gmt":"2019-08-03T11:59:19","slug":"em-cerimonia-coletiva-12-casais-lgbt-se-casam-em-salvador","status":"publish","type":"post","link":"https:\/\/blogs.correio24horas.com.br\/mesalte\/em-cerimonia-coletiva-12-casais-lgbt-se-casam-em-salvador\/","title":{"rendered":"Em cerim\u00f4nia coletiva, 12 casais LGBT+ se casam em Salvador"},"content":{"rendered":"<p>Celebra\u00e7\u00e3o foi idealizada pela Defensoria P\u00fablica da Bahia e ocorreu na Faculdade de Direito da UFBA nesta sexta-feira (2)<\/p>\n<p>Gabriel Moura*<\/p>\n<p>Em tempos de guerra, casamentos coletivos s\u00e3o comuns, pois os homens que n\u00e3o desejam ir para a frente de combate, v\u00e3o aos montes para a porta das igrejas, j\u00e1 que os casados, geralmente, est\u00e3o entre os \u00faltimos a serem convocados de forma compuls\u00f3ria. Tamb\u00e9m com um grande conflito envolvido na narrativa, 12 casais LGBT+ sacramentaram seu amor em uma cerim\u00f4nia coletiva organizada pela Defensoria P\u00fablica da Bahia, nesta sexta-feira, 02.<\/p>\n<p>Mas h\u00e1 diferen\u00e7a entre as guerras tradicionais e a que os rec\u00e9m-casados enfrentam diariamente. O inimigo n\u00e3o se trata de uma na\u00e7\u00e3o rival, mas sim do preconceito. Se os noivos mencionados anteriormente planejam fugir do campo de batalha, a cerim\u00f4nia de ontem foi repleta dos mais nobres combatentes prontos para encarar o &#8220;front&#8221;. A arma deles n\u00e3o s\u00e3o canh\u00f5es ou metralhadoras, mas algo que ainda, infelizmente, fere os mais conservadores: o amor.<\/p>\n<p>Sob o teto do audit\u00f3rio da Faculdade de Direito da UFBA, onde ocorreu a cerim\u00f4nia coletiva, um lugar onde se aprende sobre lei e justi\u00e7a, os 24 apaixonados celebraram o direito de se amar. Sete casais de mulheres e cinco de homens, para quem o casamento n\u00e3o \u00e9 apenas um s\u00edmbolo de amor, mas de resist\u00eancia.<\/p>\n<p>Os amantes iam, um por um, para a frente do juiz, onde diziam seus votos, diziam \u201csim\u201d, trocavam as alian\u00e7as e davam o t\u00e3o esperado beijo. Todos os casais arrancavam sorrisos, l\u00e1grimas e aplausos de quem assistia \u00e0 cerim\u00f4nia. At\u00e9 quem foi acompanhar apenas um par de noivos se emocionava com os outros 11.<\/p>\n<p>N\u00famero de casamentos LGBT+ aumenta<\/p>\n<p>A uni\u00e3o civil entre pessoas do mesmo sexo \u00e9 regularizada desde 2011. Nos \u00faltimos anos, o n\u00famero de casamentos LGBT+ s\u00f3 tem crescido no Brasil. De acordo com a Associa\u00e7\u00e3o dos Registradores de Pessoas Naturais (Arpen), que re\u00fane dados dos registros civis feitos em cart\u00f3rios do pa\u00eds, houve aumento de 25% nessas uni\u00f5es no Brasil de janeiro a outubro de 2018, em compara\u00e7\u00e3o com o mesmo per\u00edodo do ano passado: de 4.645 para 5.816. Se considerarmos s\u00f3 de setembro para outubro, o crescimento chega a 36%.<\/p>\n<p>Para 2019, a expectativa \u00e9 de um aumento ainda maior, principalmente ap\u00f3s a elei\u00e7\u00e3o de Jair Bolsonaro para a Presid\u00eancia da Rep\u00fablica no final do ano passado. Em dezembro de 2018, m\u00eas seguinte \u00e0s elei\u00e7\u00f5es, houve 2,6 mil casamentos homoafetivos, 323% a mais do que em dezembro de 2017, quando foram celebradas 614 uni\u00f5es.<\/p>\n<p>A porta voz e a acompanhante<\/p>\n<p>A artista Leanza Calazans, 22, e a recepcionista Luciele Cristina, 28, estavam entre os sete pares de noivas. T\u00edmida, Luciele afirmou logo no in\u00edcio da entrevista ao CORREIO que ela permaneceria mais calada durante o bate-papo. \u201cEla \u00e9 a porta voz do casal. Eu sou s\u00f3 a acompanhante\u201d, brincou.<\/p>\n<p>Elas se conheceram numa festa em 2015 e, apenas 15 dias ap\u00f3s o primeiro encontro, j\u00e1 estavam morando juntas. \u201cDesde o primeiro momento j\u00e1 percebemos que \u00e9ramos feitas uma para a outra\u201d.<\/p>\n<p>Apesar da ardente paix\u00e3o, o come\u00e7o do relacionamento teve seus perrengues, principalmente por causa do pai de Leanza. \u201cMas \u00e9 sempre uma se segurando na outra. Sempre houve o di\u00e1logo e um bom conv\u00edvio, o que \u00e9 importante &#8211; principalmente num casamento LGBT. Como n\u00f3s somos duas mulheres, tem a quest\u00e3o de termos personalidade forte, al\u00e9m da TPM\u201d, brincam as noivas.<\/p>\n<p>Sem soltar a m\u00e3o uma da outra, a \u2018porta-voz\u2019 e a \u2018acompanhante\u2019 j\u00e1 planejam os pr\u00f3ximos passos ap\u00f3s o cas\u00f3rio: terem tr\u00eas filhos e viajar o mundo inteiro com eles. Se nem na hora de decidirem o momento para morarem juntas elas seguiram o padr\u00e3o, na hora de dizer o \u201csim\u201d elas tamb\u00e9m fugiram do habitual. \u201cPrometo que ela n\u00e3o me amea\u00e7ou para aceitar\u201d, garantiu Leanza em frente ao juiz.<\/p>\n<p>Eu conheci ele no Tinder<\/p>\n<p>J\u00e1 a hist\u00f3ria de Robson Ferreira Silva, 23, e Thiago Silva Ferreira, 31, n\u00e3o come\u00e7ou da forma mais rom\u00e2ntica. Ambos deslizaram para a direita e deram match no Tinder. Mas, o problema n\u00e3o foi eles terem o aplicativo de relacionamentos como cupido e sim o primeiro encontro, que na verdade foi um desencontro.<\/p>\n<div id=\"attachment_19851\" style=\"width: 1034px\" class=\"wp-caption aligncenter\"><img loading=\"lazy\" decoding=\"async\" aria-describedby=\"caption-attachment-19851\" class=\"size-large wp-image-19851\" src=\"https:\/\/blogs.correio24h.com.br\/mesalte\/wp-content\/uploads\/2019\/08\/IMG-20190802-WA0133-1024x637.jpg\" alt=\"Foto: Arisson Marinho\/Correio\" width=\"1024\" height=\"637\" srcset=\"https:\/\/blogs.correio24h.com.br\/mesalte\/wp-content\/uploads\/2019\/08\/IMG-20190802-WA0133-1024x637.jpg 1024w, https:\/\/blogs.correio24h.com.br\/mesalte\/wp-content\/uploads\/2019\/08\/IMG-20190802-WA0133-300x187.jpg 300w, https:\/\/blogs.correio24h.com.br\/mesalte\/wp-content\/uploads\/2019\/08\/IMG-20190802-WA0133-768x478.jpg 768w, https:\/\/blogs.correio24h.com.br\/mesalte\/wp-content\/uploads\/2019\/08\/IMG-20190802-WA0133-235x146.jpg 235w, https:\/\/blogs.correio24h.com.br\/mesalte\/wp-content\/uploads\/2019\/08\/IMG-20190802-WA0133-50x31.jpg 50w, https:\/\/blogs.correio24h.com.br\/mesalte\/wp-content\/uploads\/2019\/08\/IMG-20190802-WA0133-121x75.jpg 121w, https:\/\/blogs.correio24h.com.br\/mesalte\/wp-content\/uploads\/2019\/08\/IMG-20190802-WA0133.jpg 1100w\" sizes=\"auto, (max-width: 1024px) 100vw, 1024px\" \/><p id=\"caption-attachment-19851\" class=\"wp-caption-text\">Foto: Arisson Marinho\/Correio<\/p><\/div>\n<p>\u201cO neg\u00f3cio j\u00e1 come\u00e7ou mal. A gente marcou num lugar, a\u00ed eu cheguei. Ele demorou e eu fui embora. Depois que me piquei pra casa, ele chegou\u2026 Um desencontro total\u201d, relembra Robson.<\/p>\n<p>Mas uma grande coincid\u00eancia mostrou que o relacionamento deles estava escrito nas estrelas: ambos fazem anivers\u00e1rio no mesmo dia &#8211; 5 de outubro. E, por causa deste feliz acaso, n\u00e3o desistiram um do outro e decidiram marcar um segundo \u201cdate\u201d, que desta vez foi conclu\u00eddo com \u00eaxito t\u00e3o grande que Thiago pediu Robson em namoro e os pombinhos j\u00e1 sa\u00edram de l\u00e1 compromissados e poucos meses depois, estavam morando juntos.<\/p>\n<p>S\u00f3 tinha uma \u00faltima barreira a ser quebrada: a m\u00e3e de Robson saber. Mas ela permaneceu no escuro durante muito tempo e s\u00f3 foi descobrir o relacionamento dos dois nesta quinta-feira (1), exatamente um dia antes do casamento. \u201cClaro que ela j\u00e1 desconfiava n\u00e9, mas s\u00f3 fui abrir o jogo ontem. A\u00ed foi tudo de uma vez. \u2018Olha, m\u00e3e: sou gay, estou morando com Thiago e a gente vai se casar amanh\u00e3\u2019. Felizmente ela reagiu super-bem e inclusive est\u00e1 aqui para nos prestigiar\u201d, comemora Robson.<\/p>\n<p>Pedida pelo Zap<\/p>\n<p>Acostumada a receber no \u2018zap\u2019 correntes de \u201cbom dia\u201d no grupo da fam\u00edlia, a professora Ana Paula de Oliveira, 36, viu uma mensagem inusitada em seu aplicativo. Sua companheira Rosilene Santos Pereira, 49, enviou uma foto da cerim\u00f4nia de casamento coletivo LGBT+ com os seguintes dizeres: \u201cVamo?\u201d. \u201cE o pedido vai ser assim \u00e9?\u201d, indagou imediatamente Ana. \u201c\u00c9\u2026\u201d, confirmou Rosilene. \u201cEnt\u00e3o bora\u201d, aceitou a professora.<\/p>\n<p>O pedido n\u00e3o foi digno de um filme de romance, mas foi perfeito para as duas, para quem casar no papel n\u00e3o passa de uma mera formalidade ap\u00f3s sete anos juntas. Num relacionamento que, aparentemente, seria apenas mais um amor de Carnaval, festa onde se conheceram em 2010, elas decidiram mudar o rumo da coisa.<\/p>\n<p>Em 2012, dois anos ap\u00f3s o primeiro e \u00fanico encontro, Rosilene ligou para Ana Paula e disse o famoso \u201coi, sumida\u201d. Elas marcaram um encontro e deu certo. Repetiram a dose do Carnaval e ficaram novamente. A professora garante que n\u00e3o deixou de pensar em Rosilene desde aquele fevereiro. \u201cS\u00f3 n\u00e3o a chamei para sair por \u2018coisas da vida\u2019\u201d, conta.<\/p>\n<p>Juntas h\u00e1 7 anos e felizes com a cerim\u00f4nia, elas comemoraram o fato de terem se casado junto com outros 11 casais LGBT+: \u201cIsso aqui \u00e9 um ato pol\u00edtico, de afirma\u00e7\u00e3o. Estamos vivendo um momento dif\u00edcil no Brasil para a nossa comunidade. Voc\u00ea ouve os coment\u00e1rios das pessoas sobre n\u00f3s e a maioria s\u00e3o cru\u00e9is. Nos comparam a pessoas ruins, como ladr\u00f5es, como se n\u00e3o tiv\u00e9ssemos sentimentos ou fam\u00edlias. As pessoas precisam entender que em todas as rela\u00e7\u00f5es existe amor e o que nos fortalece neste dia \u00e9 olhar todos esses 12 casais que est\u00e3o aqui porque se amam\u201d, comemora Rosilene.<\/p>\n<p>Surpresa<\/p>\n<p>Se Rosilene pediu Ana pelo WhatsApp, nem isso M\u00e1rio Henrique Deir\u00f3, 27, fez. Ao saber que haveria a cerim\u00f4nia coletiva, o t\u00e9cnico de enfermagem inscreveu a ele e ao jornalista Uilton Souza da Concei\u00e7\u00e3o, 38, no casamento. Ap\u00f3s deixar tudo nos conformes, simplesmente informou. \u201cEi, ent\u00e3o, n\u00f3s vamos casar tal dia, tal hora, em tal lugar numa cerim\u00f4nia coletiva. Vamo?\u201d. Com uma intimada dessas, n\u00e3o tinha como dizer n\u00e3o.<\/p>\n<p>Mas Uilton garante que sempre teve a vontade de registrar no papel o amor entre eles, que come\u00e7ou atrav\u00e9s de uma escolha quase aleat\u00f3ria. Eles possuem amigos em comum e em um determinado momento se encontraram na casa de um deles. O amigo pediu para M\u00e1rio apontar para o sof\u00e1, onde havia tr\u00eas rapazes, e escolher um deles para ficar. Ele imediatamente escolheu Uilton &#8211; talvez a melhor escolha de sua vida.<\/p>\n<div id=\"attachment_19852\" style=\"width: 1034px\" class=\"wp-caption aligncenter\"><img loading=\"lazy\" decoding=\"async\" aria-describedby=\"caption-attachment-19852\" class=\"size-large wp-image-19852\" src=\"https:\/\/blogs.correio24h.com.br\/mesalte\/wp-content\/uploads\/2019\/08\/IMG-20190802-WA0134-1024x637.jpg\" alt=\"Foto: Arisson Marinho\/correio\" width=\"1024\" height=\"637\" srcset=\"https:\/\/blogs.correio24h.com.br\/mesalte\/wp-content\/uploads\/2019\/08\/IMG-20190802-WA0134-1024x637.jpg 1024w, https:\/\/blogs.correio24h.com.br\/mesalte\/wp-content\/uploads\/2019\/08\/IMG-20190802-WA0134-300x187.jpg 300w, https:\/\/blogs.correio24h.com.br\/mesalte\/wp-content\/uploads\/2019\/08\/IMG-20190802-WA0134-768x478.jpg 768w, https:\/\/blogs.correio24h.com.br\/mesalte\/wp-content\/uploads\/2019\/08\/IMG-20190802-WA0134-235x146.jpg 235w, https:\/\/blogs.correio24h.com.br\/mesalte\/wp-content\/uploads\/2019\/08\/IMG-20190802-WA0134-50x31.jpg 50w, https:\/\/blogs.correio24h.com.br\/mesalte\/wp-content\/uploads\/2019\/08\/IMG-20190802-WA0134-121x75.jpg 121w, https:\/\/blogs.correio24h.com.br\/mesalte\/wp-content\/uploads\/2019\/08\/IMG-20190802-WA0134.jpg 1100w\" sizes=\"auto, (max-width: 1024px) 100vw, 1024px\" \/><p id=\"caption-attachment-19852\" class=\"wp-caption-text\">Foto: Arisson Marinho\/correio<\/p><\/div>\n<p>O primeiro encontro deles foi marcado poucos dias ap\u00f3s este \u201cjogo da roleta\u201d. S\u00f3 que ele j\u00e1 come\u00e7ou em clima de despedida, j\u00e1 que Uilton ia para S\u00e3o Paulo, onde participaria de um pr\u00eamio. No \u201cdate\u201d, que aconteceu pouco tempo antes da viagem, M\u00e1rio pediu para que o jornalista entregasse a ele uma coisa que fosse muito valiosa, para que quando voltasse, fosse buscar. \u201cVoc\u00ea\u201d, respondeu Uilton. \u201cAli que ele me ganhou\u201d, lembra M\u00e1rio, emocionado.<\/p>\n<p>*Com orienta\u00e7\u00e3o do chefe de reportagem Jorge Gauthier<\/p>\n","protected":false},"excerpt":{"rendered":"<p>Celebra\u00e7\u00e3o foi idealizada pela Defensoria P\u00fablica da Bahia e ocorreu na Faculdade de Direito da UFBA nesta sexta-feira (2) Gabriel Moura* Em tempos de guerra, casamentos [&hellip;]<\/p>\n","protected":false},"author":1,"featured_media":19849,"comment_status":"open","ping_status":"open","sticky":false,"template":"","format":"image","meta":{"footnotes":""},"categories":[80,9],"tags":[],"class_list":["post-19847","post","type-post","status-publish","format-image","has-post-thumbnail","hentry","category-home","category-me-orgulho","post_format-post-format-image"],"_links":{"self":[{"href":"https:\/\/blogs.correio24horas.com.br\/mesalte\/wp-json\/wp\/v2\/posts\/19847","targetHints":{"allow":["GET"]}}],"collection":[{"href":"https:\/\/blogs.correio24horas.com.br\/mesalte\/wp-json\/wp\/v2\/posts"}],"about":[{"href":"https:\/\/blogs.correio24horas.com.br\/mesalte\/wp-json\/wp\/v2\/types\/post"}],"author":[{"embeddable":true,"href":"https:\/\/blogs.correio24horas.com.br\/mesalte\/wp-json\/wp\/v2\/users\/1"}],"replies":[{"embeddable":true,"href":"https:\/\/blogs.correio24horas.com.br\/mesalte\/wp-json\/wp\/v2\/comments?post=19847"}],"version-history":[{"count":3,"href":"https:\/\/blogs.correio24horas.com.br\/mesalte\/wp-json\/wp\/v2\/posts\/19847\/revisions"}],"predecessor-version":[{"id":19853,"href":"https:\/\/blogs.correio24horas.com.br\/mesalte\/wp-json\/wp\/v2\/posts\/19847\/revisions\/19853"}],"wp:featuredmedia":[{"embeddable":true,"href":"https:\/\/blogs.correio24horas.com.br\/mesalte\/wp-json\/wp\/v2\/media\/19849"}],"wp:attachment":[{"href":"https:\/\/blogs.correio24horas.com.br\/mesalte\/wp-json\/wp\/v2\/media?parent=19847"}],"wp:term":[{"taxonomy":"category","embeddable":true,"href":"https:\/\/blogs.correio24horas.com.br\/mesalte\/wp-json\/wp\/v2\/categories?post=19847"},{"taxonomy":"post_tag","embeddable":true,"href":"https:\/\/blogs.correio24horas.com.br\/mesalte\/wp-json\/wp\/v2\/tags?post=19847"}],"curies":[{"name":"wp","href":"https:\/\/api.w.org\/{rel}","templated":true}]}}