{"id":19842,"date":"2019-08-02T09:32:54","date_gmt":"2019-08-02T12:32:54","guid":{"rendered":"http:\/\/blogs.correio24horas.com.br\/mesalte\/?p=19842"},"modified":"2019-08-15T11:29:33","modified_gmt":"2019-08-15T14:29:33","slug":"festa-trans-tera-edicao-noite-dos-mascarados-dia-10-de-agosto","status":"publish","type":"post","link":"https:\/\/blogs.correio24horas.com.br\/mesalte\/festa-trans-tera-edicao-noite-dos-mascarados-dia-10-de-agosto\/","title":{"rendered":"Festa Trans ter\u00e1 edi\u00e7\u00e3o &#8216;noite dos mascarados&#8217; dia 10 de agosto"},"content":{"rendered":"<p>Salvador receber\u00e1 no dia 10 de agosto mais uma edi\u00e7\u00e3o da festa trans com shows, boate e concursos.\u00a0\u00a0A noite ter\u00e1 apresenta\u00e7\u00f5es de Tanucha Taylor,\u00a0Ariela Foxx e do gogoboy\u00a0Xanddy Santana al\u00e9m da\u00a0 anima\u00e7\u00e3o musical fica por conta do\u00a0DJ Tico. O evento \u00e9 voltado para\u00a0 travestis, drag queens e homens simpatizantes (t-lovers).<\/p>\n\n\t\t\t<style type='text\/css'>\n\t\t\t\t#gallery-1 {\n\t\t\t\t\tmargin: auto;\n\t\t\t\t}\n\t\t\t\t#gallery-1 .gallery-item {\n\t\t\t\t\tfloat: left;\n\t\t\t\t\tmargin-top: 10px;\n\t\t\t\t\ttext-align: center;\n\t\t\t\t\twidth: 33.33%;\n\t\t\t\t}\n\t\t\t\t#gallery-1 img {\n\t\t\t\t\tborder: 2px solid #cfcfcf;\n\t\t\t\t}\n\t\t\t\t#gallery-1 .gallery-caption {\n\t\t\t\t\tmargin-left: 0;\n\t\t\t\t}\n\t\t\t\t\/* see gallery_shortcode() in wp-includes\/media.php *\/\n\t\t\t<\/style>\n\t\t<div id='gallery-1' class='gallery galleryid-19842 gallery-columns-3 gallery-size-thumbnail '><dl class='gallery-item'>\n\t\t\t\t<dt class='gallery-icon portrait'>\n\t\t\t\t\t<a href='https:\/\/blogs.correio24horas.com.br\/mesalte\/festa-trans-tera-edicao-noite-dos-mascarados-dia-10-de-agosto\/sergio\/'><img loading=\"lazy\" decoding=\"async\" width=\"150\" height=\"150\" src=\"https:\/\/blogs.correio24h.com.br\/mesalte\/wp-content\/uploads\/2019\/08\/sergio-150x150.jpg\" class=\"attachment-thumbnail size-thumbnail\" alt=\"\" srcset=\"https:\/\/blogs.correio24h.com.br\/mesalte\/wp-content\/uploads\/2019\/08\/sergio-150x150.jpg 150w, https:\/\/blogs.correio24h.com.br\/mesalte\/wp-content\/uploads\/2019\/08\/sergio-80x80.jpg 80w, https:\/\/blogs.correio24h.com.br\/mesalte\/wp-content\/uploads\/2019\/08\/sergio-85x85.jpg 85w\" sizes=\"auto, (max-width: 150px) 100vw, 150px\" \/><\/a>\n\t\t\t\t<\/dt><\/dl><dl class='gallery-item'>\n\t\t\t\t<dt class='gallery-icon portrait'>\n\t\t\t\t\t<a href='https:\/\/blogs.correio24horas.com.br\/mesalte\/festa-trans-tera-edicao-noite-dos-mascarados-dia-10-de-agosto\/tanucha-3\/'><img loading=\"lazy\" decoding=\"async\" width=\"150\" height=\"150\" src=\"https:\/\/blogs.correio24h.com.br\/mesalte\/wp-content\/uploads\/2019\/08\/tanucha-150x150.jpg\" class=\"attachment-thumbnail size-thumbnail\" alt=\"\" srcset=\"https:\/\/blogs.correio24h.com.br\/mesalte\/wp-content\/uploads\/2019\/08\/tanucha-150x150.jpg 150w, https:\/\/blogs.correio24h.com.br\/mesalte\/wp-content\/uploads\/2019\/08\/tanucha-80x80.jpg 80w, https:\/\/blogs.correio24h.com.br\/mesalte\/wp-content\/uploads\/2019\/08\/tanucha-85x85.jpg 85w\" sizes=\"auto, (max-width: 150px) 100vw, 150px\" \/><\/a>\n\t\t\t\t<\/dt><\/dl><dl class='gallery-item'>\n\t\t\t\t<dt class='gallery-icon landscape'>\n\t\t\t\t\t<a href='https:\/\/blogs.correio24horas.com.br\/mesalte\/festa-trans-tera-edicao-noite-dos-mascarados-dia-10-de-agosto\/trna\/'><img loading=\"lazy\" decoding=\"async\" width=\"150\" height=\"150\" src=\"https:\/\/blogs.correio24h.com.br\/mesalte\/wp-content\/uploads\/2019\/08\/trna-150x150.jpg\" class=\"attachment-thumbnail size-thumbnail\" alt=\"\" srcset=\"https:\/\/blogs.correio24h.com.br\/mesalte\/wp-content\/uploads\/2019\/08\/trna-150x150.jpg 150w, https:\/\/blogs.correio24h.com.br\/mesalte\/wp-content\/uploads\/2019\/08\/trna-50x50.jpg 50w, https:\/\/blogs.correio24h.com.br\/mesalte\/wp-content\/uploads\/2019\/08\/trna-80x80.jpg 80w, https:\/\/blogs.correio24h.com.br\/mesalte\/wp-content\/uploads\/2019\/08\/trna-85x85.jpg 85w\" sizes=\"auto, (max-width: 150px) 100vw, 150px\" \/><\/a>\n\t\t\t\t<\/dt><\/dl><br style=\"clear: both\" \/>\n\t\t\t<\/div>\n\n<p>O qu\u00ea? Festa Trans: noite dos mascarados 2019<br \/>\nQuando: 10 de agosto \u00e0s 22h30<br \/>\nOnde? Espa\u00e7o Fox &#8211; Pituba<br \/>\nIngressos: R$ 45 (homens) e R$ 30 (travestis, crossdresser e drogas)<br \/>\nMais informa\u00e7\u00f5es:\u00a071 99943 3445\/\u00a071 99645 5528\/\u00a071 99632 0423<\/p>\n","protected":false},"excerpt":{"rendered":"<p>Salvador receber\u00e1 no dia 10 de agosto mais uma edi\u00e7\u00e3o da festa trans com shows, boate e concursos.\u00a0\u00a0A noite ter\u00e1 apresenta\u00e7\u00f5es de Tanucha Taylor,\u00a0Ariela Foxx e [&hellip;]<\/p>\n","protected":false},"author":1,"featured_media":0,"comment_status":"open","ping_status":"open","sticky":false,"template":"","format":"image","meta":{"footnotes":""},"categories":[16],"tags":[],"class_list":["post-19842","post","type-post","status-publish","format-image","hentry","category-me-jogo","post_format-post-format-image"],"_links":{"self":[{"href":"https:\/\/blogs.correio24horas.com.br\/mesalte\/wp-json\/wp\/v2\/posts\/19842","targetHints":{"allow":["GET"]}}],"collection":[{"href":"https:\/\/blogs.correio24horas.com.br\/mesalte\/wp-json\/wp\/v2\/posts"}],"about":[{"href":"https:\/\/blogs.correio24horas.com.br\/mesalte\/wp-json\/wp\/v2\/types\/post"}],"author":[{"embeddable":true,"href":"https:\/\/blogs.correio24horas.com.br\/mesalte\/wp-json\/wp\/v2\/users\/1"}],"replies":[{"embeddable":true,"href":"https:\/\/blogs.correio24horas.com.br\/mesalte\/wp-json\/wp\/v2\/comments?post=19842"}],"version-history":[{"count":1,"href":"https:\/\/blogs.correio24horas.com.br\/mesalte\/wp-json\/wp\/v2\/posts\/19842\/revisions"}],"predecessor-version":[{"id":19846,"href":"https:\/\/blogs.correio24horas.com.br\/mesalte\/wp-json\/wp\/v2\/posts\/19842\/revisions\/19846"}],"wp:attachment":[{"href":"https:\/\/blogs.correio24horas.com.br\/mesalte\/wp-json\/wp\/v2\/media?parent=19842"}],"wp:term":[{"taxonomy":"category","embeddable":true,"href":"https:\/\/blogs.correio24horas.com.br\/mesalte\/wp-json\/wp\/v2\/categories?post=19842"},{"taxonomy":"post_tag","embeddable":true,"href":"https:\/\/blogs.correio24horas.com.br\/mesalte\/wp-json\/wp\/v2\/tags?post=19842"}],"curies":[{"name":"wp","href":"https:\/\/api.w.org\/{rel}","templated":true}]}}