{"id":19840,"date":"2019-08-01T09:11:32","date_gmt":"2019-08-01T12:11:32","guid":{"rendered":"http:\/\/blogs.correio24horas.com.br\/mesalte\/?p=19840"},"modified":"2019-08-01T09:11:32","modified_gmt":"2019-08-01T12:11:32","slug":"salvador-sediara-casamento-lgbtqia-nesta-quinta","status":"publish","type":"post","link":"https:\/\/blogs.correio24horas.com.br\/mesalte\/salvador-sediara-casamento-lgbtqia-nesta-quinta\/","title":{"rendered":"Salvador sediar\u00e1 casamento LGBTQIA+ nesta quinta"},"content":{"rendered":"<p>Doze casais LGBT trocar\u00e3o alian\u00e7as em casamento coletivo nesta sexta-feira (2) em Salvador. A a\u00e7\u00e3o \u00e9 realizada por uma iniciativa da Defensoria P\u00fablica do Estado da Bahia \u2013 DPE\/BA e ir\u00e1 proporcionar tanto a garantia de um direito como a concretiza\u00e7\u00e3o de um sonho para os pares envolvidos.<\/p>\n<p>A cerim\u00f4nia do Casamento Coletivo LGBT de Salvador acontecer\u00e1 no audit\u00f3rio Raul Chaves da Faculdade de Direito da Universidade Federal da Bahia \u2013 UFBA, a partir das 15h. A solenidade conta tamb\u00e9m com o apoio e a colabora\u00e7\u00e3o da Associa\u00e7\u00e3o Nacional dos Registradores de Pessoas Naturais e a Corregedoria Geral do Tribunal de Justi\u00e7a.<\/p>\n<p>Para a defensora p\u00fablica e coordenadora da Especializada de Direitos Humanos, L\u00edvia Almeida, o enlace coletivo representa uma a\u00e7\u00e3o afirmativa da Defensoria em favor \u201cdo respeito, da representatividade, da igualdade, da n\u00e3o discrimina\u00e7\u00e3o, do afeto, da identidade e da concretiza\u00e7\u00e3o de direitos civis e humanos para todos os grupos sociais\u201d.<\/p>\n<p>Desde 2011, o Supremo Tribunal Federal reconheceu o direito de uni\u00e3o est\u00e1vel entre casais do mesmo sexo com base na Constitui\u00e7\u00e3o Federal, que n\u00e3o faz distin\u00e7\u00e3o entre fam\u00edlia f\u00e1tica e formalmente constitu\u00edda, assim como n\u00e3o distingue fam\u00edlia heterossexual de homoafetiva.<\/p>\n<p>Ap\u00f3s esta decis\u00e3o da corte, o Direito avan\u00e7ou e reconheceu ainda a possibilidade do casamento homoafetivo. O casamento garante v\u00e1rios direitos aos c\u00f4njuges como inclus\u00e3o do c\u00f4njuge\/companheiro em planos de sa\u00fade, a possibilidade de ado\u00e7\u00e3o bilateral, garantias previdenci\u00e1rias, entre outras.<\/p>\n<p>SERVI\u00c7O:<br \/>\nO qu\u00ea: Casamento Coletivo LGBT<br \/>\nQuando: dia 2 de agosto (sexta-feira), a partir das 15h.<br \/>\nOnde: Audit\u00f3rio Raul Chaves da Faculdade de Direito da Universidade Federal da Bahia \u2013 Rua da Paz, s\/n, Gra\u00e7a, Salvador<\/p>\n","protected":false},"excerpt":{"rendered":"<p>Doze casais LGBT trocar\u00e3o alian\u00e7as em casamento coletivo nesta sexta-feira (2) em Salvador. A a\u00e7\u00e3o \u00e9 realizada por uma iniciativa da Defensoria P\u00fablica do Estado da [&hellip;]<\/p>\n","protected":false},"author":1,"featured_media":0,"comment_status":"open","ping_status":"open","sticky":false,"template":"","format":"image","meta":{"footnotes":""},"categories":[80,9],"tags":[],"class_list":["post-19840","post","type-post","status-publish","format-image","hentry","category-home","category-me-orgulho","post_format-post-format-image"],"_links":{"self":[{"href":"https:\/\/blogs.correio24horas.com.br\/mesalte\/wp-json\/wp\/v2\/posts\/19840","targetHints":{"allow":["GET"]}}],"collection":[{"href":"https:\/\/blogs.correio24horas.com.br\/mesalte\/wp-json\/wp\/v2\/posts"}],"about":[{"href":"https:\/\/blogs.correio24horas.com.br\/mesalte\/wp-json\/wp\/v2\/types\/post"}],"author":[{"embeddable":true,"href":"https:\/\/blogs.correio24horas.com.br\/mesalte\/wp-json\/wp\/v2\/users\/1"}],"replies":[{"embeddable":true,"href":"https:\/\/blogs.correio24horas.com.br\/mesalte\/wp-json\/wp\/v2\/comments?post=19840"}],"version-history":[{"count":1,"href":"https:\/\/blogs.correio24horas.com.br\/mesalte\/wp-json\/wp\/v2\/posts\/19840\/revisions"}],"predecessor-version":[{"id":19841,"href":"https:\/\/blogs.correio24horas.com.br\/mesalte\/wp-json\/wp\/v2\/posts\/19840\/revisions\/19841"}],"wp:attachment":[{"href":"https:\/\/blogs.correio24horas.com.br\/mesalte\/wp-json\/wp\/v2\/media?parent=19840"}],"wp:term":[{"taxonomy":"category","embeddable":true,"href":"https:\/\/blogs.correio24horas.com.br\/mesalte\/wp-json\/wp\/v2\/categories?post=19840"},{"taxonomy":"post_tag","embeddable":true,"href":"https:\/\/blogs.correio24horas.com.br\/mesalte\/wp-json\/wp\/v2\/tags?post=19840"}],"curies":[{"name":"wp","href":"https:\/\/api.w.org\/{rel}","templated":true}]}}