{"id":19837,"date":"2019-07-31T08:22:13","date_gmt":"2019-07-31T11:22:13","guid":{"rendered":"http:\/\/blogs.correio24horas.com.br\/mesalte\/?p=19837"},"modified":"2019-07-31T08:22:13","modified_gmt":"2019-07-31T11:22:13","slug":"leo-cavalcanti-faz-show-no-teatro-do-goethe-institut-salvador","status":"publish","type":"post","link":"https:\/\/blogs.correio24horas.com.br\/mesalte\/leo-cavalcanti-faz-show-no-teatro-do-goethe-institut-salvador\/","title":{"rendered":"Leo Cavalcanti faz show no Teatro do Goethe-Institut Salvador"},"content":{"rendered":"<p><span style=\"font-weight: 400;\">O cantor Leo Cavalcanti voltar\u00e1 a se apresentar em Salvador em agosto. Aquecendo os tambores do novo \u00e1lbum, j\u00e1 em fase de produ\u00e7\u00e3o, o cantor, compositor e produtor musical paulistano leva o novo show para o Teatro do Goethe-Institut Salvador, no Corredor da Vit\u00f3ria neste s\u00e1bado (03). Os ingressos custam R$30 (inteira) e R$15 (meia-entrada), e podem ser comprados antecipadamente no link https:\/\/tinyurl.com\/yyerwgn8 ou no dia do show na bilheteria do local. O show come\u00e7a \u00e0s 21h, com classifica\u00e7\u00e3o livre.<\/span><\/p>\n<p><span style=\"font-weight: 400;\">Para o show na capital baiana, al\u00e9m de levar algumas das can\u00e7\u00f5es presentes no novo projeto, o cantor apresenta no show intimista releituras de m\u00fasicas dos discos \u201cReligar\u201d (2010) e \u201cDespertador\u201d (2014), al\u00e9m de can\u00e7\u00f5es de outros autores, munido de sua voz, viol\u00e3o, percuss\u00f5es, batidas e programa\u00e7\u00f5es eletr\u00f4nicas. \u00c9 o exemplo do mais recente single \u201cAinda Aqui Sonhando\u201d, que em maio deste ano entrou na trilha sonora da novela \u201c\u00d3rf\u00e3os da Terra\u201d, da Globo.\u00a0<\/span><\/p>\n<p><span style=\"font-weight: 400;\">Show de <\/span><span style=\"font-weight: 400;\">Leo Cavalcanti<br \/>\n<\/span><span style=\"font-weight: 400;\">Local: <\/span><span style=\"font-weight: 400;\">\u00a0Teatro do Goethe-Institut Salvador (Av. Sete de Setembro, 1809 &#8211; Vit\u00f3ria)<br \/>\n<\/span><span style=\"font-weight: 400;\">Data:\u00a0 3 de agosto<br \/>\n<\/span><span style=\"font-weight: 400;\">Hor\u00e1rio: <\/span><span style=\"font-weight: 400;\">21<br \/>\n<\/span><span style=\"font-weight: 400;\">Pre\u00e7o:\u00a0 <\/span><span style=\"font-weight: 400;\">\u00a0R$30 (inteira) \/ R$15 (meia-entrada)<\/span><\/p>\n","protected":false},"excerpt":{"rendered":"<p>O cantor Leo Cavalcanti voltar\u00e1 a se apresentar em Salvador em agosto. Aquecendo os tambores do novo \u00e1lbum, j\u00e1 em fase de produ\u00e7\u00e3o, o cantor, compositor [&hellip;]<\/p>\n","protected":false},"author":1,"featured_media":19838,"comment_status":"open","ping_status":"open","sticky":false,"template":"","format":"image","meta":{"footnotes":""},"categories":[80,16],"tags":[],"class_list":["post-19837","post","type-post","status-publish","format-image","has-post-thumbnail","hentry","category-home","category-me-jogo","post_format-post-format-image"],"_links":{"self":[{"href":"https:\/\/blogs.correio24horas.com.br\/mesalte\/wp-json\/wp\/v2\/posts\/19837","targetHints":{"allow":["GET"]}}],"collection":[{"href":"https:\/\/blogs.correio24horas.com.br\/mesalte\/wp-json\/wp\/v2\/posts"}],"about":[{"href":"https:\/\/blogs.correio24horas.com.br\/mesalte\/wp-json\/wp\/v2\/types\/post"}],"author":[{"embeddable":true,"href":"https:\/\/blogs.correio24horas.com.br\/mesalte\/wp-json\/wp\/v2\/users\/1"}],"replies":[{"embeddable":true,"href":"https:\/\/blogs.correio24horas.com.br\/mesalte\/wp-json\/wp\/v2\/comments?post=19837"}],"version-history":[{"count":1,"href":"https:\/\/blogs.correio24horas.com.br\/mesalte\/wp-json\/wp\/v2\/posts\/19837\/revisions"}],"predecessor-version":[{"id":19839,"href":"https:\/\/blogs.correio24horas.com.br\/mesalte\/wp-json\/wp\/v2\/posts\/19837\/revisions\/19839"}],"wp:featuredmedia":[{"embeddable":true,"href":"https:\/\/blogs.correio24horas.com.br\/mesalte\/wp-json\/wp\/v2\/media\/19838"}],"wp:attachment":[{"href":"https:\/\/blogs.correio24horas.com.br\/mesalte\/wp-json\/wp\/v2\/media?parent=19837"}],"wp:term":[{"taxonomy":"category","embeddable":true,"href":"https:\/\/blogs.correio24horas.com.br\/mesalte\/wp-json\/wp\/v2\/categories?post=19837"},{"taxonomy":"post_tag","embeddable":true,"href":"https:\/\/blogs.correio24horas.com.br\/mesalte\/wp-json\/wp\/v2\/tags?post=19837"}],"curies":[{"name":"wp","href":"https:\/\/api.w.org\/{rel}","templated":true}]}}