{"id":19834,"date":"2019-07-31T08:20:16","date_gmt":"2019-07-31T11:20:16","guid":{"rendered":"http:\/\/blogs.correio24horas.com.br\/mesalte\/?p=19834"},"modified":"2019-07-31T08:20:16","modified_gmt":"2019-07-31T11:20:16","slug":"bruna-barreto-e-convidada-do-espetaculo-cabare-vibratil","status":"publish","type":"post","link":"https:\/\/blogs.correio24horas.com.br\/mesalte\/bruna-barreto-e-convidada-do-espetaculo-cabare-vibratil\/","title":{"rendered":"Bruna Barreto \u00e9 convidada do espet\u00e1culo Cabar\u00e9 Vibr\u00e1til"},"content":{"rendered":"<p>A cantora Bruna Barreto &#8211; ex-The Voice Brasil &#8211; ser\u00e1 a convidada especial da com\u00e9dia musical Cabar\u00e9 Vibr\u00e1til, espet\u00e1culo d&#8217;ATeli\u00ea voadOR, nesta sexta-feira (02) no Cabar\u00e9 dos Novos, no Teatro Vila Velha. O espet\u00e1culo \u00e9 comandado pelos atores-cantores Duda Woyda, Leandro Villa e Talis Castro, que distribuem bebidas e beijos aos espectadores que acertam um jogo de adivinha\u00e7\u00e3o.<\/p>\n<p>Acompanhados da banda feminina Coral, composta por Roberta Dantas, Poliana Coelho, Lu\u00edsa Santos, Ingrid Steinhagen e Maira Lins, os tr\u00eas artistas executam ao vivo m\u00fasicas do cancioneiro queer &#8211; algumas m\u00fasicas e textos do espet\u00e1culo foram extra\u00eddos do Almanak Caralhal, de 1881, que ganharam arranjos de Roberta Dantas.<\/p>\n<p>Cabar\u00e9 Vibr\u00e1til \u00e9 uma pe\u00e7a-festa, um ponto de encontro para cantar, dan\u00e7ar e pensar um pouco a respeito da diversidade e da sexualidade e celebrar o Cabar\u00e9 dos Novos como um espa\u00e7o festivo de encontros com boa dose de sedu\u00e7\u00e3o e erotismo. Uma curiosidade, para quem gosta de beber uma boa cerveja, o bar do Cabar\u00e9 dos Novos fica aberto durante o espet\u00e1culo. Os ingressos custam R$30 (inteira) e R$15 (meia) e podem ser adquiridos pelo site www.ingressorapido.com.br.<\/p>\n<p><strong>Servi\u00e7o<\/strong><br \/>\nBruna Barreto \u00e9 convidada do espet\u00e1culo Cabar\u00e9 Vibr\u00e1til<br \/>\nLocal: Cabar\u00e9 dos Novos, no Teatro Vila Velha.<br \/>\nData: 2 de agosto<br \/>\nHor\u00e1rio: 22h<br \/>\nPre\u00e7o: R$30 (inteira) e R$15 (meia)<\/p>\n","protected":false},"excerpt":{"rendered":"<p>A cantora Bruna Barreto &#8211; ex-The Voice Brasil &#8211; ser\u00e1 a convidada especial da com\u00e9dia musical Cabar\u00e9 Vibr\u00e1til, espet\u00e1culo d&#8217;ATeli\u00ea voadOR, nesta sexta-feira (02) no Cabar\u00e9 [&hellip;]<\/p>\n","protected":false},"author":1,"featured_media":19835,"comment_status":"open","ping_status":"open","sticky":false,"template":"","format":"image","meta":{"footnotes":""},"categories":[80,16],"tags":[],"class_list":["post-19834","post","type-post","status-publish","format-image","has-post-thumbnail","hentry","category-home","category-me-jogo","post_format-post-format-image"],"_links":{"self":[{"href":"https:\/\/blogs.correio24horas.com.br\/mesalte\/wp-json\/wp\/v2\/posts\/19834","targetHints":{"allow":["GET"]}}],"collection":[{"href":"https:\/\/blogs.correio24horas.com.br\/mesalte\/wp-json\/wp\/v2\/posts"}],"about":[{"href":"https:\/\/blogs.correio24horas.com.br\/mesalte\/wp-json\/wp\/v2\/types\/post"}],"author":[{"embeddable":true,"href":"https:\/\/blogs.correio24horas.com.br\/mesalte\/wp-json\/wp\/v2\/users\/1"}],"replies":[{"embeddable":true,"href":"https:\/\/blogs.correio24horas.com.br\/mesalte\/wp-json\/wp\/v2\/comments?post=19834"}],"version-history":[{"count":1,"href":"https:\/\/blogs.correio24horas.com.br\/mesalte\/wp-json\/wp\/v2\/posts\/19834\/revisions"}],"predecessor-version":[{"id":19836,"href":"https:\/\/blogs.correio24horas.com.br\/mesalte\/wp-json\/wp\/v2\/posts\/19834\/revisions\/19836"}],"wp:featuredmedia":[{"embeddable":true,"href":"https:\/\/blogs.correio24horas.com.br\/mesalte\/wp-json\/wp\/v2\/media\/19835"}],"wp:attachment":[{"href":"https:\/\/blogs.correio24horas.com.br\/mesalte\/wp-json\/wp\/v2\/media?parent=19834"}],"wp:term":[{"taxonomy":"category","embeddable":true,"href":"https:\/\/blogs.correio24horas.com.br\/mesalte\/wp-json\/wp\/v2\/categories?post=19834"},{"taxonomy":"post_tag","embeddable":true,"href":"https:\/\/blogs.correio24horas.com.br\/mesalte\/wp-json\/wp\/v2\/tags?post=19834"}],"curies":[{"name":"wp","href":"https:\/\/api.w.org\/{rel}","templated":true}]}}