{"id":19829,"date":"2019-07-30T13:01:13","date_gmt":"2019-07-30T16:01:13","guid":{"rendered":"http:\/\/blogs.correio24horas.com.br\/mesalte\/?p=19829"},"modified":"2019-08-08T07:10:13","modified_gmt":"2019-08-08T10:10:13","slug":"documentario-balizando-2-de-julho-homenageia-comunidade-lgbtqi","status":"publish","type":"post","link":"https:\/\/blogs.correio24horas.com.br\/mesalte\/documentario-balizando-2-de-julho-homenageia-comunidade-lgbtqi\/","title":{"rendered":"Document\u00e1rio Balizando 2 de Julho homenageia comunidade LGBTQI+"},"content":{"rendered":"<p>Nas comemora\u00e7\u00f5es do 2 de Julho, pela independ\u00eancia da Bahia, destacam-se as fanfarras e, na frente delas, est\u00e3o as balizas, que ajudam a conduzir as bandas no desfile. O document\u00e1rio Balizando 2 de Julho, que ser\u00e1 exibido\u00a0nesta quarta-feira (31)\u00a0no Espa\u00e7o Cultural da Barroquinha, homenageia a comunidade LGBT, representada no filme por balizas e balizadores gays e transexuais.<\/p>\n<p>\u201c\u00c9 um momento marcante para mostrar a todos, com orgulho e simpatia, o trabalho realizado durante todo o ano. \u00c9 um momento em que cada banda chega para brilhar\u201d, diz Fab\u00edola Aquino, que assina dire\u00e7\u00e3o e roteiro do filme com M\u00e1rcio Lima.<\/p>\n<p>Balizando 2 de Julho acompanha a trajet\u00f3ria de Diana Souza, uma baliza trans, e Gabriel Vilasboas, um balizador gay. Durante os ensaios, escolha de figurino e cria\u00e7\u00e3o de coreografia, eles revelam uma realidade cercada de preconceito e obst\u00e1culos como a dif\u00edcil rela\u00e7\u00e3o com o mercado de trabalho, a aceita\u00e7\u00e3o da orienta\u00e7\u00e3o sexual e identidade de g\u00eanero e a rela\u00e7\u00e3o com familiares e comunidade.<\/p>\n<p>&nbsp;<\/p>\n<p>Ficha t\u00e9cnica<\/p>\n<p>Dire\u00e7\u00e3o, Coroteiro e Produ\u00e7\u00e3o Executiva: Fab\u00edola Aquino,<br \/>\nRoteiro, Codire\u00e7\u00e3o e Dire\u00e7\u00e3o de Produ\u00e7\u00e3o: M\u00e1rcio Lima<br \/>\nDire\u00e7\u00e3o de Fotografia e Cinegrafista: Rick Caldas<br \/>\nCinegrafista: Leonardo Martins<br \/>\nSom direto: Pedro Garcia e Victor Brasileiro<br \/>\nAssistente de som: La\u00edsa E\u00e7a<br \/>\nProdu\u00e7\u00e3o: Renata Almeida<br \/>\nAssistente de produ\u00e7\u00e3o: Felipe Martins<br \/>\nOperador de drone: Gustavo Costa Pinto<br \/>\nEdi\u00e7\u00e3o: Rick Caldas<br \/>\nComposi\u00e7\u00e3o original: Chico Gomes<\/p>\n<p><strong>Servi\u00e7o<\/strong><br \/>\nO que: Lan\u00e7amento do document\u00e1rio Balizando 2 de Julho<br \/>\nQuando: 31 de julho de 2019<br \/>\nHor\u00e1rio: 19 horas<br \/>\nOnde: Espa\u00e7o Cultural da Barroquinha (Rua do Couro, s\/ n \u2013 Barroquinha).<\/p>\n","protected":false},"excerpt":{"rendered":"<p>Nas comemora\u00e7\u00f5es do 2 de Julho, pela independ\u00eancia da Bahia, destacam-se as fanfarras e, na frente delas, est\u00e3o as balizas, que ajudam a conduzir as bandas [&hellip;]<\/p>\n","protected":false},"author":1,"featured_media":19831,"comment_status":"open","ping_status":"open","sticky":false,"template":"","format":"image","meta":{"footnotes":""},"categories":[80,9],"tags":[],"class_list":["post-19829","post","type-post","status-publish","format-image","has-post-thumbnail","hentry","category-home","category-me-orgulho","post_format-post-format-image"],"_links":{"self":[{"href":"https:\/\/blogs.correio24horas.com.br\/mesalte\/wp-json\/wp\/v2\/posts\/19829","targetHints":{"allow":["GET"]}}],"collection":[{"href":"https:\/\/blogs.correio24horas.com.br\/mesalte\/wp-json\/wp\/v2\/posts"}],"about":[{"href":"https:\/\/blogs.correio24horas.com.br\/mesalte\/wp-json\/wp\/v2\/types\/post"}],"author":[{"embeddable":true,"href":"https:\/\/blogs.correio24horas.com.br\/mesalte\/wp-json\/wp\/v2\/users\/1"}],"replies":[{"embeddable":true,"href":"https:\/\/blogs.correio24horas.com.br\/mesalte\/wp-json\/wp\/v2\/comments?post=19829"}],"version-history":[{"count":4,"href":"https:\/\/blogs.correio24horas.com.br\/mesalte\/wp-json\/wp\/v2\/posts\/19829\/revisions"}],"predecessor-version":[{"id":19882,"href":"https:\/\/blogs.correio24horas.com.br\/mesalte\/wp-json\/wp\/v2\/posts\/19829\/revisions\/19882"}],"wp:featuredmedia":[{"embeddable":true,"href":"https:\/\/blogs.correio24horas.com.br\/mesalte\/wp-json\/wp\/v2\/media\/19831"}],"wp:attachment":[{"href":"https:\/\/blogs.correio24horas.com.br\/mesalte\/wp-json\/wp\/v2\/media?parent=19829"}],"wp:term":[{"taxonomy":"category","embeddable":true,"href":"https:\/\/blogs.correio24horas.com.br\/mesalte\/wp-json\/wp\/v2\/categories?post=19829"},{"taxonomy":"post_tag","embeddable":true,"href":"https:\/\/blogs.correio24horas.com.br\/mesalte\/wp-json\/wp\/v2\/tags?post=19829"}],"curies":[{"name":"wp","href":"https:\/\/api.w.org\/{rel}","templated":true}]}}