{"id":19825,"date":"2019-07-30T11:02:48","date_gmt":"2019-07-30T14:02:48","guid":{"rendered":"http:\/\/blogs.correio24horas.com.br\/mesalte\/?p=19825"},"modified":"2019-07-30T11:02:48","modified_gmt":"2019-07-30T14:02:48","slug":"clarice-falcao-fara-apresentacao-em-salvador-dia-13-de-setembro","status":"publish","type":"post","link":"https:\/\/blogs.correio24horas.com.br\/mesalte\/clarice-falcao-fara-apresentacao-em-salvador-dia-13-de-setembro\/","title":{"rendered":"Clarice Falc\u00e3o far\u00e1 apresenta\u00e7\u00e3o em Salvador dia 13 de setembro"},"content":{"rendered":"<p>A cantora, compositora e atriz Clarice Falc\u00e3o traz para Salvador no dia 13 de setembro (sexta-feira) o show de lan\u00e7amento de seu terceiro \u00e1lbum, \u201cTem Conserto\u201d. A cantora sobe ao palco do Teatro Castro Alves, \u00e0s 21h, acompanhada pelo produtor Lucas de Paiva (synths e programa\u00e7\u00e3o) e pelos m\u00fasicos Erica Alves e Gabriel Guerra (synths). Os ingressos para o show est\u00e3o \u00e0 venda na bilheteria do teatro, no SAC dos Shoppings Barra e Bela Vista e atrav\u00e9s do site Ingresso R\u00e1pido.<\/p>\n<p>\u201cTem Conserto\u201d \u00e9 o terceiro \u00e1lbum de est\u00fadio da cantora e compositora Clarice Falc\u00e3o. Produzido por Lucas de Paiva (Alice Caymmi, Mahmundi, Silva), o disco traz nove faixas in\u00e9ditas que exibem uma artista motivada pela pr\u00f3pria vulnerabilidade e enfim confort\u00e1vel em explorar algumas das quest\u00f5es mais profundas sobre ela mesma.<\/p>\n<p>SERVI\u00c7O<\/p>\n<p>O que: Clarice Falc\u00e3o \u201cEm Conserto\u201d<\/p>\n<p>Quando: 13 de setembro (sexta-feira)<\/p>\n<p>Hora: 21h<\/p>\n<p>Onde: Teatro Castro Alves<\/p>\n<p>Valor: A \u2013 Y R$ 80,00 inteira e R$ 40 meia<\/p>\n<p>Z \u2013 Z11 R$ 60 inteira e R$ 30 meia<\/p>\n<p>Vendas: Bilheteria do teatro, SAC dos Shoppings Barra e Bela Vista ou atrav\u00e9s do site Ingresso R\u00e1pido.<\/p>\n<p>Informa\u00e7\u00f5es: 3014-1209<\/p>\n<p>Classifica\u00e7\u00e3o: 14 anos<\/p>\n","protected":false},"excerpt":{"rendered":"<p>A cantora, compositora e atriz Clarice Falc\u00e3o traz para Salvador no dia 13 de setembro (sexta-feira) o show de lan\u00e7amento de seu terceiro \u00e1lbum, \u201cTem Conserto\u201d. [&hellip;]<\/p>\n","protected":false},"author":1,"featured_media":19826,"comment_status":"open","ping_status":"open","sticky":false,"template":"","format":"image","meta":{"footnotes":""},"categories":[80,16],"tags":[],"class_list":["post-19825","post","type-post","status-publish","format-image","has-post-thumbnail","hentry","category-home","category-me-jogo","post_format-post-format-image"],"_links":{"self":[{"href":"https:\/\/blogs.correio24horas.com.br\/mesalte\/wp-json\/wp\/v2\/posts\/19825","targetHints":{"allow":["GET"]}}],"collection":[{"href":"https:\/\/blogs.correio24horas.com.br\/mesalte\/wp-json\/wp\/v2\/posts"}],"about":[{"href":"https:\/\/blogs.correio24horas.com.br\/mesalte\/wp-json\/wp\/v2\/types\/post"}],"author":[{"embeddable":true,"href":"https:\/\/blogs.correio24horas.com.br\/mesalte\/wp-json\/wp\/v2\/users\/1"}],"replies":[{"embeddable":true,"href":"https:\/\/blogs.correio24horas.com.br\/mesalte\/wp-json\/wp\/v2\/comments?post=19825"}],"version-history":[{"count":2,"href":"https:\/\/blogs.correio24horas.com.br\/mesalte\/wp-json\/wp\/v2\/posts\/19825\/revisions"}],"predecessor-version":[{"id":19828,"href":"https:\/\/blogs.correio24horas.com.br\/mesalte\/wp-json\/wp\/v2\/posts\/19825\/revisions\/19828"}],"wp:featuredmedia":[{"embeddable":true,"href":"https:\/\/blogs.correio24horas.com.br\/mesalte\/wp-json\/wp\/v2\/media\/19826"}],"wp:attachment":[{"href":"https:\/\/blogs.correio24horas.com.br\/mesalte\/wp-json\/wp\/v2\/media?parent=19825"}],"wp:term":[{"taxonomy":"category","embeddable":true,"href":"https:\/\/blogs.correio24horas.com.br\/mesalte\/wp-json\/wp\/v2\/categories?post=19825"},{"taxonomy":"post_tag","embeddable":true,"href":"https:\/\/blogs.correio24horas.com.br\/mesalte\/wp-json\/wp\/v2\/tags?post=19825"}],"curies":[{"name":"wp","href":"https:\/\/api.w.org\/{rel}","templated":true}]}}