{"id":19629,"date":"2019-06-30T19:15:54","date_gmt":"2019-06-30T22:15:54","guid":{"rendered":"http:\/\/blogs.correio24horas.com.br\/mesalte\/?p=19629"},"modified":"2019-06-30T19:25:51","modified_gmt":"2019-06-30T22:25:51","slug":"em-recife-padre-pede-que-fieis-assinem-abaixo-assinado-contra-criminalizacao-da-homofobia","status":"publish","type":"post","link":"https:\/\/blogs.correio24horas.com.br\/mesalte\/em-recife-padre-pede-que-fieis-assinem-abaixo-assinado-contra-criminalizacao-da-homofobia\/","title":{"rendered":"Em Recife, padre pede que fi\u00e9is assinem abaixo-assinado contra criminaliza\u00e7\u00e3o da homofobia"},"content":{"rendered":"<p><em><a href=\"https:\/\/jconline.ne10.uol.com.br\/canal\/cidades\/geral\/noticia\/2019\/06\/30\/no-recife-padre-pede-que-fieis-assinem-abaixo-assinado-contra-criminalizacao-da-homofobia-382076.php\" target=\"_blank\">JC Online<\/a>, para a Rede Nordeste\u00a0<\/em><\/p>\n<p>Durante a missa deste domingo (30) em uma capela no bairro da V\u00e1rzea, Zona Oeste do Recife, um padre solicitou que os fi\u00e9is, que assistiam a celebra\u00e7\u00e3o, assinassem um abaixo-assinado que pressiona o Senado Federal a aprovar um Projeto de Decreto Legislativo (PDL) que limita a decis\u00e3o recente do Supremo Tribunal Federal (STF) de enquadrar a homofobia como um crime de racismo. A reportagem do Jornal do Commercio acompanhava a missa, presenciou o momento e gravou alguns trechos da fala do religioso.<\/p>\n<p>O pedido foi feito pelo padre Rodrigo Alves de Oliveira Arruda, que presidiu a celebra\u00e7\u00e3o eucar\u00edstica na capela de S\u00e3o Jo\u00e3o Batista na manh\u00e3 deste domingo. O religioso se dirigiu ao p\u00fablico para tratar sobre o assunto ap\u00f3s a comunh\u00e3o e antes da b\u00ean\u00e7\u00e3o final, portanto, ainda durante a missa. De acordo com Rodrigo, o STF errou ao decidir incluir a homofobia no crime de racismo e disse que os ministros agiram com ativismo judicial. \u201cIsso \u00e9 uma morda\u00e7a. Voc\u00ea n\u00e3o pode ter a express\u00e3o de teor religioso, cient\u00edfico, contr\u00e1rio ao que essas pessoas pensam\u201d, disse o padre em trecho da fala gravada pela reportagem.<\/p>\n<p>Durante a prega\u00e7\u00e3o, o religioso se mostrou preocupado com a possibilidade de um acusado de homofobia ser preso. \u201cJ\u00e1 pode acusar o outro de crime e outro ser preso, perante a lei de pris\u00e3o\u201d, argumentou Rodrigo. O padre disse ainda que somente um m\u00e9dico pode definir quem \u00e9 homof\u00f3bico. \u201cFobia \u00e9 doen\u00e7a. Uma doen\u00e7a s\u00f3 pode ser diagnosticada por quem tem compet\u00eancia, como m\u00e9dico. Ent\u00e3o, significa dizer que voc\u00ea pode sair taxando qualquer pessoa de doente, de se ter uma fobia\u201d, afirmou Rodrigo, que \u00e9 vig\u00e1rio da Par\u00f3quia de Nossa Senhora do Ros\u00e1rio, na V\u00e1rzea.<\/p>\n<p>Em um trecho do discurso que n\u00e3o foi gravado pelo JC, o padre disse tamb\u00e9m que o STF legislou e que isto n\u00e3o poderia acontecer. Momentos antes, durante a homilia (per\u00edodo em que o padre deve repercutir as leituras b\u00edblicas), ao falar sobre a persegui\u00e7\u00e3o que alguns crist\u00e3os sofrem, o padre disse que este tipo de assunto n\u00e3o era vista na TV, porque, de acordo com ele, \u201ca TV s\u00f3 mostra crimes criados por motivos ideol\u00f3gicos\u201d.<\/p>\n<p>Ao fim da missa, o padre indicou que as assinaturas em apoio ao PDL poderiam ser colhidas na frente da capela. \u201cN\u00e3o podemos ficar passivos diante disso. Ent\u00e3o, quem quiser pode ir l\u00e1, ali na frente, vai estar este abaixo-assinado para n\u00f3s fazermos alguma coisa\u201d, concluiu Rodrigo. Ap\u00f3s a b\u00ean\u00e7\u00e3o final, a reportagem do JC foi at\u00e9 o local apontado pelo padre e constatou que uma senhora do movimento \u201cApostolado da Ora\u00e7\u00e3o\u201d colhia as assinaturas de uma fila que foi formada na porta principal da capela.<\/p>\n<p><strong>Abaixo-assinado<\/strong><br \/>\nO abaixo-assinado foi intitulado \u201cN\u00e3o \u00e0 Criminaliza\u00e7\u00e3o do Bom Senso &#8211; Senadores aprovem o PDL 409\/19\u201d. O texto de apresenta\u00e7\u00e3o pede que os \u201csenadores aprovem o PDL 409\/19 do senador Marcos Rog\u00e9rio (DEM\/RO), o qual susta os efeitos das recentes e absurdas decis\u00f5es inconstitucionais do Supremo Tribunal Federal\u201d. A reportagem apurou, no entanto, que h\u00e1 inconsist\u00eancias no pedido. O PDL 409\/19 versa sobre a aprova\u00e7\u00e3o da autoriza\u00e7\u00e3o de uma associa\u00e7\u00e3o de r\u00e1dio comunit\u00e1ria de exercer atividades no Munic\u00edpio de Jaru, no Estado de Rond\u00f4nia.<\/p>\n<p>O PDL do senador Marcos Rog\u00e9rio, que solicita a suspens\u00e3o da decis\u00e3o do STF \u00e9, na verdade, o de n\u00famero 401\/19. No site do Senado, consta ainda que a mat\u00e9ria foi retirada pelo pr\u00f3prio senador e arquivada no \u00faltimo dia 18 deste m\u00eas de junho.<\/p>\n<p>Mesmo com a proposta arquivada h\u00e1 quase duas semanas, a coleta das assinaturas foi feita neste domingo. Ainda conforme o texto de apresenta\u00e7\u00e3o do abaixo-assinado, as recentes decis\u00f5es do STF s\u00e3o \u201cinconstitucionais\u201d e \u201cpretendem impor ilegitimamente \u00e0 popula\u00e7\u00e3o brasileira uma criminaliza\u00e7\u00e3o injusta e indevida\u201d.<\/p>\n<p>O texto afirma tamb\u00e9m que o Supremo realizou uma \u201cpr\u00e1tica reprov\u00e1vel de ativismo judicial\u201d e segue dizendo que \u201co STF usurpando a vontade popular, representada pelos parlamentares eleitos, e, ultrapassando os limites de sua compet\u00eancia constitucional, tornou-se instrumento de interesses escusos, em desacordo com a opini\u00e3o da imensa maioria do povo brasileiro\u201d.<\/p>\n<p>O documento questiona os dados de crimes contra a comunidade LGBT (composta por l\u00e9sbicas, gays, bissexuais, travestis, transexuais e transg\u00eaneros), afirmando que n\u00e3o existe uma \u201cepidemia de mortes violentas por \u2018homofobia\u2019 no Brasil\u201d. \u201cNem quaisquer outros comportamentos que justifiquem tratar como criminosos profissionais de sa\u00fade (m\u00e9dicos, psic\u00f3logos etc.), religiosos (Bispos, padres, pastores, etc.) e cidad\u00e3os comuns, pela express\u00e3o de sua opini\u00e3o sobre valores religiosos crist\u00e3os, opini\u00f5es cient\u00edficas ou simples bom senso\u201d, finaliza.<\/p>\n<p>No momento em que o JC teve acesso ao abaixo-assinado, seis pessoas j\u00e1 haviam deixado seus nomes e n\u00fameros de identifica\u00e7\u00e3o pessoal no documento. A reportagem n\u00e3o sabe quantas pessoas assinaram, no total, o pedido e nem se o padre Rodrigo Alves de Oliveira Arruda tamb\u00e9m assinou.<\/p>\n<p><strong>Resposta<\/strong><br \/>\nO Jornal do Commercio entrou em contato com a assessoria de imprensa da Arquidiocese de Olinda e Recife (AOR) para saber se o padre Rodrigo pediu autoriza\u00e7\u00e3o para colher as assinaturas dos fi\u00e9is dentro da igreja. Em mensagem enviada pelo WhatsApp, a assessoria respondeu que \u201co vig\u00e1rio geral da AOR (padre Luciano Brito) disse que o padre Rodrigo fala em nome de si pr\u00f3prio e n\u00e3o da Arquidiocese\u201d. A nota tamb\u00e9m sugere que o padre Rodrigo seja procurado para que ele possa falar sobre o assunto e n\u00e3o esclarece se a Arquidiocese recebeu algum tipo de pedido de autoriza\u00e7\u00e3o para a coleta das assinaturas. A reportagem n\u00e3o conseguiu contato com o padre Rodrigo. O JC tamb\u00e9m contactou a Confer\u00eancia Nacional dos Bispos do Brasil 2 (CNBB), que limitou-se a dizer que &#8220;casos pontuais devem ser tratados com o ordin\u00e1rio local&#8221;.<\/p>\n<p><strong>Confira o texto de apresenta\u00e7\u00e3o do abaixo-assinado:<\/strong><br \/>\n<strong> N\u00c3O \u00c0 CRIMINALIZA\u00c7\u00c3O DO BOM SENSO &#8211; SENADORES APROVEM O PDL 409\/19<\/strong><\/p>\n<p><em>N\u00f3s, abaixo assinados e qualificados, somos contra toda tentativa de CRIMINALIZA\u00c7\u00c3O DO BOM SENSO e pedimos que os SENADORES APROVEM O PDL 409\/19 do Senador Marcos Rog\u00e9rio (DEM\/RO), o qual SUSTA OS EFEITOS DAS RECENTES E ABSURDAS DECIS\u00d5ES INCONSTITUCIONAIS DO SUPREMO TRIBUNAL FEDERAL (ADO26 e MI4773), que pretendem impor ilegitimamente \u00e0 popula\u00e7\u00e3o brasileira uma criminaliza\u00e7\u00e3o injusta e indevida, equiparando ao crime de racismo, do inexistente fen\u00f4meno social mal chamado de \u201chomofobia\u201d, que determina 03 anos de pris\u00e3o, n\u00e3o prescreve e nem admite fian\u00e7a.<\/em><br \/>\n<em> Numa pr\u00e1tica reprov\u00e1vel de ativismo judicial, onde invadiu a compet\u00eancia privativa do Poder Legislativo, ao qual compete legislar sobre mat\u00e9ria penal e cl\u00e1usulas p\u00e9treas constitucionais, desrespeitando o Estado Democr\u00e1tico de Direito, com a separa\u00e7\u00e3o dos poderes (Legislativo, Executivo e Judici\u00e1rio), o STF usurpando a vontade popular, representada pelos parlamentares eleitos, e, ultrapassando os limites de sua compet\u00eancia constitucional, tornou-se instrumento de interesses escusos, em desacordo com a opini\u00e3o da imensa maioria do povo brasileiro.<\/em><br \/>\n<em> Qualquer pessoa que analise as estat\u00edsticas sabe que n\u00e3o existe uma \u201cepidemia de mortes violentas por \u2018homofobia\u2019 no Brasil\u201d, nem quaisquer outros comportamentos que justifiquem tratar como criminosos profissionais de sa\u00fade (m\u00e9dicos, psic\u00f3logos etc.), religiosos (Bispos, padres, pastores, etc.) e cidad\u00e3os comuns, pela express\u00e3o de sua opini\u00e3o sobre valores religiosos crist\u00e3os, opini\u00f5es cient\u00edficas ou simples bom senso.<\/em><\/p>\n","protected":false},"excerpt":{"rendered":"<p>JC Online, para a Rede Nordeste\u00a0 Durante a missa deste domingo (30) em uma capela no bairro da V\u00e1rzea, Zona Oeste do Recife, um padre solicitou [&hellip;]<\/p>\n","protected":false},"author":1,"featured_media":19630,"comment_status":"open","ping_status":"open","sticky":false,"template":"","format":"image","meta":{"footnotes":""},"categories":[80,11],"tags":[],"class_list":["post-19629","post","type-post","status-publish","format-image","has-post-thumbnail","hentry","category-home","category-me-informo","post_format-post-format-image"],"_links":{"self":[{"href":"https:\/\/blogs.correio24horas.com.br\/mesalte\/wp-json\/wp\/v2\/posts\/19629","targetHints":{"allow":["GET"]}}],"collection":[{"href":"https:\/\/blogs.correio24horas.com.br\/mesalte\/wp-json\/wp\/v2\/posts"}],"about":[{"href":"https:\/\/blogs.correio24horas.com.br\/mesalte\/wp-json\/wp\/v2\/types\/post"}],"author":[{"embeddable":true,"href":"https:\/\/blogs.correio24horas.com.br\/mesalte\/wp-json\/wp\/v2\/users\/1"}],"replies":[{"embeddable":true,"href":"https:\/\/blogs.correio24horas.com.br\/mesalte\/wp-json\/wp\/v2\/comments?post=19629"}],"version-history":[{"count":1,"href":"https:\/\/blogs.correio24horas.com.br\/mesalte\/wp-json\/wp\/v2\/posts\/19629\/revisions"}],"predecessor-version":[{"id":19631,"href":"https:\/\/blogs.correio24horas.com.br\/mesalte\/wp-json\/wp\/v2\/posts\/19629\/revisions\/19631"}],"wp:featuredmedia":[{"embeddable":true,"href":"https:\/\/blogs.correio24horas.com.br\/mesalte\/wp-json\/wp\/v2\/media\/19630"}],"wp:attachment":[{"href":"https:\/\/blogs.correio24horas.com.br\/mesalte\/wp-json\/wp\/v2\/media?parent=19629"}],"wp:term":[{"taxonomy":"category","embeddable":true,"href":"https:\/\/blogs.correio24horas.com.br\/mesalte\/wp-json\/wp\/v2\/categories?post=19629"},{"taxonomy":"post_tag","embeddable":true,"href":"https:\/\/blogs.correio24horas.com.br\/mesalte\/wp-json\/wp\/v2\/tags?post=19629"}],"curies":[{"name":"wp","href":"https:\/\/api.w.org\/{rel}","templated":true}]}}