{"id":19590,"date":"2019-06-28T12:57:51","date_gmt":"2019-06-28T15:57:51","guid":{"rendered":"http:\/\/blogs.correio24horas.com.br\/mesalte\/?p=19590"},"modified":"2019-06-28T12:57:51","modified_gmt":"2019-06-28T15:57:51","slug":"cervejaria-ambev-convoca-twitaco-em-prol-da-casa1-centro-de-acolhimento-lgbt","status":"publish","type":"post","link":"https:\/\/blogs.correio24horas.com.br\/mesalte\/cervejaria-ambev-convoca-twitaco-em-prol-da-casa1-centro-de-acolhimento-lgbt\/","title":{"rendered":"Cervejaria Ambev convoca twita\u00e7o em prol da Casa1, Centro de Acolhimento LGBT"},"content":{"rendered":"<p>&nbsp;<\/p>\n<p>Nesta sexta-feira, 28, a Cervejaria Ambev (dona de grandes marcas com Skol, Colorado e Bohemia) apresenta sua convoca\u00e7\u00e3o de apoio a diversidade. Intitulado de #OrgulhoDaMinhaHistoria, o movimento tem como objetivo dar voz \u00e0s pessoas, convidando todos a contar no Twitter, por meio da hashtag, um pouco de suas hist\u00f3rias e o orgulho de ser quem s\u00e3o. Para cada tweet publicado usando a hashtag, 1 real ser\u00e1 doado ao Centro de Acolhimento LGBT Casa 1, em S\u00e3o Paulo.<\/p>\n<p>Localizada na regi\u00e3o central da cidade, a Casa 1 \u00e9 uma ONG que presta assist\u00eancia para a comunidade LGBT. O Centro conta com atividades culturais e educativas, al\u00e9m de promover a diversidade cultural, fomentar a produ\u00e7\u00e3o de conhecimento e cultura livre.<\/p>\n<p>Nas redes da Cervejaria Ambev os funcion\u00e1rios da companhia j\u00e1 t\u00eam contado suas hist\u00f3rias.<\/p>\n<p>\u201cEssa convoca\u00e7\u00e3o representa um dos pilares mais importantes da nossa cultura, que \u00e9 o respeito. Al\u00e9m de ampliarmos a voz das pessoas, como j\u00e1 fazemos dentro da Cervejaria, queremos atuar tamb\u00e9m para fora dos nossos muros. Por isso a convoca\u00e7\u00e3o para ajudarmos a Casa 1, institui\u00e7\u00e3o que sempre apoiamos e que nos orgulha pelo trabalho incr\u00edvel que realiza com a comunidade LGBT. A estimativa \u00e9 que cheguemos a 100 mil tweets para a doa\u00e7\u00e3o de 100 mil reais\u201d, afirma G\u00e9ssica Tassi, Gerente de Autenticidade da Cervejaria Ambev.<\/p>\n<p>Esta n\u00e3o \u00e9 a primeira vez que a Cervejaria Ambev investe em campanhas e a\u00e7\u00f5es de apoio \u00e0 diversidade. Entre as iniciativas, est\u00e3o a participa\u00e7\u00e3o no F\u00f3rum de Empresas e Direitos LGBTQ+, no qual assinou 10 compromissos de Diversidade, a cria\u00e7\u00e3o do Comit\u00ea de Autenticidade, com embaixadores regionais em toda as opera\u00e7\u00f5es da companhia pelo pa\u00eds, al\u00e9m de campanhas internas nas datas comemorativas, como Dia do Orgulho LGBT+, e Happy Hours promovendo a intera\u00e7\u00e3o entre os funcion\u00e1rios.<\/p>\n<p>Al\u00e9m disso, a companhia criou o LAGER (Lesbian &amp; Gay &amp; Everyone Respected), grupo composto por funcion\u00e1rios para discutir melhores pr\u00e1ticas e a\u00e7\u00f5es de inclus\u00e3o no ambiente de trabalho.<\/p>\n<p>O movimento #OrgulhoDaMinhaHistoria no Twitter come\u00e7a nesta sexta-feira, 28, e vai at\u00e9 domingo, dia 30.<\/p>\n<p>Ao lado da Casa 1, a Casinha, do Rio de Janeiro, ONG que oferece abrigo e assist\u00eancia na \u00e1rea da sa\u00fade e empregabilidade para a popula\u00e7\u00e3o LGBT, tamb\u00e9m ser\u00e1 beneficiada pelo movimento.<\/p>\n","protected":false},"excerpt":{"rendered":"<p>&nbsp; Nesta sexta-feira, 28, a Cervejaria Ambev (dona de grandes marcas com Skol, Colorado e Bohemia) apresenta sua convoca\u00e7\u00e3o de apoio a diversidade. Intitulado de #OrgulhoDaMinhaHistoria, [&hellip;]<\/p>\n","protected":false},"author":1,"featured_media":0,"comment_status":"open","ping_status":"open","sticky":false,"template":"","format":"image","meta":{"footnotes":""},"categories":[80,9],"tags":[],"class_list":["post-19590","post","type-post","status-publish","format-image","hentry","category-home","category-me-orgulho","post_format-post-format-image"],"_links":{"self":[{"href":"https:\/\/blogs.correio24horas.com.br\/mesalte\/wp-json\/wp\/v2\/posts\/19590","targetHints":{"allow":["GET"]}}],"collection":[{"href":"https:\/\/blogs.correio24horas.com.br\/mesalte\/wp-json\/wp\/v2\/posts"}],"about":[{"href":"https:\/\/blogs.correio24horas.com.br\/mesalte\/wp-json\/wp\/v2\/types\/post"}],"author":[{"embeddable":true,"href":"https:\/\/blogs.correio24horas.com.br\/mesalte\/wp-json\/wp\/v2\/users\/1"}],"replies":[{"embeddable":true,"href":"https:\/\/blogs.correio24horas.com.br\/mesalte\/wp-json\/wp\/v2\/comments?post=19590"}],"version-history":[{"count":1,"href":"https:\/\/blogs.correio24horas.com.br\/mesalte\/wp-json\/wp\/v2\/posts\/19590\/revisions"}],"predecessor-version":[{"id":19591,"href":"https:\/\/blogs.correio24horas.com.br\/mesalte\/wp-json\/wp\/v2\/posts\/19590\/revisions\/19591"}],"wp:attachment":[{"href":"https:\/\/blogs.correio24horas.com.br\/mesalte\/wp-json\/wp\/v2\/media?parent=19590"}],"wp:term":[{"taxonomy":"category","embeddable":true,"href":"https:\/\/blogs.correio24horas.com.br\/mesalte\/wp-json\/wp\/v2\/categories?post=19590"},{"taxonomy":"post_tag","embeddable":true,"href":"https:\/\/blogs.correio24horas.com.br\/mesalte\/wp-json\/wp\/v2\/tags?post=19590"}],"curies":[{"name":"wp","href":"https:\/\/api.w.org\/{rel}","templated":true}]}}