{"id":19586,"date":"2019-06-27T12:54:14","date_gmt":"2019-06-27T15:54:14","guid":{"rendered":"http:\/\/blogs.correio24horas.com.br\/mesalte\/?p=19586"},"modified":"2019-06-27T12:54:14","modified_gmt":"2019-06-27T15:54:14","slug":"principe-william-afirma-nao-ter-problema-caso-seus-filhos-sejam-gays","status":"publish","type":"post","link":"https:\/\/blogs.correio24horas.com.br\/mesalte\/principe-william-afirma-nao-ter-problema-caso-seus-filhos-sejam-gays\/","title":{"rendered":"Pr\u00edncipe William afirma n\u00e3o ter problema caso seus filhos sejam gays"},"content":{"rendered":"<p>Por Jc Online, para Rede Nordeste<\/p>\n<p>&nbsp;<\/p>\n<p>O pr\u00edncipe William, neto da rainha Elizabeth II da Inglaterra, afirmou nesta quarta-feira (26) que &#8220;n\u00e3o teria qualquer problema&#8221;, se um de seus filhos fosse homossexual, mas disse que se preocuparia com a press\u00e3o que ele pudesse sofrer por isso.<\/p>\n<p>William e sua mulher, Kate, t\u00eam tr\u00eas filhos: o pr\u00edncipe George, de cinco anos; a princesa Charlotte, de quatro; e o pr\u00edncipe Louis, que completou um ano em abril.<\/p>\n<p>William, de 37 anos, \u00e9 o segundo na linha sucess\u00f3ria ao trono brit\u00e2nico, depois de seu pai, pr\u00edncipe Charles, de 70 anos. O pequeno George \u00e9 o terceiro.<\/p>\n<p>O pr\u00edncipe fez esses coment\u00e1rios durante uma visita ao Albert Kennedy Trust, uma associa\u00e7\u00e3o LGTB brit\u00e2nica que ajuda jovens exclu\u00eddos, devido \u00e0 sua orienta\u00e7\u00e3o sexual.<\/p>\n<p>Durante o encontro, quando um jovem gay lhe perguntou como reagiria se um de seus filhos fosse homossexual, ele respondeu que &#8220;n\u00e3o teria qualquer problema&#8221; com isso.<\/p>\n<p><strong>Apoio e preconceitos<\/strong><br \/>\n&#8220;Eu s\u00f3 me preocuparia com o modo que, especialmente pelo papel que meus filhos t\u00eam, isso seria visto e interpretado&#8221;, afirmou, garantindo que ele e Kate &#8220;conversaram muito sobre isso&#8221; para ter certeza de que est\u00e3o &#8220;preparados&#8221;.<\/p>\n<p>&#8220;Apoio plenamente qualquer decis\u00e3o que eles tomarem, mas me preocupa, do meu ponto de vista como pai, as barreiras, palavras de \u00f3dio, persegui\u00e7\u00e3o, tudo isso, e a discrimina\u00e7\u00e3o que possa sofrer&#8221;, acrescentou.<\/p>\n<p>Nenhum membro da fam\u00edlia real brit\u00e2nica se declarou publicamente gay at\u00e9 hoje.<\/p>\n","protected":false},"excerpt":{"rendered":"<p>Por Jc Online, para Rede Nordeste &nbsp; O pr\u00edncipe William, neto da rainha Elizabeth II da Inglaterra, afirmou nesta quarta-feira (26) que &#8220;n\u00e3o teria qualquer problema&#8221;, [&hellip;]<\/p>\n","protected":false},"author":1,"featured_media":19587,"comment_status":"open","ping_status":"open","sticky":false,"template":"","format":"image","meta":{"footnotes":""},"categories":[80,9],"tags":[],"class_list":["post-19586","post","type-post","status-publish","format-image","has-post-thumbnail","hentry","category-home","category-me-orgulho","post_format-post-format-image"],"_links":{"self":[{"href":"https:\/\/blogs.correio24horas.com.br\/mesalte\/wp-json\/wp\/v2\/posts\/19586","targetHints":{"allow":["GET"]}}],"collection":[{"href":"https:\/\/blogs.correio24horas.com.br\/mesalte\/wp-json\/wp\/v2\/posts"}],"about":[{"href":"https:\/\/blogs.correio24horas.com.br\/mesalte\/wp-json\/wp\/v2\/types\/post"}],"author":[{"embeddable":true,"href":"https:\/\/blogs.correio24horas.com.br\/mesalte\/wp-json\/wp\/v2\/users\/1"}],"replies":[{"embeddable":true,"href":"https:\/\/blogs.correio24horas.com.br\/mesalte\/wp-json\/wp\/v2\/comments?post=19586"}],"version-history":[{"count":1,"href":"https:\/\/blogs.correio24horas.com.br\/mesalte\/wp-json\/wp\/v2\/posts\/19586\/revisions"}],"predecessor-version":[{"id":19588,"href":"https:\/\/blogs.correio24horas.com.br\/mesalte\/wp-json\/wp\/v2\/posts\/19586\/revisions\/19588"}],"wp:featuredmedia":[{"embeddable":true,"href":"https:\/\/blogs.correio24horas.com.br\/mesalte\/wp-json\/wp\/v2\/media\/19587"}],"wp:attachment":[{"href":"https:\/\/blogs.correio24horas.com.br\/mesalte\/wp-json\/wp\/v2\/media?parent=19586"}],"wp:term":[{"taxonomy":"category","embeddable":true,"href":"https:\/\/blogs.correio24horas.com.br\/mesalte\/wp-json\/wp\/v2\/categories?post=19586"},{"taxonomy":"post_tag","embeddable":true,"href":"https:\/\/blogs.correio24horas.com.br\/mesalte\/wp-json\/wp\/v2\/tags?post=19586"}],"curies":[{"name":"wp","href":"https:\/\/api.w.org\/{rel}","templated":true}]}}