{"id":19580,"date":"2019-06-26T09:40:07","date_gmt":"2019-06-26T12:40:07","guid":{"rendered":"http:\/\/blogs.correio24horas.com.br\/mesalte\/?p=19580"},"modified":"2019-06-26T14:53:13","modified_gmt":"2019-06-26T17:53:13","slug":"me-salte-e-jorge-gauthier-serao-homenageados-na-camara-de-vereadores-em-sessao-pelo-orgulho-lgbtqi","status":"publish","type":"post","link":"https:\/\/blogs.correio24horas.com.br\/mesalte\/me-salte-e-jorge-gauthier-serao-homenageados-na-camara-de-vereadores-em-sessao-pelo-orgulho-lgbtqi\/","title":{"rendered":"Me Salte e Jorge Gauthier ser\u00e3o homenageados na C\u00e2mara de Vereadores em sess\u00e3o pelo orgulho LGBTQI+"},"content":{"rendered":"<p>Onde o Orgulho Come\u00e7ou: 50 anos da Revolta de Stonewall e a Luta e Resist\u00eancia dos Movimentos LGBTQI+ em Salvador. Esse ser\u00e1 o tema de sess\u00e3o especial realizada nesta sexta-feira (28) no Plen\u00e1rio Cosme de Farias da C\u00e2mara Municipal de Salvador.<\/p>\n<p>Proposta pelo mandato coletivo do Vereador pelo Psol Marcos Mendes, a sess\u00e3o homenagear\u00e1 personalidades que contribuem para a luta dos direitos LGBTQI+.<\/p>\n<p>Receber\u00e3o as homenagens artistas da noite LGBTQI+, empres\u00e1rios do entretenimento gay, acad\u00eamicos e personalidades. Dentre os homenageados est\u00e3o o jornalista Jorge Gauthier atrav\u00e9s do Me Salte, canal de not\u00edcias LGBTQIA+ no jornal CORREIO.<\/p>\n<p>Al\u00e9m de Gauthier, as personalidades homenageadas ser\u00e3o Luiz Mott, Bagageryer Spielberg, Millena Passos, Ailton Santos, Ariane Senna, Leandro Colling, Felipe Cerqueira , Genilson Coutinho (Site Dois Ter\u00e7os) e Djalma Thurler.<\/p>\n<p>&nbsp;<\/p>\n<p>Relembrar Stonewall \u00e9 combater os discursos conservadores, fortes no momento, que tem empreendido diversos ataques contra os ainda pequenos avan\u00e7os no que tange \u00e0s pol\u00edticas p\u00fablicas direcionadas \u00e0s popula\u00e7\u00f5es negras, LGBTQI+, ind\u00edgenas e quilombolas.<\/p>\n<p>A mestre de cerim\u00f4nias do evento ser\u00e1 Rainha Loulou. Haver\u00e1 tamb\u00e9m apresenta\u00e7\u00f5es de Gilvan de Oliveira (cover de Ney Matogrosso),\u00a0Mitta Lux, Val\u00e9rie O&#8217;rarah, Fabiane Galv\u00e3o, Miss Tanucha Taylor, Sfat Auermann e\u00a0Carlos Barros (cantor).<\/p>\n<p>O ex-deputado federal Jean Wyllys ser\u00e1 homenageado.\u00a0A sess\u00e3o \u00e9 aberta ao p\u00fablico e come\u00e7ar\u00e1 \u00e0s 18h.<\/p>\n","protected":false},"excerpt":{"rendered":"<p>Onde o Orgulho Come\u00e7ou: 50 anos da Revolta de Stonewall e a Luta e Resist\u00eancia dos Movimentos LGBTQI+ em Salvador. Esse ser\u00e1 o tema de sess\u00e3o [&hellip;]<\/p>\n","protected":false},"author":2,"featured_media":19582,"comment_status":"open","ping_status":"open","sticky":false,"template":"","format":"image","meta":{"footnotes":""},"categories":[80,9],"tags":[],"class_list":["post-19580","post","type-post","status-publish","format-image","has-post-thumbnail","hentry","category-home","category-me-orgulho","post_format-post-format-image"],"_links":{"self":[{"href":"https:\/\/blogs.correio24horas.com.br\/mesalte\/wp-json\/wp\/v2\/posts\/19580","targetHints":{"allow":["GET"]}}],"collection":[{"href":"https:\/\/blogs.correio24horas.com.br\/mesalte\/wp-json\/wp\/v2\/posts"}],"about":[{"href":"https:\/\/blogs.correio24horas.com.br\/mesalte\/wp-json\/wp\/v2\/types\/post"}],"author":[{"embeddable":true,"href":"https:\/\/blogs.correio24horas.com.br\/mesalte\/wp-json\/wp\/v2\/users\/2"}],"replies":[{"embeddable":true,"href":"https:\/\/blogs.correio24horas.com.br\/mesalte\/wp-json\/wp\/v2\/comments?post=19580"}],"version-history":[{"count":4,"href":"https:\/\/blogs.correio24horas.com.br\/mesalte\/wp-json\/wp\/v2\/posts\/19580\/revisions"}],"predecessor-version":[{"id":19585,"href":"https:\/\/blogs.correio24horas.com.br\/mesalte\/wp-json\/wp\/v2\/posts\/19580\/revisions\/19585"}],"wp:featuredmedia":[{"embeddable":true,"href":"https:\/\/blogs.correio24horas.com.br\/mesalte\/wp-json\/wp\/v2\/media\/19582"}],"wp:attachment":[{"href":"https:\/\/blogs.correio24horas.com.br\/mesalte\/wp-json\/wp\/v2\/media?parent=19580"}],"wp:term":[{"taxonomy":"category","embeddable":true,"href":"https:\/\/blogs.correio24horas.com.br\/mesalte\/wp-json\/wp\/v2\/categories?post=19580"},{"taxonomy":"post_tag","embeddable":true,"href":"https:\/\/blogs.correio24horas.com.br\/mesalte\/wp-json\/wp\/v2\/tags?post=19580"}],"curies":[{"name":"wp","href":"https:\/\/api.w.org\/{rel}","templated":true}]}}