{"id":19542,"date":"2019-06-14T05:55:55","date_gmt":"2019-06-14T08:55:55","guid":{"rendered":"http:\/\/blogs.correio24horas.com.br\/mesalte\/?p=19542"},"modified":"2019-06-14T06:38:32","modified_gmt":"2019-06-14T09:38:32","slug":"com-bailarinos-gays-casa-4-estreia-me-brega-baile-na-sala-do-coro-do-tca-dias-28-29-e-30-de-junho","status":"publish","type":"post","link":"https:\/\/blogs.correio24horas.com.br\/mesalte\/com-bailarinos-gays-casa-4-estreia-me-brega-baile-na-sala-do-coro-do-tca-dias-28-29-e-30-de-junho\/","title":{"rendered":"Com bailarinos gays, Casa 4 estreia Me Brega, Baile! na Sala do Coro do TCA"},"content":{"rendered":"<p>A Sala do Coro do Teatro Castro Alves ser\u00e1 palco do Me Brega, Baile!, espet\u00e1culo de dan\u00e7a produzido pelo Casa 4, que estreia em curta temporada nos dias 28, 29 e 30 de Junho, \u00e0s 20h, com ingressos a R$ 20 (inteira) e R$ 10 (meia) \u2013 venda antecipada nas Bilheterias do SAC ou pela plataforma da Ingresso R\u00e1pido. Cinco bailarinos int\u00e9rpretes-criadores homossexuais utilizam a dan\u00e7a de sal\u00e3o como discurso pol\u00edtico para reivindicarem a liberdade de serem e de existirem.<\/p>\n<p>Com dire\u00e7\u00e3o e provoca\u00e7\u00e3o coreogr\u00e1fica de Leandro Oliveira (ex-bailarino do Bal\u00e9 do TCA, de 2014 a 2018), o espet\u00e1culo questiona a heteronormatividade com padr\u00e3o de comportamento nas dan\u00e7as de sal\u00e3o e prop\u00f5e outras possibilidades de se pensar e praticar as dan\u00e7as a dois. Para isso, transforma o adjetivo \u201cbrega\u201d em verbo e convida o \u201cbaile\u201d &#8211; e por que n\u00e3o o espectador? &#8211; a deixar de ser t\u00e3o conservador para se entregar \u00e0 breguice, ao excesso, ao dram\u00e1tico, ao cafona.<\/p>\n<p>\u201cMe Brega, Baile! \u00e9 um apelo para que nos deixem ser aquilo que queremos. Nos deixem ser bregas! Nos deixem usar salto, saia, brilho, paet\u00ea, vestido; dan\u00e7ar do jeito que a gente quiser, com quem a gente quiser, em qualquer ambiente, sem julgamentos, sem conservadorismo, sem amarras\u201d, declara Guilherme Fraga, bailarino-int\u00e9rprete de Me Brega, Baile! e integrante do Casa 4, que est\u00e1 em cena com Alisson George, J\u00f4natas Raine, Marcelo Galv\u00e3o e Ruan Wills.<\/p>\n<p><img loading=\"lazy\" decoding=\"async\" class=\"aligncenter size-large wp-image-19544\" src=\"https:\/\/blogs.correio24h.com.br\/mesalte\/wp-content\/uploads\/2019\/06\/danca-1024x682.jpg\" alt=\"danca\" width=\"1024\" height=\"682\" srcset=\"https:\/\/blogs.correio24h.com.br\/mesalte\/wp-content\/uploads\/2019\/06\/danca-1024x682.jpg 1024w, https:\/\/blogs.correio24h.com.br\/mesalte\/wp-content\/uploads\/2019\/06\/danca-300x200.jpg 300w, https:\/\/blogs.correio24h.com.br\/mesalte\/wp-content\/uploads\/2019\/06\/danca-768x512.jpg 768w, https:\/\/blogs.correio24h.com.br\/mesalte\/wp-content\/uploads\/2019\/06\/danca-219x146.jpg 219w, https:\/\/blogs.correio24h.com.br\/mesalte\/wp-content\/uploads\/2019\/06\/danca-50x33.jpg 50w, https:\/\/blogs.correio24h.com.br\/mesalte\/wp-content\/uploads\/2019\/06\/danca-113x75.jpg 113w, https:\/\/blogs.correio24h.com.br\/mesalte\/wp-content\/uploads\/2019\/06\/danca.jpg 1280w\" sizes=\"auto, (max-width: 1024px) 100vw, 1024px\" \/><\/p>\n<p>As coreografias surgem a partir de tem\u00e1ticas s\u00f3cio-pol\u00edticas e viv\u00eancias cotidianas dos bailarinos, que os levaram a pesquisar e a propor movimentos. Os bailarinos-int\u00e9rpretes Ruan Wills e Jonatas Raine, por exemplo, expressam a dificuldade da rela\u00e7\u00e3o afetiva entre homens gays negros em uma das cenas. \u201cSomos os \u00fanicos corpos negros neste espet\u00e1culo e queremos discutir afetividade, empoderamento e reconhecimento da beleza preta\u201d, pontua Wills.<\/p>\n<p>Para o Casa 4, a a\u00e7\u00e3o se deu pelo fato dos bailarinos serem gays \u201ce defendermos nossa exist\u00eancia, nosso jeito de ser!\u201d. \u201cFomos pesquisar e achamos obras nacionais com cenas de car\u00e1ter similar, por\u00e9m realizadas por um homem cis e uma mulher cis. Resultado: a classifica\u00e7\u00e3o destes trabalhos permanece livre\u201d, refuta Guilherme Fraga, ao acrescentar que o acontecimento influenciou uma das cenas de Me Brega, Baile!, em que a plateia poder\u00e1 assistir \u201ca nossa vis\u00e3o dos fatos\u201d.<\/p>\n<p><strong>Musicalidade<\/strong><br \/>\nEm Me Brega, Baile!, o p\u00fablico pode esperar uma diversidade de sonoridades: da m\u00fasica disco ao forr\u00f3 nordestino, que recria sucessos internacionais de forma brilhante \u2013 e brega! Cl\u00e1ssicos nacionais e internacionais das d\u00e9cadas de 70 e 80 ganham destaque na trilha sonora. Estas m\u00fasicas, por sua vez, re\u00fanem a carga dram\u00e1tica e o sentimentalismo exacerbado deste g\u00eanero musical. Foram exclu\u00eddas can\u00e7\u00f5es e artistas assumidamente lgbtf\u00f3bicos.<\/p>\n<p>Em um processo horizontal de cria\u00e7\u00e3o, os bailarinos trouxeram propostas musicais a partir de seus anseios individuais. Guilherme Fraga sempre desejou dan\u00e7ar a m\u00fasica I Will Survive, considerado at\u00e9 hoje um hino dos gays e que, em um momento dos casamentos, bailes de formatura e etc, as pessoas se permitem ser bregas, enviadecer, ainda que de um jeito caricato, estereotipado, pass\u00edvel de cr\u00edticas.<\/p>\n<p>Atrav\u00e9s do livro N\u00f3s duas: As representa\u00e7\u00f5es LGBT na can\u00e7\u00e3o brasileira, de Renato Gon\u00e7alves, que pesquisa a representatividade LGBT na MPB, os integrantes da Casa 4 chegaram a outras m\u00fasica nacionais que exploram a tem\u00e1tica LGBT em suas letras. Outra coreografia surge do desejo m\u00fatuo de J\u00f4natas Raine e Alisson George de dan\u00e7arem juntos.<\/p>\n<p>A partir do material e das quest\u00f5es levantadas pelos bailarinos-int\u00e9rpretes, o diretor Leandro Oliveira assume o lugar de provocador c\u00eanico e coreogr\u00e1fico, propondo partituras de movimento e composi\u00e7\u00e3o de cenas. \u201cAs minhas proposi\u00e7\u00f5es buscaram potencializar os discursos levantados pelos bailarinos criadores e int\u00e9rpretes, em que considerei o ritmo, a ambienta\u00e7\u00e3o e a configura\u00e7\u00e3o espacial para conduzir o olhar do p\u00fablico\u201d, descreve Oliveira.<\/p>\n<p><strong>Casa 4<\/strong><br \/>\nO Casa 4 nasce das inquieta\u00e7\u00f5es do bailarino Marcelo Galv\u00e3o a respeito do ser gay na dan\u00e7a de sal\u00e3o, um ambiente que recrimina principalmente os dan\u00e7arinos que n\u00e3o seguem as normas \u2013 como viados que d\u00e3o \u201cpinta\u201d. Ao se assumir gay e passar pela Escola de Dan\u00e7a da UFBA, come\u00e7a a questionar este padr\u00e3o e a propor outras possibilidades de se pensar e praticar as dan\u00e7as a dois \u2013 o que foi muito mal visto pela comunidade da dan\u00e7a de sal\u00e3o de Salvador.<\/p>\n<p>O estopim para a cria\u00e7\u00e3o do Casa 4 foi um \u00e1udio enviado erroneamente para um grupo do WhatsApp de Dan\u00e7a de Sal\u00e3o de Salvador. Neste \u00e1udio, uma pessoa fazia coment\u00e1rios maldosos a Alisson George, um dos integrantes do Coletivo, criticando sua postura \u201cafeminada\u201d nos bailes, bem como sua dificuldade em ser condutor, em detrimento de sua parceira que era masculina e n\u00e3o sabia ser conduzida.<\/p>\n<p>Diante desta situa\u00e7\u00e3o, Marcelo decidiu criar um coletivo composto somente por homens gays com experi\u00eancia nas dan\u00e7as de sal\u00e3o. Assim, ele reuniu Alisson George, J\u00f4natas Raine e Guilherme Fraga para pesquisarem como as dan\u00e7as a dois se davam em seus corpos viados, quais quest\u00f5es surgiam, quais sensa\u00e7\u00f5es, vontades. A partir destas pesquisas surge Sal\u00e3o, primeiro espet\u00e1culo do coletivo, dirigido tamb\u00e9m por Leandro de Oliveira.<\/p>\n<p>O nome Casa 4, por sua vez, refere-se aos ensaios que por um bom tempo foram na sala da casa de J\u00f4natas. Logo ap\u00f3s a estreia de Sal\u00e3o em Salvador (2017), Marcelo Galv\u00e3o partiu para um interc\u00e2mbio. Ruan Wills o substitui. Sal\u00e3o circulou por Belo horizonte, Salvador, Recife, S\u00e3o Paulo e Manaus. Num cl\u00e1ssico \u201cO bom filho a casa retorna\u201d, a chegada de Marcelo Galv\u00e3o no Brasil culmina na vontade de fazer um novo espet\u00e1culo., Me Brega, Baile!.<\/p>\n<p><strong>Ficha t\u00e9cnica &#8211; Me Brega, Baile!<\/strong><br \/>\nDire\u00e7\u00e3o: Leandro de Oliveira<br \/>\nInt\u00e9rpretes-criadores: Alisson George, Guilherme Fraga, J\u00f4natas Raine, Marcelo Galv\u00e3o e Ruan Wills.<br \/>\nAssistente de Coreografia: B\u00e1rbara Barbar\u00e1<br \/>\nIlumina\u00e7\u00e3o: Juliana Mendon\u00e7a e Leandro de Oliveira<br \/>\nFigurino: Rainha Loulou Couture e Leandro de Oliveira<br \/>\nComunica\u00e7\u00e3o: Th\u00e9\u00e2tre Comunica\u00e7\u00e3o \u2013 Rafael Britto<br \/>\nProdu\u00e7\u00e3o: Guilherme Fraga e Marcelo Galv\u00e3o<br \/>\nFoto: Caio L\u00edrio<br \/>\nV\u00eddeo: Thiago Castro<br \/>\nEdi\u00e7\u00e3o de v\u00eddeo: Raul Lima e Gustavo Miranda<br \/>\nColabora\u00e7\u00e3o coreogr\u00e1fica: Roxy Sanchez<br \/>\nApoio: Rainha Loulou Couture, Physio Pilates Centro Master Ondina, Casa Charriot, Espa\u00e7o Xisto Bahia, Escola de Dan\u00e7a da FUNCEB, Escola Contempor\u00e2nea de Dan\u00e7a<\/p>\n","protected":false},"excerpt":{"rendered":"<p>A Sala do Coro do Teatro Castro Alves ser\u00e1 palco do Me Brega, Baile!, espet\u00e1culo de dan\u00e7a produzido pelo Casa 4, que estreia em curta temporada [&hellip;]<\/p>\n","protected":false},"author":1,"featured_media":19546,"comment_status":"open","ping_status":"open","sticky":false,"template":"","format":"image","meta":{"footnotes":""},"categories":[80,9],"tags":[],"class_list":["post-19542","post","type-post","status-publish","format-image","has-post-thumbnail","hentry","category-home","category-me-orgulho","post_format-post-format-image"],"_links":{"self":[{"href":"https:\/\/blogs.correio24horas.com.br\/mesalte\/wp-json\/wp\/v2\/posts\/19542","targetHints":{"allow":["GET"]}}],"collection":[{"href":"https:\/\/blogs.correio24horas.com.br\/mesalte\/wp-json\/wp\/v2\/posts"}],"about":[{"href":"https:\/\/blogs.correio24horas.com.br\/mesalte\/wp-json\/wp\/v2\/types\/post"}],"author":[{"embeddable":true,"href":"https:\/\/blogs.correio24horas.com.br\/mesalte\/wp-json\/wp\/v2\/users\/1"}],"replies":[{"embeddable":true,"href":"https:\/\/blogs.correio24horas.com.br\/mesalte\/wp-json\/wp\/v2\/comments?post=19542"}],"version-history":[{"count":4,"href":"https:\/\/blogs.correio24horas.com.br\/mesalte\/wp-json\/wp\/v2\/posts\/19542\/revisions"}],"predecessor-version":[{"id":19549,"href":"https:\/\/blogs.correio24horas.com.br\/mesalte\/wp-json\/wp\/v2\/posts\/19542\/revisions\/19549"}],"wp:featuredmedia":[{"embeddable":true,"href":"https:\/\/blogs.correio24horas.com.br\/mesalte\/wp-json\/wp\/v2\/media\/19546"}],"wp:attachment":[{"href":"https:\/\/blogs.correio24horas.com.br\/mesalte\/wp-json\/wp\/v2\/media?parent=19542"}],"wp:term":[{"taxonomy":"category","embeddable":true,"href":"https:\/\/blogs.correio24horas.com.br\/mesalte\/wp-json\/wp\/v2\/categories?post=19542"},{"taxonomy":"post_tag","embeddable":true,"href":"https:\/\/blogs.correio24horas.com.br\/mesalte\/wp-json\/wp\/v2\/tags?post=19542"}],"curies":[{"name":"wp","href":"https:\/\/api.w.org\/{rel}","templated":true}]}}