{"id":19539,"date":"2019-06-13T19:44:26","date_gmt":"2019-06-13T22:44:26","guid":{"rendered":"http:\/\/blogs.correio24horas.com.br\/mesalte\/?p=19539"},"modified":"2019-06-13T19:44:26","modified_gmt":"2019-06-13T22:44:26","slug":"stf-decide-pela-criminalizacao-da-lgbtfobia","status":"publish","type":"post","link":"https:\/\/blogs.correio24horas.com.br\/mesalte\/stf-decide-pela-criminalizacao-da-lgbtfobia\/","title":{"rendered":"STF decide pela criminaliza\u00e7\u00e3o da LGBTfobia"},"content":{"rendered":"<p>&nbsp;<\/p>\n<p>O Supremo Tribunal Federal (STF) decidiu nesta quinta-feira (13), por 8 votos a 3, criminalizar a homofobia e a transfobia. Agora as pr\u00e1ticas ser\u00e3o enquadradas dentro do crime de racismo.<\/p>\n<p>De acordo com a decis\u00e3o da corte &#8220;praticar, induzir ou incitar a discrimina\u00e7\u00e3o ou preconceito&#8221; em raz\u00e3o da orienta\u00e7\u00e3o sexual da pessoa poder\u00e1 ser considerado crime com pena de um a tr\u00eas anos, al\u00e9m de multa. Entretanto, se houver divulga\u00e7\u00e3o ampla de ato homof\u00f3bico em meios de comunica\u00e7\u00e3o, como publica\u00e7\u00e3o em rede social, a pena ser\u00e1 de dois a cinco anos, al\u00e9m de multa.<\/p>\n<p>A aplica\u00e7\u00e3o da pena de racismo valer\u00e1 at\u00e9 o Congresso Nacional aprovar uma lei sobre o tema.<\/p>\n<p>Com a decis\u00e3o, o Brasil se tornou o 43\u00ba pa\u00eds a criminalizar a homofobia, segundo o relat\u00f3rio &#8220;Homofobia Patrocinada pelo Estado&#8221;, elaborado pela Associa\u00e7\u00e3o Internacional de L\u00e9sbicas, Gays, Bissexuais, Transexuais e Intersexuais (Ilga).<\/p>\n<p>No julgamento, o Supremo atendeu parcialmente a a\u00e7\u00f5es apresentadas pela Associa\u00e7\u00e3o Brasileira de Gays, L\u00e9sbicas e Transg\u00eaneros (ABGLT) e pelo partido Cidadania (antigo PPS).<\/p>\n<p>Essas a\u00e7\u00f5es pediam que o STF fixasse prazo para o Congresso aprovar uma lei sobre o tema. Este ponto n\u00e3o foi atendido.<\/p>\n<p>Entretanto, houveram ressalvas dentro da lei em rela\u00e7\u00e3o \u00e0 manifesta\u00e7\u00f5es em templos religiosos. Dentro deles n\u00e3o ser\u00e1 criminalizado dizer que \u00e9 contra rela\u00e7\u00f5es homossexuais. Nesses locais ser\u00e1 pass\u00edvel de puni\u00e7\u00e3o apenas incitar ou induzir discrimina\u00e7\u00e3o ou preconceito.<\/p>\n","protected":false},"excerpt":{"rendered":"<p>&nbsp; O Supremo Tribunal Federal (STF) decidiu nesta quinta-feira (13), por 8 votos a 3, criminalizar a homofobia e a transfobia. Agora as pr\u00e1ticas ser\u00e3o enquadradas [&hellip;]<\/p>\n","protected":false},"author":1,"featured_media":19540,"comment_status":"open","ping_status":"open","sticky":false,"template":"","format":"image","meta":{"footnotes":""},"categories":[80,11],"tags":[],"class_list":["post-19539","post","type-post","status-publish","format-image","has-post-thumbnail","hentry","category-home","category-me-informo","post_format-post-format-image"],"_links":{"self":[{"href":"https:\/\/blogs.correio24horas.com.br\/mesalte\/wp-json\/wp\/v2\/posts\/19539","targetHints":{"allow":["GET"]}}],"collection":[{"href":"https:\/\/blogs.correio24horas.com.br\/mesalte\/wp-json\/wp\/v2\/posts"}],"about":[{"href":"https:\/\/blogs.correio24horas.com.br\/mesalte\/wp-json\/wp\/v2\/types\/post"}],"author":[{"embeddable":true,"href":"https:\/\/blogs.correio24horas.com.br\/mesalte\/wp-json\/wp\/v2\/users\/1"}],"replies":[{"embeddable":true,"href":"https:\/\/blogs.correio24horas.com.br\/mesalte\/wp-json\/wp\/v2\/comments?post=19539"}],"version-history":[{"count":1,"href":"https:\/\/blogs.correio24horas.com.br\/mesalte\/wp-json\/wp\/v2\/posts\/19539\/revisions"}],"predecessor-version":[{"id":19541,"href":"https:\/\/blogs.correio24horas.com.br\/mesalte\/wp-json\/wp\/v2\/posts\/19539\/revisions\/19541"}],"wp:featuredmedia":[{"embeddable":true,"href":"https:\/\/blogs.correio24horas.com.br\/mesalte\/wp-json\/wp\/v2\/media\/19540"}],"wp:attachment":[{"href":"https:\/\/blogs.correio24horas.com.br\/mesalte\/wp-json\/wp\/v2\/media?parent=19539"}],"wp:term":[{"taxonomy":"category","embeddable":true,"href":"https:\/\/blogs.correio24horas.com.br\/mesalte\/wp-json\/wp\/v2\/categories?post=19539"},{"taxonomy":"post_tag","embeddable":true,"href":"https:\/\/blogs.correio24horas.com.br\/mesalte\/wp-json\/wp\/v2\/tags?post=19539"}],"curies":[{"name":"wp","href":"https:\/\/api.w.org\/{rel}","templated":true}]}}