{"id":19529,"date":"2019-06-13T17:57:51","date_gmt":"2019-06-13T20:57:51","guid":{"rendered":"http:\/\/blogs.correio24horas.com.br\/mesalte\/?p=19529"},"modified":"2019-06-13T18:44:02","modified_gmt":"2019-06-13T21:44:02","slug":"anitta-sera-atracao-da-micareta-salvador-em-outubro-veja-programacao-completa","status":"publish","type":"post","link":"https:\/\/blogs.correio24horas.com.br\/mesalte\/anitta-sera-atracao-da-micareta-salvador-em-outubro-veja-programacao-completa\/","title":{"rendered":"Anitta ser\u00e1 atra\u00e7\u00e3o da Micareta Salvador em outubro; veja programa\u00e7\u00e3o completa"},"content":{"rendered":"<p>A cantora Anitta ser\u00e1 uma das atra\u00e7\u00f5es da Micareta Salvador, que acontecer\u00e1 entre os dias 25 e 27 de outubro no Wet&#8217;n Wild em Salvador. Promovida pela San Sebastian, a Micareta ter\u00e1 como mote a comemora\u00e7\u00e3o dos dez anos do grupo. Anitta tocar\u00e1 na sexta-feira (25) no mesmo dia em que a cantora Daniela Mercury se apresentar\u00e1.<\/p>\n<p style=\"text-align: left;\">J\u00e1 no s\u00e1bado (26) ser\u00e1 o dia da <a href=\"https:\/\/blogs.correio24horas.com.br\/mesalte\/apos-parir-claudia-leitte-lancara-nova-turne-em-micareta-com-dois-dias-de-show-em-salvador\/\" target=\"_blank\">volta da cantora Claudia Leitte aos palcos ap\u00f3s o nascimento da sua terceira filha, Bela<\/a>. Claudia se apresentar\u00e1 no palco com o show da sua nova turn\u00ea. J\u00e1 no trio, nesse dia, haver\u00e1 apresenta\u00e7\u00e3o de da Babado Novo,no trio.<\/p>\n<p>No domingo (27), Claudia volta a se apresentar na micareta em um trio el\u00e9trico. Nesse dia, tamb\u00e9m haver\u00e1 apresenta\u00e7\u00e3o de Alinne Rosa, tamb\u00e9m no trio.<\/p>\n<p>Todos os dias, ap\u00f3s os shows haver\u00e3o festas com m\u00fasicas eletr\u00f4nicas. No primeiro dia serpa a Xlsior no final. No segundo dia haver\u00e1 a festa em homenagem aos dez anos da San com Djs. J\u00e1 no terceiro dia ap\u00f3s Claudia e Alinne haver\u00e1 a festa eletr\u00f4nica do selo Joy.<\/p>\n<p>Veja a programa\u00e7\u00e3o:<br \/>\n<img loading=\"lazy\" decoding=\"async\" class=\"aligncenter size-full wp-image-19536\" src=\"https:\/\/blogs.correio24h.com.br\/mesalte\/wp-content\/uploads\/2019\/06\/programacao.jpg\" alt=\"programacao\" width=\"606\" height=\"250\" srcset=\"https:\/\/blogs.correio24h.com.br\/mesalte\/wp-content\/uploads\/2019\/06\/programacao.jpg 606w, https:\/\/blogs.correio24h.com.br\/mesalte\/wp-content\/uploads\/2019\/06\/programacao-300x124.jpg 300w, https:\/\/blogs.correio24h.com.br\/mesalte\/wp-content\/uploads\/2019\/06\/programacao-260x107.jpg 260w, https:\/\/blogs.correio24h.com.br\/mesalte\/wp-content\/uploads\/2019\/06\/programacao-50x21.jpg 50w, https:\/\/blogs.correio24h.com.br\/mesalte\/wp-content\/uploads\/2019\/06\/programacao-150x62.jpg 150w\" sizes=\"auto, (max-width: 606px) 100vw, 606px\" \/><\/p>\n<p>As vendas ter\u00e3o pre\u00e7o promocional do primeiro lote por 48h a partir das 18h desta quinta-feira (13). Clique <a href=\"https:\/\/www.micaretasalvador.com\/\" target=\"_blank\">aqui<\/a> para comprar seus abad\u00e1s.<\/p>\n<p>O pacote para todos os dias custa R$ 520 (pode ser parcelado em dez vezes no cart\u00e3o ou em quatro vezes no boleto). J\u00e1 o pacote de sexta e domingo custa R$ 400\u00a0(pode ser parcelado em dez vezes no cart\u00e3o ou em quatro vezes no boleto). Se for somente um dia o valor \u00e9 de R$ 220 ((pode ser parcelado em dez vezes no cart\u00e3o ou em quatro vezes no boleto).<\/p>\n","protected":false},"excerpt":{"rendered":"<p>A cantora Anitta ser\u00e1 uma das atra\u00e7\u00f5es da Micareta Salvador, que acontecer\u00e1 entre os dias 25 e 27 de outubro no Wet&#8217;n Wild em Salvador. Promovida [&hellip;]<\/p>\n","protected":false},"author":1,"featured_media":18075,"comment_status":"open","ping_status":"open","sticky":false,"template":"","format":"image","meta":{"footnotes":""},"categories":[28,80],"tags":[],"class_list":["post-19529","post","type-post","status-publish","format-image","has-post-thumbnail","hentry","category-farofa-digital","category-home","post_format-post-format-image"],"_links":{"self":[{"href":"https:\/\/blogs.correio24horas.com.br\/mesalte\/wp-json\/wp\/v2\/posts\/19529","targetHints":{"allow":["GET"]}}],"collection":[{"href":"https:\/\/blogs.correio24horas.com.br\/mesalte\/wp-json\/wp\/v2\/posts"}],"about":[{"href":"https:\/\/blogs.correio24horas.com.br\/mesalte\/wp-json\/wp\/v2\/types\/post"}],"author":[{"embeddable":true,"href":"https:\/\/blogs.correio24horas.com.br\/mesalte\/wp-json\/wp\/v2\/users\/1"}],"replies":[{"embeddable":true,"href":"https:\/\/blogs.correio24horas.com.br\/mesalte\/wp-json\/wp\/v2\/comments?post=19529"}],"version-history":[{"count":8,"href":"https:\/\/blogs.correio24horas.com.br\/mesalte\/wp-json\/wp\/v2\/posts\/19529\/revisions"}],"predecessor-version":[{"id":19538,"href":"https:\/\/blogs.correio24horas.com.br\/mesalte\/wp-json\/wp\/v2\/posts\/19529\/revisions\/19538"}],"wp:featuredmedia":[{"embeddable":true,"href":"https:\/\/blogs.correio24horas.com.br\/mesalte\/wp-json\/wp\/v2\/media\/18075"}],"wp:attachment":[{"href":"https:\/\/blogs.correio24horas.com.br\/mesalte\/wp-json\/wp\/v2\/media?parent=19529"}],"wp:term":[{"taxonomy":"category","embeddable":true,"href":"https:\/\/blogs.correio24horas.com.br\/mesalte\/wp-json\/wp\/v2\/categories?post=19529"},{"taxonomy":"post_tag","embeddable":true,"href":"https:\/\/blogs.correio24horas.com.br\/mesalte\/wp-json\/wp\/v2\/tags?post=19529"}],"curies":[{"name":"wp","href":"https:\/\/api.w.org\/{rel}","templated":true}]}}