{"id":19524,"date":"2019-06-13T16:19:53","date_gmt":"2019-06-13T19:19:53","guid":{"rendered":"http:\/\/blogs.correio24horas.com.br\/mesalte\/?p=19524"},"modified":"2019-06-13T16:19:53","modified_gmt":"2019-06-13T19:19:53","slug":"espetaculo-com-drag-queens-homenageia-gregorio-de-mattos","status":"publish","type":"post","link":"https:\/\/blogs.correio24horas.com.br\/mesalte\/espetaculo-com-drag-queens-homenageia-gregorio-de-mattos\/","title":{"rendered":"Espet\u00e1culo com drag queens homenageia Greg\u00f3rio de Mattos"},"content":{"rendered":"<p>Um sobrevoo pela obra do poeta Greg\u00f3rio de Mattos \u00e9 o tema do espet\u00e1culo &#8220;Gregorianas&#8221;, pe\u00e7a que leva ao palco do Teatro Moli\u00e8re, na Avenida Sete de Setembro, onze artistas transformistas, nos dias 15 e 16 de junho (s\u00e1bado, \u00e0s 20h, e domingo \u00e0s 16h e 19h). A encena\u00e7\u00e3o \u00e9 fruto do TransForma\u00e7\u00e3o, programa de profissionaliza\u00e7\u00e3o e aperfei\u00e7oamento voltado para atores e atrizes transformistas da cena soteropolitana, financiado pela Funda\u00e7\u00e3o Greg\u00f3rio de Mattos (FGM), atrav\u00e9s do primeiro ano do edital GREG\u00d3RIOS.<\/p>\n<p>O programa gratuito teve in\u00edcio em novembro de 2018 e proporcionou, dentre 13 disciplinas te\u00f3ricas e pr\u00e1ticas, aulas de performance, maquiagem, dublagem, improvisa\u00e7\u00e3o e hist\u00f3ria do transformismo, al\u00e9m de palestras e consultorias, com carga hor\u00e1ria de 400 horas e certificado para encaminhamento do atestado de capacidade profissional.<\/p>\n<p>O passeio na obra do poeta barroco \u00e9 o mote principal para o espet\u00e1culo \u201cGregorianas\u201d, que traz ao palco uma grande homenagem a Greg\u00f3rio de Mattos, com poemas, trechos da pe\u00e7a Bocas do Inferno, de autoria da professora e dramaturga Cleise Mendes, al\u00e9m de textos desenvolvidos a partir de improvisa\u00e7\u00e3o durante o processo de montagem.<\/p>\n<p>O elo criado entre os integrantes revelam h\u00e1bitos e desejos, express\u00f5es, sonhos, inc\u00f4modos e manifestos ao longo do espet\u00e1culo. A ironia e deboche presentes na poesia de Greg\u00f3rio s\u00e3o ainda hoje instrumentos de cr\u00edtica e humor \u00e1cido, tamb\u00e9m caracter\u00edsticas das artistas transformistas.<\/p>\n\n\t\t\t<style type='text\/css'>\n\t\t\t\t#gallery-1 {\n\t\t\t\t\tmargin: auto;\n\t\t\t\t}\n\t\t\t\t#gallery-1 .gallery-item {\n\t\t\t\t\tfloat: left;\n\t\t\t\t\tmargin-top: 10px;\n\t\t\t\t\ttext-align: center;\n\t\t\t\t\twidth: 49.99%;\n\t\t\t\t}\n\t\t\t\t#gallery-1 img {\n\t\t\t\t\tborder: 2px solid #cfcfcf;\n\t\t\t\t}\n\t\t\t\t#gallery-1 .gallery-caption {\n\t\t\t\t\tmargin-left: 0;\n\t\t\t\t}\n\t\t\t\t\/* see gallery_shortcode() in wp-includes\/media.php *\/\n\t\t\t<\/style>\n\t\t<div id='gallery-1' class='gallery galleryid-19524 gallery-columns-2 gallery-size-large file'><dl class='gallery-item'>\n\t\t\t\t<dt class='gallery-icon landscape'>\n\t\t\t\t\t<a href='https:\/\/blogs.correio24h.com.br\/mesalte\/wp-content\/uploads\/2019\/06\/gregc2.jpeg'><img loading=\"lazy\" decoding=\"async\" width=\"1024\" height=\"683\" src=\"https:\/\/blogs.correio24h.com.br\/mesalte\/wp-content\/uploads\/2019\/06\/gregc2-1024x683.jpeg\" class=\"attachment-large size-large\" alt=\"\" srcset=\"https:\/\/blogs.correio24h.com.br\/mesalte\/wp-content\/uploads\/2019\/06\/gregc2-1024x683.jpeg 1024w, https:\/\/blogs.correio24h.com.br\/mesalte\/wp-content\/uploads\/2019\/06\/gregc2-300x200.jpeg 300w, https:\/\/blogs.correio24h.com.br\/mesalte\/wp-content\/uploads\/2019\/06\/gregc2-768x512.jpeg 768w, https:\/\/blogs.correio24h.com.br\/mesalte\/wp-content\/uploads\/2019\/06\/gregc2-219x146.jpeg 219w, https:\/\/blogs.correio24h.com.br\/mesalte\/wp-content\/uploads\/2019\/06\/gregc2-50x33.jpeg 50w, https:\/\/blogs.correio24h.com.br\/mesalte\/wp-content\/uploads\/2019\/06\/gregc2-112x75.jpeg 112w\" sizes=\"auto, (max-width: 1024px) 100vw, 1024px\" \/><\/a>\n\t\t\t\t<\/dt><\/dl><dl class='gallery-item'>\n\t\t\t\t<dt class='gallery-icon landscape'>\n\t\t\t\t\t<a href='https:\/\/blogs.correio24h.com.br\/mesalte\/wp-content\/uploads\/2019\/06\/gregc.jpeg'><img loading=\"lazy\" decoding=\"async\" width=\"1024\" height=\"683\" src=\"https:\/\/blogs.correio24h.com.br\/mesalte\/wp-content\/uploads\/2019\/06\/gregc-1024x683.jpeg\" class=\"attachment-large size-large\" alt=\"\" srcset=\"https:\/\/blogs.correio24h.com.br\/mesalte\/wp-content\/uploads\/2019\/06\/gregc-1024x683.jpeg 1024w, https:\/\/blogs.correio24h.com.br\/mesalte\/wp-content\/uploads\/2019\/06\/gregc-300x200.jpeg 300w, https:\/\/blogs.correio24h.com.br\/mesalte\/wp-content\/uploads\/2019\/06\/gregc-768x512.jpeg 768w, https:\/\/blogs.correio24h.com.br\/mesalte\/wp-content\/uploads\/2019\/06\/gregc-219x146.jpeg 219w, https:\/\/blogs.correio24h.com.br\/mesalte\/wp-content\/uploads\/2019\/06\/gregc-50x33.jpeg 50w, https:\/\/blogs.correio24h.com.br\/mesalte\/wp-content\/uploads\/2019\/06\/gregc-112x75.jpeg 112w\" sizes=\"auto, (max-width: 1024px) 100vw, 1024px\" \/><\/a>\n\t\t\t\t<\/dt><\/dl><br style=\"clear: both\" \/>\n\t\t\t<\/div>\n\n<p>No elenco, Marie Flamel, Azvdo, Natha Sympson, Midorii SooKido, Mephistopheles Evangeline, Didi Yonc\u00e9, Annastacia Drumond, Ivanelly Bergman, Afrodtite kazumba, Miguella Magnata e Nininha Problem\u00e1tica. O espet\u00e1culo ainda conta com a participa\u00e7\u00e3o especial de Camila Castro, como Jorj\u00e3o.<\/p>\n<p>A trilha sonora vai da m\u00fasica eletr\u00f4nica ao forr\u00f3, passando pelo rap e pop, com refer\u00eancias da MPB. Com roteiro organizado por Luciana Comin, \u201cGregorianas\u201d segue sob orienta\u00e7\u00e3o coreogr\u00e1fica de Jaqueline Elesb\u00e3o, figurino e produ\u00e7\u00e3o de moda de Luiz Santana (Rainha Loulou), ambienta\u00e7\u00e3o por v\u00eddeo mapping assinada por Giovani Rufino, ilumina\u00e7\u00e3o de Fernanda Paquelet e dire\u00e7\u00e3o de Fernando Marinho, curador do projeto.<\/p>\n<p>TransForma\u00e7\u00e3o \u00e9 um programa institucional do Sindicato dos Artistas e T\u00e9cnicos em Espet\u00e1culos de Divers\u00f5es do Estado da Bahia (Sated-BA), realizado pelo Grupo Teca Teatro e Outras Artes, com patroc\u00ednio da Prefeitura Municipal de Salvador, da Secretaria da Fazenda do Munic\u00edpio e Funda\u00e7\u00e3o Greg\u00f3rio de Mattos (FGM), por meio do edital Greg\u00f3rios e apoio da Natura.<\/p>\n<p>Servi\u00e7o<br \/>\nEspet\u00e1culo Gregorianas<\/p>\n<p>Per\u00edodo: 15 e 16 de junho<\/p>\n<p>Hor\u00e1rio: s\u00e1bado (20h) e domingo (16h e 19h)<\/p>\n<p>Local: Teatro Moli\u00e8re (Av. Sete de Setembro, 401 \u2013 Ladeira da Barra)<\/p>\n<p>Ingressos: R$ 10 (inteira)<\/p>\n<p>Classifica\u00e7\u00e3o: 16 anos<\/p>\n<p>Realiza\u00e7\u00e3o: Teca Teatro e Outras Artes<\/p>\n<p>Fotos: Diney Ara\u00fajo\/Divulga\u00e7\u00e3o<\/p>\n","protected":false},"excerpt":{"rendered":"<p>Um sobrevoo pela obra do poeta Greg\u00f3rio de Mattos \u00e9 o tema do espet\u00e1culo &#8220;Gregorianas&#8221;, pe\u00e7a que leva ao palco do Teatro Moli\u00e8re, na Avenida Sete [&hellip;]<\/p>\n","protected":false},"author":1,"featured_media":19525,"comment_status":"open","ping_status":"open","sticky":false,"template":"","format":"image","meta":{"footnotes":""},"categories":[80,16],"tags":[],"class_list":["post-19524","post","type-post","status-publish","format-image","has-post-thumbnail","hentry","category-home","category-me-jogo","post_format-post-format-image"],"_links":{"self":[{"href":"https:\/\/blogs.correio24horas.com.br\/mesalte\/wp-json\/wp\/v2\/posts\/19524","targetHints":{"allow":["GET"]}}],"collection":[{"href":"https:\/\/blogs.correio24horas.com.br\/mesalte\/wp-json\/wp\/v2\/posts"}],"about":[{"href":"https:\/\/blogs.correio24horas.com.br\/mesalte\/wp-json\/wp\/v2\/types\/post"}],"author":[{"embeddable":true,"href":"https:\/\/blogs.correio24horas.com.br\/mesalte\/wp-json\/wp\/v2\/users\/1"}],"replies":[{"embeddable":true,"href":"https:\/\/blogs.correio24horas.com.br\/mesalte\/wp-json\/wp\/v2\/comments?post=19524"}],"version-history":[{"count":1,"href":"https:\/\/blogs.correio24horas.com.br\/mesalte\/wp-json\/wp\/v2\/posts\/19524\/revisions"}],"predecessor-version":[{"id":19528,"href":"https:\/\/blogs.correio24horas.com.br\/mesalte\/wp-json\/wp\/v2\/posts\/19524\/revisions\/19528"}],"wp:featuredmedia":[{"embeddable":true,"href":"https:\/\/blogs.correio24horas.com.br\/mesalte\/wp-json\/wp\/v2\/media\/19525"}],"wp:attachment":[{"href":"https:\/\/blogs.correio24horas.com.br\/mesalte\/wp-json\/wp\/v2\/media?parent=19524"}],"wp:term":[{"taxonomy":"category","embeddable":true,"href":"https:\/\/blogs.correio24horas.com.br\/mesalte\/wp-json\/wp\/v2\/categories?post=19524"},{"taxonomy":"post_tag","embeddable":true,"href":"https:\/\/blogs.correio24horas.com.br\/mesalte\/wp-json\/wp\/v2\/tags?post=19524"}],"curies":[{"name":"wp","href":"https:\/\/api.w.org\/{rel}","templated":true}]}}