{"id":19516,"date":"2019-06-13T15:52:08","date_gmt":"2019-06-13T18:52:08","guid":{"rendered":"http:\/\/blogs.correio24horas.com.br\/mesalte\/?p=19516"},"modified":"2019-06-13T15:52:08","modified_gmt":"2019-06-13T18:52:08","slug":"nininha-problematica-e-mary-jane-beck-fazem-shows-juntas-no-rio-vermelho","status":"publish","type":"post","link":"https:\/\/blogs.correio24horas.com.br\/mesalte\/nininha-problematica-e-mary-jane-beck-fazem-shows-juntas-no-rio-vermelho\/","title":{"rendered":"Nininha Problem\u00e1tica e Mary Jane Beck fazem shows juntas no Rio Vermelho"},"content":{"rendered":"<p>Duas drags queens famosas por seus trabalhos na cena LGBTQ+ de Salvador se uniram para um lan\u00e7amento que vai marcar a celebra\u00e7\u00e3o pelo M\u00eas da Diversidade na capital. Nininha Problem\u00e1tica e Mary Jane Beck v\u00e3o estrear o show \u201cNininha &amp; Mary\u201d no dia 15 de junho\u00a0(s\u00e1bado), a partir das 20h, no Commons Studio Bar (Rio Vermelho).<\/p>\n<p>As artistas v\u00e3o unir os repert\u00f3rios no palco para uma apresenta\u00e7\u00e3o que garante muita anima\u00e7\u00e3o e \u201cclose\u201d.\u00a0O show faz parte do projeto \u201cSess\u00e3o Especial\u201d, do Commons.<\/p>\n<p>Nininha Problem\u00e1tica \u00e9 a primeira drag do\u00a0pagode baiano, com mais de 100 mil seguidores no Instagram e milhares de visualiza\u00e7\u00f5es em suas m\u00fasicas e clipes no Youtube e plataformas digitais. \u201cFavelada\u201d \u00e9 uma parceria com Leo Kret, que j\u00e1 ultrapassou a marca das 200 mil visualiza\u00e7\u00f5es &#8211; <a href=\"https:\/\/www.youtube.com\/watch?v=m24ukkQmj9U\" target=\"_blank\">assista<\/a>:<br \/>\n.<br \/>\nMary Jane Beck \u00e9 dona do EP \u201cPassa a Bola\u201d, dispon\u00edvel em todas as plataformas digitais, e atua na noite em Salvador \u00e0 frente da festa Shantay, e segue divulgando o clipe do single \u201c<a href=\"https:\/\/www.youtube.com\/watch?v=kElgzNn3Q78\" target=\"_blank\">Dona da Pista<\/a>\u201d.<br \/>\n.<br \/>\nNo repert\u00f3rio do show, can\u00e7\u00f5es como \u201cManual do Bumbum\u201d, lan\u00e7amento em parceria da dupla com o DJ Ober, respons\u00e1vel por conduzir a apresenta\u00e7\u00e3o da noite. A entrada custa R$15 (portaria) e R$10 (lista amiga).<\/p>\n<p>A cenografia e produ\u00e7\u00e3o \u00e9 assinada por Ian\u00a0Fraguas, DJ respons\u00e1vel pela festa Back in Bahia, tradicional no calend\u00e1rio da cidade. Ap\u00f3s o show da dupla, Ian assume o comando da noite em mais uma edi\u00e7\u00e3o da BiB, trazendo como convidado o DJ Caco. Quem participar do show tem acesso livre \u00e0 festa, que re\u00fane\u00a0a produ\u00e7\u00e3o musical baiana dos mais diversos g\u00eaneros e per\u00edodos.<\/p>\n<p>SERVI\u00c7O<\/p>\n<p>SHOW NININHA &amp; MARI + FESTA BACK IN BAHIA<br \/>\nDATA: 15\/06\/2019 LOCAL: Commons Studio Bar, Rio Vermelho<br \/>\nHOR\u00c1RIO: 20h VALOR:<br \/>\nA entrada custa R$15 (portaria) e R$10 (lista amiga) &#8211; quem comprar o acesso para o show pode ficar para\u00a0a festa Back in Bahia, com os DJs Ian Fraguas e Caco.<\/p>\n","protected":false},"excerpt":{"rendered":"<p>Duas drags queens famosas por seus trabalhos na cena LGBTQ+ de Salvador se uniram para um lan\u00e7amento que vai marcar a celebra\u00e7\u00e3o pelo M\u00eas da Diversidade [&hellip;]<\/p>\n","protected":false},"author":1,"featured_media":19517,"comment_status":"open","ping_status":"open","sticky":false,"template":"","format":"image","meta":{"footnotes":""},"categories":[80,16],"tags":[],"class_list":["post-19516","post","type-post","status-publish","format-image","has-post-thumbnail","hentry","category-home","category-me-jogo","post_format-post-format-image"],"_links":{"self":[{"href":"https:\/\/blogs.correio24horas.com.br\/mesalte\/wp-json\/wp\/v2\/posts\/19516","targetHints":{"allow":["GET"]}}],"collection":[{"href":"https:\/\/blogs.correio24horas.com.br\/mesalte\/wp-json\/wp\/v2\/posts"}],"about":[{"href":"https:\/\/blogs.correio24horas.com.br\/mesalte\/wp-json\/wp\/v2\/types\/post"}],"author":[{"embeddable":true,"href":"https:\/\/blogs.correio24horas.com.br\/mesalte\/wp-json\/wp\/v2\/users\/1"}],"replies":[{"embeddable":true,"href":"https:\/\/blogs.correio24horas.com.br\/mesalte\/wp-json\/wp\/v2\/comments?post=19516"}],"version-history":[{"count":1,"href":"https:\/\/blogs.correio24horas.com.br\/mesalte\/wp-json\/wp\/v2\/posts\/19516\/revisions"}],"predecessor-version":[{"id":19518,"href":"https:\/\/blogs.correio24horas.com.br\/mesalte\/wp-json\/wp\/v2\/posts\/19516\/revisions\/19518"}],"wp:featuredmedia":[{"embeddable":true,"href":"https:\/\/blogs.correio24horas.com.br\/mesalte\/wp-json\/wp\/v2\/media\/19517"}],"wp:attachment":[{"href":"https:\/\/blogs.correio24horas.com.br\/mesalte\/wp-json\/wp\/v2\/media?parent=19516"}],"wp:term":[{"taxonomy":"category","embeddable":true,"href":"https:\/\/blogs.correio24horas.com.br\/mesalte\/wp-json\/wp\/v2\/categories?post=19516"},{"taxonomy":"post_tag","embeddable":true,"href":"https:\/\/blogs.correio24horas.com.br\/mesalte\/wp-json\/wp\/v2\/tags?post=19516"}],"curies":[{"name":"wp","href":"https:\/\/api.w.org\/{rel}","templated":true}]}}