{"id":19514,"date":"2019-06-13T15:47:42","date_gmt":"2019-06-13T18:47:42","guid":{"rendered":"http:\/\/blogs.correio24horas.com.br\/mesalte\/?p=19514"},"modified":"2019-06-13T15:47:42","modified_gmt":"2019-06-13T18:47:42","slug":"deputado-pede-criacao-da-categoria-de-artistas-dragqueens-no-credenciamento-de-artistas-da-bahia","status":"publish","type":"post","link":"https:\/\/blogs.correio24horas.com.br\/mesalte\/deputado-pede-criacao-da-categoria-de-artistas-dragqueens-no-credenciamento-de-artistas-da-bahia\/","title":{"rendered":"Deputado pede cria\u00e7\u00e3o da categoria de artistas dragqueens no credenciamento de artistas da Bahia"},"content":{"rendered":"<p>O deputado estadual Jac\u00f3 (PT) indicou nesta quarta-feira (12) ao governador Rui Costa e \u00e0 secret\u00e1ria de Cultura, Aranny Santana, a cria\u00e7\u00e3o da categoria de artistas dragqueens, dragkings e performers no Credenciamento de Artistas da Bahia.<\/p>\n<p>O Projeto de Indica\u00e7\u00e3o n\u00ba 1.534\/2019 nasceu de uma demanda da comunidade LGBTQI+ que carece de aten\u00e7\u00e3o para a formaliza\u00e7\u00e3o.<\/p>\n<p>&#8220;H\u00e1 profissionais precarizados, mal remunerados, em muitos contextos assediados moralmente, e com poucas oportunidades de forma\u00e7\u00e3o, investimentos e de fazer sua arte, que cumpre um papel social e afirmativo importante, de maneira digna&#8221;, afirma Jac\u00f3.<\/p>\n<p>O projeto tamb\u00e9m fala na natureza perform\u00e1tica da atividade, que se manifesta atrav\u00e9s de linguagens multidisciplinares, e no papel social que artistas drags acabam cumprindo ao promover o debate sobre a diversidade, a cultura da paz e da n\u00e3o viol\u00eancia.\u00a0&#8220;S\u00e3o in\u00fameras pessoas heterossexuais, fam\u00edlias, adolescentes e jovens, que frequentam e aplaudem diversas drags e performers nos palcos da Bahia por reconhecerem nelas um canal formador de opini\u00e3o que respeite a diversidade humana&#8221;, destaca o deputado.<\/p>\n<p>Para o artista dragqueen Rafael Pedral (Petra Per\u00f3n, Miss Brasil Gay vers\u00e3o Bahia), o projeto de indica\u00e7\u00e3o \u00e9 um marco, pois inicia um processo de di\u00e1logo com o Estado sobre demandas hist\u00f3ricas: a informalidade, a precariza\u00e7\u00e3o, a m\u00e1 remunera\u00e7\u00e3o, os contextos assediados morais, e as poucas oportunidades de forma\u00e7\u00e3o e investimentos em nossa arte.<\/p>\n<p>&#8220;Agora \u00e9 caminhar para a consolida\u00e7\u00e3o desta proposta, e garantir or\u00e7amento e editais espec\u00edficos. Assim garantimos mais democracia no acesso aos investimentos p\u00fablicos na cultura e, consequentemente, o desenvolvimento social do estado da Bahia&#8221;, completa o artista.<\/p>\n<p>A partir do projeto de indica\u00e7\u00e3o, agora, cabe ao governo estadual acolher ou n\u00e3o o pedido. Clique <a href=\"http:\/\/www.al.ba.gov.br\/atividade-legislativa\/proposicao\/IND-23.204-2019\" target=\"_blank\">aqui<\/a> e consulte o projeto.<\/p>\n","protected":false},"excerpt":{"rendered":"<p>O deputado estadual Jac\u00f3 (PT) indicou nesta quarta-feira (12) ao governador Rui Costa e \u00e0 secret\u00e1ria de Cultura, Aranny Santana, a cria\u00e7\u00e3o da categoria de artistas [&hellip;]<\/p>\n","protected":false},"author":1,"featured_media":12915,"comment_status":"open","ping_status":"open","sticky":false,"template":"","format":"image","meta":{"footnotes":""},"categories":[80,11],"tags":[],"class_list":["post-19514","post","type-post","status-publish","format-image","has-post-thumbnail","hentry","category-home","category-me-informo","post_format-post-format-image"],"_links":{"self":[{"href":"https:\/\/blogs.correio24horas.com.br\/mesalte\/wp-json\/wp\/v2\/posts\/19514","targetHints":{"allow":["GET"]}}],"collection":[{"href":"https:\/\/blogs.correio24horas.com.br\/mesalte\/wp-json\/wp\/v2\/posts"}],"about":[{"href":"https:\/\/blogs.correio24horas.com.br\/mesalte\/wp-json\/wp\/v2\/types\/post"}],"author":[{"embeddable":true,"href":"https:\/\/blogs.correio24horas.com.br\/mesalte\/wp-json\/wp\/v2\/users\/1"}],"replies":[{"embeddable":true,"href":"https:\/\/blogs.correio24horas.com.br\/mesalte\/wp-json\/wp\/v2\/comments?post=19514"}],"version-history":[{"count":1,"href":"https:\/\/blogs.correio24horas.com.br\/mesalte\/wp-json\/wp\/v2\/posts\/19514\/revisions"}],"predecessor-version":[{"id":19515,"href":"https:\/\/blogs.correio24horas.com.br\/mesalte\/wp-json\/wp\/v2\/posts\/19514\/revisions\/19515"}],"wp:featuredmedia":[{"embeddable":true,"href":"https:\/\/blogs.correio24horas.com.br\/mesalte\/wp-json\/wp\/v2\/media\/12915"}],"wp:attachment":[{"href":"https:\/\/blogs.correio24horas.com.br\/mesalte\/wp-json\/wp\/v2\/media?parent=19514"}],"wp:term":[{"taxonomy":"category","embeddable":true,"href":"https:\/\/blogs.correio24horas.com.br\/mesalte\/wp-json\/wp\/v2\/categories?post=19514"},{"taxonomy":"post_tag","embeddable":true,"href":"https:\/\/blogs.correio24horas.com.br\/mesalte\/wp-json\/wp\/v2\/tags?post=19514"}],"curies":[{"name":"wp","href":"https:\/\/api.w.org\/{rel}","templated":true}]}}