{"id":19511,"date":"2019-06-13T14:39:38","date_gmt":"2019-06-13T17:39:38","guid":{"rendered":"http:\/\/blogs.correio24horas.com.br\/mesalte\/?p=19511"},"modified":"2019-06-13T14:49:22","modified_gmt":"2019-06-13T17:49:22","slug":"apos-parir-claudia-leitte-lancara-nova-turne-em-micareta-com-dois-dias-de-show-em-salvador","status":"publish","type":"post","link":"https:\/\/blogs.correio24horas.com.br\/mesalte\/apos-parir-claudia-leitte-lancara-nova-turne-em-micareta-com-dois-dias-de-show-em-salvador\/","title":{"rendered":"Ap\u00f3s parir, Claudia Leitte lan\u00e7ar\u00e1 nova turn\u00ea em micareta com dois dias de show em Salvador"},"content":{"rendered":"<p>Claudia Leitte\u00a0deixou no ar &#8211; <a href=\"https:\/\/blogs.correio24horas.com.br\/mesalte\/tenho-prazer-em-retribuir-diz-claudia-leitte-sobre-relacao-com-o-publico-lgbt\/\" target=\"_blank\">quando a entrevistamos em Trancoso no San Island Weekend<\/a>\u00a0 &#8211; que j\u00e1 estava com os planos organizados para seu retorno aos palcos ap\u00f3s d\u00e1 a luz \u00e0 sua filha, Bela. A menina deve nascer em julho ou agosto e Claudia retornar\u00e1 aos palcos em outubro em dose dupla.<\/p>\n<p>Explico: Claudia lan\u00e7ar\u00e1 seu novo show, em palco, da Micareta Salvador no s\u00e1bado (26) no Wet&#8217;n Wild. No domingo (27), ela retorna \u00e0 micareta com show no trio el\u00e9trico.<\/p>\n<p>A grade de atra\u00e7\u00f5es completa do evento, que \u00e9 promovido pelo grupo San Sebastian, e acontecer\u00e1 de 25 a 27 de outubro ser\u00e1 divulgada hoje \u00e0s 18h.<\/p>\n","protected":false},"excerpt":{"rendered":"<p>Claudia Leitte\u00a0deixou no ar &#8211; quando a entrevistamos em Trancoso no San Island Weekend\u00a0 &#8211; que j\u00e1 estava com os planos organizados para seu retorno aos [&hellip;]<\/p>\n","protected":false},"author":1,"featured_media":19387,"comment_status":"open","ping_status":"open","sticky":false,"template":"","format":"image","meta":{"footnotes":""},"categories":[28,80],"tags":[],"class_list":["post-19511","post","type-post","status-publish","format-image","has-post-thumbnail","hentry","category-farofa-digital","category-home","post_format-post-format-image"],"_links":{"self":[{"href":"https:\/\/blogs.correio24horas.com.br\/mesalte\/wp-json\/wp\/v2\/posts\/19511","targetHints":{"allow":["GET"]}}],"collection":[{"href":"https:\/\/blogs.correio24horas.com.br\/mesalte\/wp-json\/wp\/v2\/posts"}],"about":[{"href":"https:\/\/blogs.correio24horas.com.br\/mesalte\/wp-json\/wp\/v2\/types\/post"}],"author":[{"embeddable":true,"href":"https:\/\/blogs.correio24horas.com.br\/mesalte\/wp-json\/wp\/v2\/users\/1"}],"replies":[{"embeddable":true,"href":"https:\/\/blogs.correio24horas.com.br\/mesalte\/wp-json\/wp\/v2\/comments?post=19511"}],"version-history":[{"count":2,"href":"https:\/\/blogs.correio24horas.com.br\/mesalte\/wp-json\/wp\/v2\/posts\/19511\/revisions"}],"predecessor-version":[{"id":19513,"href":"https:\/\/blogs.correio24horas.com.br\/mesalte\/wp-json\/wp\/v2\/posts\/19511\/revisions\/19513"}],"wp:featuredmedia":[{"embeddable":true,"href":"https:\/\/blogs.correio24horas.com.br\/mesalte\/wp-json\/wp\/v2\/media\/19387"}],"wp:attachment":[{"href":"https:\/\/blogs.correio24horas.com.br\/mesalte\/wp-json\/wp\/v2\/media?parent=19511"}],"wp:term":[{"taxonomy":"category","embeddable":true,"href":"https:\/\/blogs.correio24horas.com.br\/mesalte\/wp-json\/wp\/v2\/categories?post=19511"},{"taxonomy":"post_tag","embeddable":true,"href":"https:\/\/blogs.correio24horas.com.br\/mesalte\/wp-json\/wp\/v2\/tags?post=19511"}],"curies":[{"name":"wp","href":"https:\/\/api.w.org\/{rel}","templated":true}]}}