{"id":19460,"date":"2019-06-10T08:57:04","date_gmt":"2019-06-10T11:57:04","guid":{"rendered":"http:\/\/blogs.correio24horas.com.br\/mesalte\/?p=19460"},"modified":"2019-06-10T08:57:45","modified_gmt":"2019-06-10T11:57:45","slug":"projeto-de-acolhimento-de-pessoas-lgbtqia-em-salvador-abre-financiamento-coletivo-ajude","status":"publish","type":"post","link":"https:\/\/blogs.correio24horas.com.br\/mesalte\/projeto-de-acolhimento-de-pessoas-lgbtqia-em-salvador-abre-financiamento-coletivo-ajude\/","title":{"rendered":"Projeto de acolhimento de pessoas LGBTQIA+ em Salvador abre financiamento coletivo; ajude"},"content":{"rendered":"<p>Inaugurado <a href=\"https:\/\/blogs.correio24horas.com.br\/mesalte\/salvador-tera-1o-centro-de-cultura-e-acolhimento-voltado-para-populacao-lgbt-da-bahia\/\" target=\"_blank\">no m\u00eas de maio no bairro da Sa\u00fade,<\/a> em Salvador, o Centro de Cultura e Acolhimento LGBTQI+ est\u00e1 fazendo uma campanha de financiamento coletivo.\u00a0O projeto social surgiu da necessidade da popula\u00e7\u00e3o LGBTQI+ em enfrentar os danos causados pela LGBTfobia. Entre os seus prop\u00f3sitos, a Casa Aurora visa o resgate dos valores b\u00e1sicos da conviv\u00eancia familiar e comunit\u00e1ria para a livre express\u00e3o da potencialidade dos sujeitos, fomentando o desenvolvimento pessoal e intelectual atrav\u00e9s das atividades desenvolvidas.<\/p>\n<p>O espa\u00e7o da Casa Aurora est\u00e1 aberto para visita\u00e7\u00f5es. Para isso, \u00e9 necess\u00e1rio encaminhar um e-mail para casadeacolhimentoaurora@gmail.com e agendar uma visita ao projeto social de acolhimento LGBTQI+ da capital baiana. Caso queira contribuir com a iniciativa social, acesse o link da vakinha : <a href=\"http:\/\/vaka.me\/590271\" target=\"_blank\">http:\/\/vaka.me\/590271<\/a> ou doe diretamente na conta da ADIBA Caixa Econ\u00f4mica Federal, AG:3790, OP: 003, CC:1168-0, CNPJ: 32885310\/0001-27, ASSOCIA\u00c7\u00c3O DE DIVERSIDADE E INCLUS\u00c3O DA BAHIA &#8211; COLETIVO A\u00c7\u00c3O.<\/p>\n<p>O projeto social da Casa Aurora \u00e9 coordenado pelo casal trans e negro Jo\u00e3o Hugo e Sellena Ramos, integrantes da ADIBA &#8211; Associa\u00e7\u00e3o de Diversidade e Inclus\u00e3o da Bahia. A Casa Aurora se constitui como uma das a\u00e7\u00f5es da ADIBA, pessoa jur\u00eddica de direito privado, sem fins econ\u00f4micos, de car\u00e1ter filantr\u00f3pico, assistencial, sem cunho pol\u00edtico ou partid\u00e1rio. Segundo a coordena\u00e7\u00e3o da Casa Aurora, \u201cum dos objetivos do projeto, para al\u00e9m do acolhimento, \u00e9 desenvolver atividades socioeducativas e culturais no espa\u00e7o, resgatando a autoestima das pessoas LGBTQI+ que ser\u00e3o acolhidas e as pessoas LGBTQI+ externas que ir\u00e3o participar das atividades na casa\u201d.<\/p>\n<p>Segundo Rafaela Garcez, mulher l\u00e9sbica e presidenta da ADIBA, o projeto da Casa Aurora tamb\u00e9m vai funcionar como espa\u00e7o de media\u00e7\u00e3o de conflitos que envolvem jovens LGBTQI+ e seus familiares. \u201cA casa vai funcionar com um corpo t\u00e9cnico voluntariado, com o intuito de dar suporte psicossocial, buscando oferecer formas de apoio \u00e0s fam\u00edlias que muitas vezes n\u00e3o compreendem a sexualidade de seus filhos. Al\u00e9m disso, pretendemos atuar com o suporte em servi\u00e7os de forma\u00e7\u00e3o de m\u00e3o de obra e busca por empregos e est\u00e1gios\u201d, ressalta Garcez.<\/p>\n<p>Com o intuito de equipar os quartos e \u00e1reas de conviv\u00eancia (com m\u00f3veis e utens\u00edlios dom\u00e9sticos e pagar contas de manuten\u00e7\u00e3o) destinados ao acolhimento de pessoas LGBTQI+ em situa\u00e7\u00e3o de risco e vulnerabilidade social, a Casa Aurora est\u00e1 recebendo doa\u00e7\u00f5es atrav\u00e9s de um financiamento coletivo. \u201cO acolhimento ainda n\u00e3o come\u00e7ou a ser feito, j\u00e1 que ainda estamos selecionando o corpo t\u00e9cnico voluntariado e captando recursos para montar as estruturas m\u00ednimas e humanizadas para o acolhimento ser realizado. Esperamos abrir para o acolhimento ainda no m\u00eas de junho\u201d, salienta Jo\u00e3o Hugo e Sellena Ramos.<\/p>\n<p>As campanhas e atividades da Casa Aurora s\u00e3o divulgados nas redes sociais do projeto. Acompanhem atrav\u00e9s da p\u00e1gina do Facebook \u201cCasa Aurora\u201d e no Instagram @aurora_casalgbt.<\/p>\n","protected":false},"excerpt":{"rendered":"<p>Inaugurado no m\u00eas de maio no bairro da Sa\u00fade, em Salvador, o Centro de Cultura e Acolhimento LGBTQI+ est\u00e1 fazendo uma campanha de financiamento coletivo.\u00a0O projeto [&hellip;]<\/p>\n","protected":false},"author":1,"featured_media":19463,"comment_status":"open","ping_status":"open","sticky":false,"template":"","format":"image","meta":{"footnotes":""},"categories":[80,9],"tags":[],"class_list":["post-19460","post","type-post","status-publish","format-image","has-post-thumbnail","hentry","category-home","category-me-orgulho","post_format-post-format-image"],"_links":{"self":[{"href":"https:\/\/blogs.correio24horas.com.br\/mesalte\/wp-json\/wp\/v2\/posts\/19460","targetHints":{"allow":["GET"]}}],"collection":[{"href":"https:\/\/blogs.correio24horas.com.br\/mesalte\/wp-json\/wp\/v2\/posts"}],"about":[{"href":"https:\/\/blogs.correio24horas.com.br\/mesalte\/wp-json\/wp\/v2\/types\/post"}],"author":[{"embeddable":true,"href":"https:\/\/blogs.correio24horas.com.br\/mesalte\/wp-json\/wp\/v2\/users\/1"}],"replies":[{"embeddable":true,"href":"https:\/\/blogs.correio24horas.com.br\/mesalte\/wp-json\/wp\/v2\/comments?post=19460"}],"version-history":[{"count":5,"href":"https:\/\/blogs.correio24horas.com.br\/mesalte\/wp-json\/wp\/v2\/posts\/19460\/revisions"}],"predecessor-version":[{"id":19466,"href":"https:\/\/blogs.correio24horas.com.br\/mesalte\/wp-json\/wp\/v2\/posts\/19460\/revisions\/19466"}],"wp:featuredmedia":[{"embeddable":true,"href":"https:\/\/blogs.correio24horas.com.br\/mesalte\/wp-json\/wp\/v2\/media\/19463"}],"wp:attachment":[{"href":"https:\/\/blogs.correio24horas.com.br\/mesalte\/wp-json\/wp\/v2\/media?parent=19460"}],"wp:term":[{"taxonomy":"category","embeddable":true,"href":"https:\/\/blogs.correio24horas.com.br\/mesalte\/wp-json\/wp\/v2\/categories?post=19460"},{"taxonomy":"post_tag","embeddable":true,"href":"https:\/\/blogs.correio24horas.com.br\/mesalte\/wp-json\/wp\/v2\/tags?post=19460"}],"curies":[{"name":"wp","href":"https:\/\/api.w.org\/{rel}","templated":true}]}}