{"id":19440,"date":"2019-06-07T07:13:34","date_gmt":"2019-06-07T10:13:34","guid":{"rendered":"http:\/\/blogs.correio24horas.com.br\/mesalte\/?p=19440"},"modified":"2019-06-07T07:13:34","modified_gmt":"2019-06-07T10:13:34","slug":"criminalizar-a-homofobia-e-so-o-comeco-diz-cantor-silva-que-fara-show-domingo-em-salvador","status":"publish","type":"post","link":"https:\/\/blogs.correio24horas.com.br\/mesalte\/criminalizar-a-homofobia-e-so-o-comeco-diz-cantor-silva-que-fara-show-domingo-em-salvador\/","title":{"rendered":"\u2018Criminalizar a homofobia \u00e9 s\u00f3 o come\u00e7o\u2019, diz cantor Silva que far\u00e1 show domingo em Salvador"},"content":{"rendered":"<p class=\"bodytext\"><em>Por Giuliana Mancini*<\/em><\/p>\n<p class=\"bodytext\">Arrancar um elogio do cantor Silva sobre Salvador \u00e9 uma tarefa f\u00e1cil. Natural de Vit\u00f3ria, no Esp\u00edrito Santo, ele adora falar do amor que tem pela capital baiana, definida como sendo seu lugar &#8216;do seu cora\u00e7\u00e3o&#8217; e um dos que mais gosta de se apresentar.<\/p>\n<p class=\"bodytext\">\u201cN\u00e3o sei explicar exatamente da onde vem essa conex\u00e3o que tenho com a cidade, mas posso ver que muita gente vem me acompanhando desde o come\u00e7o da minha carreira. Isso \u00e9 um presente e espero que essa rela\u00e7\u00e3o dure por muitos anos\u201d, derrete-se.<\/p>\n<table class=\"table\">\n<tbody>\n<tr>\n<td class=\"text-center\"><img loading=\"lazy\" decoding=\"async\" src=\"https:\/\/correio-cdn2.cworks.cloud\/fileadmin\/_processed_\/3\/0\/csm_050619_vida_-_Silva__foto_Breno_Galtier___1__afb61ac2d9.jpg\" alt=\"\" width=\"859\" height=\"1000\" \/><\/td>\n<\/tr>\n<tr>\n<td class=\"text-center\">\n<p class=\"bodytext\">(Foto: Breno Galtier\/Divulga\u00e7\u00e3o)<\/p>\n<\/td>\n<\/tr>\n<\/tbody>\n<\/table>\n<p class=\"bodytext\">Neste domingo (9), matar\u00e1 as saudades. O cantor sobe ao palco da Sala Principal do Teatro Castro Alves para comandar o espet\u00e1culo Silva canta Marisa, em homenagem \u00e0 cantora Marisa Monte. Mas nem adianta procurar ingressos: est\u00e3o esgotados.<\/p>\n<div id=\"suadiversao_300x250_01\"><\/div>\n<blockquote>\n<p class=\"bodytext\">&#8220;Fiquei muito feliz, mesmo! Isso mostra que as cobran\u00e7as eram reais. Recebi muitos e muitos pedidos de f\u00e3s de Salvador para que eu fizesse esse show na cidade. Agora finalmente vai acontecer e no TCA, que \u00e9 um dos teatros que mais amo&#8221;, comemora.<\/p>\n<\/blockquote>\n<p class=\"bodytext\">Quem n\u00e3o conseguiu sua entrada para a apresenta\u00e7\u00e3o &#8211; ou mesmo quem quer ver o artista mais vezes &#8211; n\u00e3o precisa ficar triste. Na pr\u00f3xima quarta-feira (12), ser\u00e1 o convidado do Cortejo Afro na festa Venha Beijar no Pelourinho. O evento, no clima do Dia dos Namorados, acontece a partir das 21h, no Largo Tereza Batista, e tem ingressos, em primeiro lote, por R$ 20 (meia) e R$ 40 (inteira), vendidos nas lojas South e no site Safeticket.<\/p>\n<p class=\"bodytext\">Depois, Silva ser\u00e1 uma das atra\u00e7\u00f5es do projeto Bud Basement, no Trapiche Barnab\u00e9 (Com\u00e9rcio), onde tocar\u00e1 no dia 2 de julho, a partir das 16h. A entrada, em lote promocional, custa\u00a0R$ 35 na plataforma Sympla. E ele promete que n\u00e3o parar\u00e1 por a\u00ed.<\/p>\n<div id=\"div-gpt-ad-1558981264142-0\" data-google-query-id=\"CIOGrL2Q1-ICFU_E4QodQ0oHGg\">\n<div id=\"google_ads_iframe_\/44585206\/c24h_internas_300x250_03_0__container__\">&#8220;Tenho vontade de passar um ver\u00e3o inteiro na capital baiana &#8211; ainda n\u00e3o pude fazer isso, mas j\u00e1 estou com essa ideia em mente. Talvez gravar meu pr\u00f3ximo disco nessa cidade que me inspira tanto e de onde saem meus m\u00fasicos prediletos. Salvador est\u00e1 sempre nos meus planos&#8221;, comenta.<\/div>\n<\/div>\n<table class=\"table\">\n<tbody>\n<tr>\n<td class=\"text-center\"><img loading=\"lazy\" decoding=\"async\" src=\"https:\/\/correio-cdn3.cworks.cloud\/fileadmin\/_processed_\/1\/6\/csm_050619_vida_-_Silva__foto_Breno_Galtier___2__2b4550836e.jpg\" alt=\"\" width=\"714\" height=\"1000\" \/><\/td>\n<\/tr>\n<tr>\n<td class=\"text-center\">\n<p class=\"bodytext\">(Foto: Breno Galtier\/Divulga\u00e7\u00e3o)<\/p>\n<\/td>\n<\/tr>\n<\/tbody>\n<\/table>\n<p class=\"bodytext\"><strong>Para Marisa<\/strong><br \/>\nO espet\u00e1culo deste fim de semana n\u00e3o \u00e9 exatamente novo: a turn\u00ea come\u00e7ou em dezembro de 2016. Mas, na \u00e9poca, o artista n\u00e3o conseguiu traz\u00ea-la a Salvador.<\/p>\n<div id=\"div-gpt-ad-1558981401166-0\" data-google-query-id=\"CKygub2Q1-ICFQsdwwod_IoO5w\">\n<div id=\"google_ads_iframe_\/44585206\/c24h_internas_300x250_04_0__container__\">\u201cQuando fui pra estrada com \u2018Silva Canta Marisa\u2019, minha estrutura era muito menor e t\u00ednhamos algumas dificuldades para levar \u00e0 todas as cidades que gostar\u00edamos. Sempre prezei pela qualidade do meu show e se n\u00e3o desse para lev\u00e1-lo completo, com uma ilumina\u00e7\u00e3o bonita e um som bem feito, eu preferia n\u00e3o fazer\u201d.<\/div>\n<\/div>\n<p class=\"bodytext\">De l\u00e1 para c\u00e1, lan\u00e7ou outro projeto, Brasileiro, que consolidou ainda mais sua carreira. \u201cAs possibilidades de levar meu espet\u00e1culo para outras cidades aumentaram. Por isso resolvi passar com o \u2018Canta Marisa\u2019 pelos lugares que, infelizmente, n\u00e3o pude ir durante a turn\u00ea. Esse show continua sendo muito requisitado\u201d, afirma.<\/p>\n<table class=\"table\">\n<tbody>\n<tr>\n<td class=\"text-center\"><img loading=\"lazy\" decoding=\"async\" src=\"https:\/\/correio-cdn1.cworks.cloud\/fileadmin\/_processed_\/c\/4\/csm_050619_vida_-_Silva__foto_Breno_Galtier___3__41895bd152.jpg\" alt=\"\" width=\"667\" height=\"1000\" \/><\/td>\n<\/tr>\n<tr>\n<td class=\"text-center\">\n<p class=\"bodytext\">(Foto: Breno Galtier\/Divulga\u00e7\u00e3o)<\/p>\n<\/td>\n<\/tr>\n<\/tbody>\n<\/table>\n<div id=\"div-gpt-ad-1558985512674-0\" data-google-query-id=\"CMuBo72Q1-ICFTLR4Qod-AgPMw\">\n<div id=\"google_ads_iframe_\/44585206\/c24h_internas_300x250_05_0__container__\"><\/div>\n<\/div>\n<p class=\"bodytext\">Segundo o artista, n\u00e3o h\u00e1 grandes mudan\u00e7as,\u00a0\u2018apenas detalhes\u2019. E tamb\u00e9m n\u00e3o foram inclu\u00eddas muitas m\u00fasicas autorais de Silva no repert\u00f3rio.<\/p>\n<blockquote>\n<p class=\"bodytext\">&#8220;\u00c9 um momento que curto ser int\u00e9rprete e descanso meu trabalho de compositor. Mesmo assim eu encaro as vers\u00f5es como se fossem composi\u00e7\u00f5es minhas, gosto de colocar minha cara e meu jeito em todas elas. \u2018Feliz e Ponto\u2019 \u00e9 a \u00fanica m\u00fasica minha que entra no show, al\u00e9m de \u2018Noturna\u2019, que compus com Marisa e meu irm\u00e3o Lucas\u201d, adianta.<\/p>\n<\/blockquote>\n<p class=\"bodytext\">A proximidade com a homenageada, ali\u00e1s, veio gra\u00e7as ao trabalho &#8211; para a felicidade de Silva. \u201cQuando comecei esse projeto eu era um grande f\u00e3 (continuo sendo, talvez at\u00e9 mais agora) e n\u00e3o tinha contato algum com Marisa. Hoje, posso dizer que me tornei um amigo dela. Isso foi um presente pra mim, poder conhecer um \u00eddolo de pertinho e agora poder compartilhar ideias, compor junto e manter contato. Me considero um cara de sorte.<\/p>\n<table class=\"table\">\n<tbody>\n<tr>\n<td class=\"text-center\"><img loading=\"lazy\" decoding=\"async\" src=\"https:\/\/correio-cdn2.cworks.cloud\/fileadmin\/_processed_\/b\/7\/csm_050619_vida_Silva_e_Marisa_Monte__foto_Miguel_Vassy__841151c69f.jpg\" alt=\"\" width=\"1000\" height=\"622\" \/><\/td>\n<\/tr>\n<tr>\n<td class=\"text-center\">\n<p class=\"bodytext\">(Foto: Miguel Vassy\/Divulga\u00e7\u00e3o)<\/p>\n<\/td>\n<\/tr>\n<\/tbody>\n<\/table>\n<p class=\"bodytext\">Ap\u00f3s essa s\u00e9rie de apresenta\u00e7\u00f5es do espet\u00e1culo, ele garante que n\u00e3o haver\u00e1 repeteco. \u201cV\u00e3o ser mesmo s\u00f3 esses, depois vou parar\u201d.<\/p>\n<p class=\"bodytext\">Engajado nas causas LGBTQIA+?, Silva comentou tamb\u00e9m sobre a recente aprova\u00e7\u00e3o por parte do Supremo Tribunal Federal da criminaliza\u00e7\u00e3o da homofobia. &#8220;Acredito que num pa\u00eds violento como o nosso e que segundo as estat\u00edsticas \u00e9 o pa\u00eds que mais mata LGBTQI+\u2019s no mundo, criminalizar a homofobia \u00e9 apenas o come\u00e7o, um grande come\u00e7o por sinal. Ouvir uma frase como \u201ca dor \u00e9 urgente\u201d vindo do STF \u00e9 como poesia no meio de tanta not\u00edcia ruim e desesperan\u00e7a. Hoje a gente v\u00ea que n\u00e3o podemos contar com o bom senso e o respeito de uma boa parcela da popula\u00e7\u00e3o. Ent\u00e3o, tem que criminalizar sim! E esperar que isso ajude a desencadear um processo de humaniza\u00e7\u00e3o da mente de muitos brasileiros e brasileiras. Enquanto isso, seguimos atentos e fortes&#8221;, destacou o capixaba.<\/p>\n<p class=\"bodytext\"><strong>Servi\u00e7o<\/strong><br \/>\nO qu\u00ea: Show Silva Canta Marisa.<br \/>\nOnde:\u00a0Teatro Castro Alves (Campo Grande | 4000-1139).<br \/>\nQuando: Domingo (9), \u00e0s 20h<br \/>\nIngresso:\u00a0R$ 140 | R$ 70 (A a W), R$ 110 | R$ 55 (X a Z6) e R$ 80 | R$ 40 (Z7 a Z11).<br \/>\nVendas: TCA, SAC dos shoppings Barra e Bela Vista e site\u00a0<strong><a href=\"https:\/\/site.ingressorapido.com.br\/tca\/\" target=\"_blank\">Ingresso R\u00e1pido<\/a><\/strong>\u00a0(Ingressos esgotados).<br \/>\nClube Correio: 40% de desconto.<\/p>\n<p class=\"bodytext\"><em><strong>*Colaborou\u00a0Mar\u00edlia Moreira<\/strong><\/em><\/p>\n","protected":false},"excerpt":{"rendered":"<p>Por Giuliana Mancini* Arrancar um elogio do cantor Silva sobre Salvador \u00e9 uma tarefa f\u00e1cil. Natural de Vit\u00f3ria, no Esp\u00edrito Santo, ele adora falar do amor [&hellip;]<\/p>\n","protected":false},"author":1,"featured_media":0,"comment_status":"open","ping_status":"open","sticky":false,"template":"","format":"image","meta":{"footnotes":""},"categories":[28,80,16],"tags":[170,232,1874,1875],"class_list":["post-19440","post","type-post","status-publish","format-image","hentry","category-farofa-digital","category-home","category-me-jogo","tag-salvador","tag-silva","tag-silva-canta-marisa","tag-silva-em-salvador","post_format-post-format-image"],"_links":{"self":[{"href":"https:\/\/blogs.correio24horas.com.br\/mesalte\/wp-json\/wp\/v2\/posts\/19440","targetHints":{"allow":["GET"]}}],"collection":[{"href":"https:\/\/blogs.correio24horas.com.br\/mesalte\/wp-json\/wp\/v2\/posts"}],"about":[{"href":"https:\/\/blogs.correio24horas.com.br\/mesalte\/wp-json\/wp\/v2\/types\/post"}],"author":[{"embeddable":true,"href":"https:\/\/blogs.correio24horas.com.br\/mesalte\/wp-json\/wp\/v2\/users\/1"}],"replies":[{"embeddable":true,"href":"https:\/\/blogs.correio24horas.com.br\/mesalte\/wp-json\/wp\/v2\/comments?post=19440"}],"version-history":[{"count":1,"href":"https:\/\/blogs.correio24horas.com.br\/mesalte\/wp-json\/wp\/v2\/posts\/19440\/revisions"}],"predecessor-version":[{"id":19441,"href":"https:\/\/blogs.correio24horas.com.br\/mesalte\/wp-json\/wp\/v2\/posts\/19440\/revisions\/19441"}],"wp:attachment":[{"href":"https:\/\/blogs.correio24horas.com.br\/mesalte\/wp-json\/wp\/v2\/media?parent=19440"}],"wp:term":[{"taxonomy":"category","embeddable":true,"href":"https:\/\/blogs.correio24horas.com.br\/mesalte\/wp-json\/wp\/v2\/categories?post=19440"},{"taxonomy":"post_tag","embeddable":true,"href":"https:\/\/blogs.correio24horas.com.br\/mesalte\/wp-json\/wp\/v2\/tags?post=19440"}],"curies":[{"name":"wp","href":"https:\/\/api.w.org\/{rel}","templated":true}]}}