{"id":19394,"date":"2019-06-02T13:47:49","date_gmt":"2019-06-02T16:47:49","guid":{"rendered":"http:\/\/blogs.correio24horas.com.br\/mesalte\/?p=19394"},"modified":"2019-06-02T14:22:50","modified_gmt":"2019-06-02T17:22:50","slug":"fa-derruba-ivete-no-palco-durante-show-em-trancoso-veja-video","status":"publish","type":"post","link":"https:\/\/blogs.correio24horas.com.br\/mesalte\/fa-derruba-ivete-no-palco-durante-show-em-trancoso-veja-video\/","title":{"rendered":"F\u00e3 derruba Ivete no palco durante show em Trancoso; veja v\u00eddeo"},"content":{"rendered":"<p>A apresenta\u00e7\u00e3o de Ivete Sangalo no San Island Weekend , em Trancoso, na Bahia, foi marcada por um momento de tens\u00e3o. Dois f\u00e3s pularam no palco e, enquanto dan\u00e7avam, acabaram derrubando a cantora. Bem humorada, a cantora n\u00e3o parou em nenhum momento de cantar a can\u00e7\u00e3o Beleza Rara jogada no ch\u00e3o com o f\u00e3.\u00a0 Ap\u00f3s o epis\u00f3dio inusitado, a cantora aproveitou para dar uma bronca: &#8220;Voc\u00eas est\u00e3o colocando a vida de voc\u00eas em risco. Vamos dan\u00e7ar para gastar essa energia&#8221;, brincou. O f\u00e3 que derrubou Ivete, inclusive, no dia anterior havia subido no palco do show de Claudia Leitte\u00a0 no mesmo festival. Procurado pelo Me Salte, ele n\u00e3o quis comentar o assunto nem se identificar.<\/p>\n<p>Assista o v\u00eddeo:&gt;<\/p>\n<div class=\"mc-column content-text active-extra-styles \" data-block-type=\"unstyled\" data-block-weight=\"43\" data-block-id=\"4\"><\/div>\n<blockquote class=\"instagram-media\" style=\"background: #FFF; border: 0; border-radius: 3px; box-shadow: 0 0 1px 0 rgba(0,0,0,0.5),0 1px 10px 0 rgba(0,0,0,0.15); margin: 1px; max-width: 540px; min-width: 326px; padding: 0; width: calc(100% - 2px);\" data-instgrm-captioned=\"\" data-instgrm-permalink=\"https:\/\/www.instagram.com\/p\/ByNip6kndfq\/\" data-instgrm-version=\"12\">\n<div style=\"padding: 16px;\"><a style=\"background: #FFFFFF; line-height: 0; padding: 0 0; text-align: center; text-decoration: none; width: 100%;\" href=\"https:\/\/www.instagram.com\/p\/ByNip6kndfq\/\" target=\"_blank\"><br \/>\n<\/a><\/p>\n<div style=\"display: flex; flex-direction: row; align-items: center;\"><\/div>\n<div style=\"padding: 19% 0;\"><\/div>\n<div style=\"display: block; height: 50px; margin: 0 auto 12px; width: 50px;\"><\/div>\n<div style=\"padding-top: 8px;\">\n<div style=\"color: #3897f0; font-family: Arial,sans-serif; font-size: 14px; font-style: normal; font-weight: 550; line-height: 18px;\">Ver essa foto no Instagram<\/div>\n<\/div>\n<p style=\"margin: 8px 0 0 0; padding: 0 4px;\"><a style=\"color: #000; font-family: Arial,sans-serif; font-size: 14px; font-style: normal; font-weight: normal; line-height: 17px; text-decoration: none; word-wrap: break-word;\" href=\"https:\/\/www.instagram.com\/p\/ByNip6kndfq\/\" target=\"_blank\">Diva acess\u00edvel KKKKKKK. Claramente eu sou a pessoa que invade o palco! \u2022 \u2022 \u2022 #ivetesangalo #rainha #bahia #braziliansinger #brasil #veveta #IveteSangalo #cantora #ivetinharainha #isliveexperience #liveexperience #likesforlikes #carnaval #teleguiados (&#x1f3a5;: @matheus.campires)<\/a><\/p>\n<p style=\"color: #c9c8cd; font-family: Arial,sans-serif; font-size: 14px; line-height: 17px; margin-bottom: 0; margin-top: 8px; overflow: hidden; padding: 8px 0 7px; text-align: center; text-overflow: ellipsis; white-space: nowrap;\">Uma publica\u00e7\u00e3o compartilhada por <a style=\"color: #c9c8cd; font-family: Arial,sans-serif; font-size: 14px; font-style: normal; font-weight: normal; line-height: 17px;\" href=\"https:\/\/www.instagram.com\/ivetinharainhaoficial\/\" target=\"_blank\"> Ivetinha Rainha Oficial &#x1f451;<\/a> (@ivetinharainhaoficial) em <time style=\"font-family: Arial,sans-serif; font-size: 14px; line-height: 17px;\" datetime=\"2019-06-02T14:59:38+00:00\">2 de Jun, 2019 \u00e0s 7:59 PDT<\/time><\/p>\n<\/div>\n<\/blockquote>\n<p><script src=\"\/\/www.instagram.com\/embed.js\" async=\"\"><\/script><\/p>\n","protected":false},"excerpt":{"rendered":"<p>A apresenta\u00e7\u00e3o de Ivete Sangalo no San Island Weekend , em Trancoso, na Bahia, foi marcada por um momento de tens\u00e3o. Dois f\u00e3s pularam no palco [&hellip;]<\/p>\n","protected":false},"author":1,"featured_media":0,"comment_status":"open","ping_status":"open","sticky":false,"template":"","format":"image","meta":{"footnotes":""},"categories":[28,80],"tags":[],"class_list":["post-19394","post","type-post","status-publish","format-image","hentry","category-farofa-digital","category-home","post_format-post-format-image"],"_links":{"self":[{"href":"https:\/\/blogs.correio24horas.com.br\/mesalte\/wp-json\/wp\/v2\/posts\/19394","targetHints":{"allow":["GET"]}}],"collection":[{"href":"https:\/\/blogs.correio24horas.com.br\/mesalte\/wp-json\/wp\/v2\/posts"}],"about":[{"href":"https:\/\/blogs.correio24horas.com.br\/mesalte\/wp-json\/wp\/v2\/types\/post"}],"author":[{"embeddable":true,"href":"https:\/\/blogs.correio24horas.com.br\/mesalte\/wp-json\/wp\/v2\/users\/1"}],"replies":[{"embeddable":true,"href":"https:\/\/blogs.correio24horas.com.br\/mesalte\/wp-json\/wp\/v2\/comments?post=19394"}],"version-history":[{"count":3,"href":"https:\/\/blogs.correio24horas.com.br\/mesalte\/wp-json\/wp\/v2\/posts\/19394\/revisions"}],"predecessor-version":[{"id":19398,"href":"https:\/\/blogs.correio24horas.com.br\/mesalte\/wp-json\/wp\/v2\/posts\/19394\/revisions\/19398"}],"wp:attachment":[{"href":"https:\/\/blogs.correio24horas.com.br\/mesalte\/wp-json\/wp\/v2\/media?parent=19394"}],"wp:term":[{"taxonomy":"category","embeddable":true,"href":"https:\/\/blogs.correio24horas.com.br\/mesalte\/wp-json\/wp\/v2\/categories?post=19394"},{"taxonomy":"post_tag","embeddable":true,"href":"https:\/\/blogs.correio24horas.com.br\/mesalte\/wp-json\/wp\/v2\/tags?post=19394"}],"curies":[{"name":"wp","href":"https:\/\/api.w.org\/{rel}","templated":true}]}}