{"id":18228,"date":"2019-02-11T00:09:53","date_gmt":"2019-02-11T03:09:53","guid":{"rendered":"http:\/\/blogs.correio24horas.com.br\/mesalte\/?p=18228"},"modified":"2019-02-10T20:29:28","modified_gmt":"2019-02-10T23:29:28","slug":"jo-barros-lanca-clipe-de-meu-diva-com-participacao-de-nininha-problematica-assista","status":"publish","type":"post","link":"https:\/\/blogs.correio24horas.com.br\/mesalte\/jo-barros-lanca-clipe-de-meu-diva-com-participacao-de-nininha-problematica-assista\/","title":{"rendered":"J\u00f4 Barros lan\u00e7a clipe de &#8216;Meu Div\u00e3&#8217; com participa\u00e7\u00e3o de Nininha Problem\u00e1tica; assista"},"content":{"rendered":"<p>Quem nunca fez tudo por um boy, tomou um p\u00e9 na bunda e precisou sentar num div\u00e3 para desabafar? Esse \u00e9 o tema do single &#8216;Meu Div\u00e3&#8217;, do artista soteropolitano J\u00f4 Barros.\u00a0O clipe da can\u00e7\u00e3o, lan\u00e7ado nesta segunda-feira (11) com exclusividade pelo Me Salte, conta com a participa\u00e7\u00e3o da drag Nininha Problem\u00e1tica.<\/p>\n<p>Com inspira\u00e7\u00e3o musical no mestre Gilberto Gil, na musa Iza e na deusa Madonna, J\u00f4 Barros\u00a0 trabalha como refer\u00eancias a modernidade e o regionalismo identit\u00e1rio.<\/p>\n<p>\u201cMeu Div\u00e3\u201d \u00e9 a primeira can\u00e7\u00e3o composta pelo cantor de 20 anos, que \u00e9 estudante do curso de Comunica\u00e7\u00e3o Social com Habilita\u00e7\u00e3o em Rela\u00e7\u00f5es P\u00fablicas pela Universidade do Estado da Bahia (Uneb).<\/p>\n<div id=\"attachment_18235\" style=\"width: 784px\" class=\"wp-caption aligncenter\"><img loading=\"lazy\" decoding=\"async\" aria-describedby=\"caption-attachment-18235\" class=\"size-full wp-image-18235\" src=\"https:\/\/blogs.correio24h.com.br\/mesalte\/wp-content\/uploads\/2019\/02\/nininha-e-jo.jpg\" alt=\"Foto: Reprodu\u00e7\u00e3o\" width=\"774\" height=\"774\" srcset=\"https:\/\/blogs.correio24h.com.br\/mesalte\/wp-content\/uploads\/2019\/02\/nininha-e-jo.jpg 774w, https:\/\/blogs.correio24h.com.br\/mesalte\/wp-content\/uploads\/2019\/02\/nininha-e-jo-150x150.jpg 150w, https:\/\/blogs.correio24h.com.br\/mesalte\/wp-content\/uploads\/2019\/02\/nininha-e-jo-300x300.jpg 300w, https:\/\/blogs.correio24h.com.br\/mesalte\/wp-content\/uploads\/2019\/02\/nininha-e-jo-768x768.jpg 768w, https:\/\/blogs.correio24h.com.br\/mesalte\/wp-content\/uploads\/2019\/02\/nininha-e-jo-146x146.jpg 146w, https:\/\/blogs.correio24h.com.br\/mesalte\/wp-content\/uploads\/2019\/02\/nininha-e-jo-50x50.jpg 50w, https:\/\/blogs.correio24h.com.br\/mesalte\/wp-content\/uploads\/2019\/02\/nininha-e-jo-80x80.jpg 80w, https:\/\/blogs.correio24h.com.br\/mesalte\/wp-content\/uploads\/2019\/02\/nininha-e-jo-75x75.jpg 75w, https:\/\/blogs.correio24h.com.br\/mesalte\/wp-content\/uploads\/2019\/02\/nininha-e-jo-85x85.jpg 85w\" sizes=\"auto, (max-width: 774px) 100vw, 774px\" \/><p id=\"caption-attachment-18235\" class=\"wp-caption-text\">Foto: Reprodu\u00e7\u00e3o<\/p><\/div>\n<p>&nbsp;<\/p>\n<p>A m\u00fasica nasceu da parceria de J\u00f4 com o produtor musical Fella Brown e foi lan\u00e7ada oficialmente dia 18 de janeiro em todas as plataformas digitais. Agora, o cantor lan\u00e7a o clipe, aqui, no Me Salte. Assista:<\/p>\n<p><em><strong>Uma dica antes de ouvir: aumenta o volume e afasta os m\u00f3veis da sala pois voc\u00ea vai querer dan\u00e7ar!\u00a0<\/strong><\/em><\/p>\n<p><iframe loading=\"lazy\" src=\"https:\/\/www.youtube.com\/embed\/OrRHm-IpWXA\" width=\"560\" height=\"315\" frameborder=\"0\" allowfullscreen=\"allowfullscreen\"><\/iframe><\/p>\n<p>Letra &#8211;\u00a0Meu Div\u00e3\u201d Composi\u00e7\u00e3o: J\u00f4 Barros e Fella Brown<\/p>\n<p>Voc\u00ea me usou<\/p>\n<p>Me jogou fora<\/p>\n<p>N\u00e3o me segura<\/p>\n<p>Que eu vou me jogar agora<\/p>\n<p>Amiga c\u00ea n\u00e3o vai acreditar<\/p>\n<p>Ele me usou e me deixou pra l\u00e1<\/p>\n<p>E quem \u00e9 voc\u00ea na fila do p\u00e3o<\/p>\n<p>Pra querer brincar com meu cora\u00e7\u00e3o<\/p>\n<p>O pr\u00f3ximo vai ser voc\u00ea e s\u00f3 assim pra aprender<\/p>\n<p>J\u00f4 Barros ta na \u00e1rea deixa eu te avisar<\/p>\n<p>Voc\u00ea ajoelhou agora vai ter que rezar<\/p>\n<p>Ningu\u00e9m mandou brincar comigo<\/p>\n<p>De um grande amor passou a ser meu inimigo<\/p>\n<p>Na fila dele eu rodei, mas pra mim ta tudo bem<\/p>\n<p>A noite ta chegando e ningu\u00e9m \u00e9 de ningu\u00e9m<\/p>\n<p>J\u00e1 separei os @ do meu instagram<\/p>\n<p>Descendo e subindo l\u00e1 no meu div\u00e3<\/p>\n<p>Amiga c\u00ea n\u00e3o vai acreditar<\/p>\n<p>Ele me usou e me deixou pra l\u00e1<\/p>\n<p>E quem \u00e9 voc\u00ea na fila do p\u00e3o<\/p>\n<p>Pra querer brincar com meu cora\u00e7\u00e3o<\/p>\n<p>O pr\u00f3ximo vai ser voc\u00ea e s\u00f3 assim pra aprender como jogar<\/p>\n<p>Te dei amor<\/p>\n<p>Te dei carinho<\/p>\n<p>Minha boca nunca te deixou sozinho<\/p>\n<p>Eu sei que vai lembrar de mim<\/p>\n<p>Do meu olhar dizendo sim<\/p>\n<p>Eu tentei<\/p>\n<p>Procurei<\/p>\n<p>Te liguei<\/p>\n<p>Me humilhei<\/p>\n<p>Corri atr\u00e1s<\/p>\n<p>Mas deixa eu te falar boy<\/p>\n<p>No meu div\u00e3 n\u00e3o senta mais Amiga c\u00ea n\u00e3o vai acreditar<\/p>\n<p>Ele me usou e me deixou pra l\u00e1<\/p>\n<p>E quem \u00e9 voc\u00ea na fila do p\u00e3o<\/p>\n<p>Pra querer brincar com meu cora\u00e7\u00e3o<\/p>\n<p>O pr\u00f3ximo vai ser voc\u00ea e s\u00f3 assim pra aprender (3x)<\/p>\n<p>&nbsp;<\/p>\n<p><em>Cr\u00e9dito da foto principal: Mila Cordeiro\/ Divulga\u00e7\u00e3o<\/em><\/p>\n","protected":false},"excerpt":{"rendered":"<p>Quem nunca fez tudo por um boy, tomou um p\u00e9 na bunda e precisou sentar num div\u00e3 para desabafar? Esse \u00e9 o tema do single &#8216;Meu [&hellip;]<\/p>\n","protected":false},"author":1,"featured_media":18238,"comment_status":"open","ping_status":"open","sticky":false,"template":"","format":"image","meta":{"footnotes":""},"categories":[28,80],"tags":[1815,1576],"class_list":["post-18228","post","type-post","status-publish","format-image","has-post-thumbnail","hentry","category-farofa-digital","category-home","tag-jo-barros","tag-nininha-problematica","post_format-post-format-image"],"_links":{"self":[{"href":"https:\/\/blogs.correio24horas.com.br\/mesalte\/wp-json\/wp\/v2\/posts\/18228","targetHints":{"allow":["GET"]}}],"collection":[{"href":"https:\/\/blogs.correio24horas.com.br\/mesalte\/wp-json\/wp\/v2\/posts"}],"about":[{"href":"https:\/\/blogs.correio24horas.com.br\/mesalte\/wp-json\/wp\/v2\/types\/post"}],"author":[{"embeddable":true,"href":"https:\/\/blogs.correio24horas.com.br\/mesalte\/wp-json\/wp\/v2\/users\/1"}],"replies":[{"embeddable":true,"href":"https:\/\/blogs.correio24horas.com.br\/mesalte\/wp-json\/wp\/v2\/comments?post=18228"}],"version-history":[{"count":8,"href":"https:\/\/blogs.correio24horas.com.br\/mesalte\/wp-json\/wp\/v2\/posts\/18228\/revisions"}],"predecessor-version":[{"id":18240,"href":"https:\/\/blogs.correio24horas.com.br\/mesalte\/wp-json\/wp\/v2\/posts\/18228\/revisions\/18240"}],"wp:featuredmedia":[{"embeddable":true,"href":"https:\/\/blogs.correio24horas.com.br\/mesalte\/wp-json\/wp\/v2\/media\/18238"}],"wp:attachment":[{"href":"https:\/\/blogs.correio24horas.com.br\/mesalte\/wp-json\/wp\/v2\/media?parent=18228"}],"wp:term":[{"taxonomy":"category","embeddable":true,"href":"https:\/\/blogs.correio24horas.com.br\/mesalte\/wp-json\/wp\/v2\/categories?post=18228"},{"taxonomy":"post_tag","embeddable":true,"href":"https:\/\/blogs.correio24horas.com.br\/mesalte\/wp-json\/wp\/v2\/tags?post=18228"}],"curies":[{"name":"wp","href":"https:\/\/api.w.org\/{rel}","templated":true}]}}