{"id":18219,"date":"2019-02-08T16:11:24","date_gmt":"2019-02-08T19:11:24","guid":{"rendered":"http:\/\/blogs.correio24horas.com.br\/mesalte\/?p=18219"},"modified":"2019-02-08T16:19:48","modified_gmt":"2019-02-08T19:19:48","slug":"da-vergonha-pensar-que-as-pessoas-ainda-se-matam-em-nome-de-deus-diz-mariene-de-castro","status":"publish","type":"post","link":"https:\/\/blogs.correio24horas.com.br\/mesalte\/da-vergonha-pensar-que-as-pessoas-ainda-se-matam-em-nome-de-deus-diz-mariene-de-castro\/","title":{"rendered":"&#8216;D\u00e1 vergonha pensar que as pessoas ainda se matam em nome de Deus&#8217;, diz Mariene de Castro"},"content":{"rendered":"<p>Mariene de Castro tem alma de artista. Desde pequena se enveredou pelo apre\u00e7o com o canto e a dan\u00e7a. Pouca gente sabem mas ela come\u00e7ou sua carreira profissional como vocal de apoio para Timbalada, Carlinhos Brown e M\u00e1rcia Freire.\u00a0 Mas, seu timbre de voz forte, lhe levou para outras jornadas. \u00c9, sem d\u00favidas, o maior nome do samba de roda da Bahia na atualidade e queridinha da comunidade LGBTQIA+, que sempre marca presen\u00e7a intensa em seus espet\u00e1culos a exemplo do projeto Santo de Casa, que ela apresenta nesta sexta-feira (8) e nos dias 22 de fevereiro e 8 de mar\u00e7o no Espa\u00e7o Cultural da Barroquinha em Salvador.<\/p>\n<p>&#8220;Sou uma pessoa que tenho respeito incondicional pelo outro. Acho que isso \u00e9 fundamental na vida pra que tenhamos paz. N\u00e3o se cobre um santo descobrindo outro. Acho que as pessoas percebem que tenho uma conduta respeitosa e tenho consci\u00eancia que somos tudo um, somos todos iguais e diversidade \u00e9 o que h\u00e1 de mais belo na natureza.\u00a0\u00a0Eu sou a favor do amor, da liberdade, do amor ao pr\u00f3ximo, sem condi\u00e7\u00f5es! E tudo isso que eu sou vai pro palco comigo. Minha m\u00fasica ela fala por mim. Essa \u00e9 minha miss\u00e3o na vida: emanar amor pra humanidade. Que sejamos aquilo que nos faz feliz!&#8221;, destacou Mariene em conversa com o Me Salte .<\/p>\n<blockquote><p>&#8220;Sou uma cantora que sou contra toda e qualquer quebra dos direitos humanos. Eu tenho certeza que essa proximidade, afinidade e sentimento de leveza que o p\u00fablico LGBT tem com o meu trabalho vem do meu respeito ao pr\u00f3ximo, de acreditar que a vida \u00e9 feita de encontros incondicionais. A gente est\u00e1 aqui para ser feliz e fazer o bem sem olhar a quem&#8221;, falou Mariene ao ser questionada sobre seu engajamento com o p\u00fablico.<\/p><\/blockquote>\n<blockquote class=\"instagram-media\" style=\"background: #FFF; border: 0; border-radius: 3px; box-shadow: 0 0 1px 0 rgba(0,0,0,0.5),0 1px 10px 0 rgba(0,0,0,0.15); margin: 1px; max-width: 540px; min-width: 326px; padding: 0; width: calc(100% - 2px);\" data-instgrm-permalink=\"https:\/\/www.instagram.com\/p\/BtodesYH0iK\/?utm_source=ig_embed&amp;utm_medium=loading\" data-instgrm-version=\"12\">\n<div style=\"padding: 16px;\"><a style=\"background: #FFFFFF; line-height: 0; padding: 0 0; text-align: center; text-decoration: none; width: 100%;\" href=\"https:\/\/www.instagram.com\/p\/BtodesYH0iK\/?utm_source=ig_embed&amp;utm_medium=loading\" target=\"_blank\"><br \/>\n<\/a><\/p>\n<div style=\"display: flex; flex-direction: row; align-items: center;\"><\/div>\n<div style=\"padding: 19% 0;\"><\/div>\n<div style=\"display: block; height: 50px; margin: 0 auto 12px; width: 50px;\"><\/div>\n<div style=\"padding-top: 8px;\">\n<div style=\"color: #3897f0; font-family: Arial,sans-serif; font-size: 14px; font-style: normal; font-weight: 550; line-height: 18px;\">Visualizar esta foto no Instagram.<\/div>\n<\/div>\n<p style=\"color: #c9c8cd; font-family: Arial,sans-serif; font-size: 14px; line-height: 17px; margin-bottom: 0; margin-top: 8px; overflow: hidden; padding: 8px 0 7px; text-align: center; text-overflow: ellipsis; white-space: nowrap;\"><a style=\"color: #c9c8cd; font-family: Arial,sans-serif; font-size: 14px; font-style: normal; font-weight: normal; line-height: 17px; text-decoration: none;\" href=\"https:\/\/www.instagram.com\/p\/BtodesYH0iK\/?utm_source=ig_embed&amp;utm_medium=loading\" target=\"_blank\">Uma publica\u00e7\u00e3o compartilhada por Me Salte (@me_salte)<\/a> em <time style=\"font-family: Arial,sans-serif; font-size: 14px; line-height: 17px;\" datetime=\"2019-02-08T19:18:40+00:00\">8 de Fev, 2019 \u00e0s 11:18 PST<\/time><\/p>\n<\/div>\n<\/blockquote>\n<p><script src=\"\/\/www.instagram.com\/embed.js\" async=\"\"><\/script><br \/>\n<strong>Veja abaixo o bate-papo que tivemos com Mariene de Castro:<\/strong><\/p>\n<p><strong>Vivemos em um momento onde h\u00e1 uma onda conservadora bastante intensa que tem refletido, por exemplo no ataque a terreiros. Como voc\u00ea acha que isso pode ser resolvido?<\/strong><\/p>\n<p>Eu estou muito preocupada com esse desrespeito ao pr\u00f3ximo. O ser humano precisa se encontrar. Buscar a paz dentro de si e deixar cada um encontrar Deus do seu jeito. Eu, de verdade, acho isso tudo um abuso, um absurdo. Me d\u00e1 vergonha pensar que em pleno s\u00e9culo XXI as pessoas ainda se matam e atacam o outro em nome de Deus. N\u00e3o conhe\u00e7o lugar nenhum que Deus fala: &#8220;fa\u00e7a guerra em meu nome&#8221;.\u00a0\u00a0Acho que o humano t\u00e1 arrumando um jeito de mostrar quem \u00e9. Cada um \u00e9 e nasce feito.<\/p>\n<p><strong>Voc\u00ea tem can\u00e7\u00f5es simb\u00f3licas dentro do seu trabalho. Qual delas voc\u00ea considera a sua preferida?<\/strong><\/p>\n<p>Dif\u00edcil essa reposta. Mas oferto nesse momento Ponto de Nan\u00e3, ela \u00e9 uma m\u00fasica universal. Eu j\u00e1 gravei at\u00e9 em hebraico. Todo mundo se emociona com ela.<\/p>\n<p><strong>Seu projeto Santo de Casa \u00e9 um dos mais simb\u00f3licos da sua carreira. O que os f\u00e3s v\u00e3o encontrar de novidade dentro dessas novas apresenta\u00e7\u00f5es?<\/strong><\/p>\n<p>Uma mulher que viveu at\u00e9 aqui e lutou e resistiu e continua resiliente. Hoje eu sou uma artista com 20 anos de devo\u00e7\u00e3o \u00e0 minha carreira. O Santo de Casa hoje tem mais hist\u00f3rias vividas dentro de mim. O Brasil tamb\u00e9m t\u00e1 diferente de quando comecei.<\/p>\n<p><strong>Voc\u00ea prepara uma nova turn\u00ea com Alm\u00e9rio com um novo CD. O que seus f\u00e3s podem esperar desse novo trabalho?<\/strong><\/p>\n<p>Um encontro sincero de dois artistas nordestinos que se respeitam e se admiram. Alm\u00e9rio \u00e9 um presente do universo.<\/p>\n<p><strong>SANTO DE CASA &#8211; MARIENE DE CASTRO<\/strong><br \/>\nQuando: 8 de fevereiro, 22 de fevereiro e 8 de mar\u00e7o<br \/>\nOnde: Espa\u00e7o Cultural da Barroquinha<br \/>\nHor\u00e1rio: a partir das 18h<br \/>\nParticipa\u00e7\u00f5es do dia 8 de fevereiro: Margareth Menezes, Cortejo Afro e Alm\u00e9rio<\/p>\n<p>Ingressos: Lote promocional &#8211; R$60 (inteira) e R$30 (meia-entrada), dispon\u00edveis no <a href=\"https:\/\/www.safeticket.com.br\/evento\/SANTO_DE_CASA_-_MARIENE_DE_CASTRO_-_08FEV_3412.html.\" target=\"_blank\">site\u00a0<\/a><\/p>\n","protected":false},"excerpt":{"rendered":"<p>Mariene de Castro tem alma de artista. Desde pequena se enveredou pelo apre\u00e7o com o canto e a dan\u00e7a. Pouca gente sabem mas ela come\u00e7ou sua [&hellip;]<\/p>\n","protected":false},"author":1,"featured_media":18222,"comment_status":"open","ping_status":"open","sticky":false,"template":"","format":"image","meta":{"footnotes":""},"categories":[28,80,26],"tags":[],"class_list":["post-18219","post","type-post","status-publish","format-image","has-post-thumbnail","hentry","category-farofa-digital","category-home","category-me-inspiro","post_format-post-format-image"],"_links":{"self":[{"href":"https:\/\/blogs.correio24horas.com.br\/mesalte\/wp-json\/wp\/v2\/posts\/18219","targetHints":{"allow":["GET"]}}],"collection":[{"href":"https:\/\/blogs.correio24horas.com.br\/mesalte\/wp-json\/wp\/v2\/posts"}],"about":[{"href":"https:\/\/blogs.correio24horas.com.br\/mesalte\/wp-json\/wp\/v2\/types\/post"}],"author":[{"embeddable":true,"href":"https:\/\/blogs.correio24horas.com.br\/mesalte\/wp-json\/wp\/v2\/users\/1"}],"replies":[{"embeddable":true,"href":"https:\/\/blogs.correio24horas.com.br\/mesalte\/wp-json\/wp\/v2\/comments?post=18219"}],"version-history":[{"count":7,"href":"https:\/\/blogs.correio24horas.com.br\/mesalte\/wp-json\/wp\/v2\/posts\/18219\/revisions"}],"predecessor-version":[{"id":18227,"href":"https:\/\/blogs.correio24horas.com.br\/mesalte\/wp-json\/wp\/v2\/posts\/18219\/revisions\/18227"}],"wp:featuredmedia":[{"embeddable":true,"href":"https:\/\/blogs.correio24horas.com.br\/mesalte\/wp-json\/wp\/v2\/media\/18222"}],"wp:attachment":[{"href":"https:\/\/blogs.correio24horas.com.br\/mesalte\/wp-json\/wp\/v2\/media?parent=18219"}],"wp:term":[{"taxonomy":"category","embeddable":true,"href":"https:\/\/blogs.correio24horas.com.br\/mesalte\/wp-json\/wp\/v2\/categories?post=18219"},{"taxonomy":"post_tag","embeddable":true,"href":"https:\/\/blogs.correio24horas.com.br\/mesalte\/wp-json\/wp\/v2\/tags?post=18219"}],"curies":[{"name":"wp","href":"https:\/\/api.w.org\/{rel}","templated":true}]}}