{"id":18206,"date":"2019-02-07T06:00:06","date_gmt":"2019-02-07T09:00:06","guid":{"rendered":"http:\/\/blogs.correio24horas.com.br\/mesalte\/?p=18206"},"modified":"2019-02-06T20:11:50","modified_gmt":"2019-02-06T23:11:50","slug":"suliva-bispo-aborda-intolerancia-religiosa-e-genocidio-negro-em-nova-temporada-de-kaiala","status":"publish","type":"post","link":"https:\/\/blogs.correio24horas.com.br\/mesalte\/suliva-bispo-aborda-intolerancia-religiosa-e-genocidio-negro-em-nova-temporada-de-kaiala\/","title":{"rendered":"Suliv\u00e3 Bispo aborda intoler\u00e2ncia religiosa e genoc\u00eddio negro em nova temporada de Kaiala"},"content":{"rendered":"<p>Se voc\u00ea andou circulando na internet j\u00e1 deve ter visto algum v\u00eddeo de Suliv\u00e3 Bispo na pele de Mainha (do canal do Youtube Na R\u00e9dea Curta). Esque\u00e7a isso e v\u00e1 ao teatro ver uma outra face do ator.\u00a0 Neste m\u00eas de fevereiro ele far\u00e1 quatro apresenta\u00e7\u00f5es do espet\u00e1culo Kaiala, no Espa\u00e7o Cultural da Barroquinha em Salvador.<\/p>\n<p>Kaiala \u00e9 a poesia que se movimenta para dar voz \u00e0 mem\u00f3ria de uma menina de 10 anos brutalmente assassinada por evang\u00e9licos sedentos pelo fim do terreiro ao qual a crian\u00e7a pertencia. Dentro da tradic\u0327a\u0303o bantu, (candombl\u00e9 da na\u00e7\u00e3o Angola) Kaiala tem as a\u0301guas como seu domi\u0301nio, \u00e9 a geradora de todas as esp\u00e9cies, inclusive da ra\u00e7a humana.<\/p>\n<p>&#8220;Kaiala e\u0301 um alerta do que na\u0303o pode mais acontecer. Em tempos t\u00e3o tristes para as comunidades de matriz africana que vem sofrendo diariamente com o racismo religioso no nosso pa\u00eds, esse trabalho busca trazer for\u00e7a e discernimento para que possamos resistir.\u00a0 O espet\u00e1culo fala muito de mim, dos meus mais velhos, das minhas lembran\u00e7as na casa de minha Av\u00f3, dos ensinamentos do terreiro, e por isso me toca tanto&#8221;, contou Suliv\u00e3 ao Me Salte.<\/p>\n<p><img loading=\"lazy\" decoding=\"async\" class=\"aligncenter size-large wp-image-18209\" src=\"https:\/\/blogs.correio24h.com.br\/mesalte\/wp-content\/uploads\/2019\/02\/suliva2-1024x683.jpg\" alt=\"suliva2\" width=\"1024\" height=\"683\" srcset=\"https:\/\/blogs.correio24h.com.br\/mesalte\/wp-content\/uploads\/2019\/02\/suliva2-1024x683.jpg 1024w, https:\/\/blogs.correio24h.com.br\/mesalte\/wp-content\/uploads\/2019\/02\/suliva2-300x200.jpg 300w, https:\/\/blogs.correio24h.com.br\/mesalte\/wp-content\/uploads\/2019\/02\/suliva2-768x512.jpg 768w, https:\/\/blogs.correio24h.com.br\/mesalte\/wp-content\/uploads\/2019\/02\/suliva2-219x146.jpg 219w, https:\/\/blogs.correio24h.com.br\/mesalte\/wp-content\/uploads\/2019\/02\/suliva2-50x33.jpg 50w, https:\/\/blogs.correio24h.com.br\/mesalte\/wp-content\/uploads\/2019\/02\/suliva2-112x75.jpg 112w, https:\/\/blogs.correio24h.com.br\/mesalte\/wp-content\/uploads\/2019\/02\/suliva2.jpg 1270w\" sizes=\"auto, (max-width: 1024px) 100vw, 1024px\" \/><\/p>\n<p>A dramaturgia traz a visa\u0303o da divindade de maneira po\u00e9tica e contempor\u00e2nea, fazendo um paralelo com o momento ta\u0303o delicado de intolera\u0302ncia religiosa no pa\u00eds, que vem atingindo em sua maioria os adeptos dos cultos de matriz africana. Em solo de estreia, Suliv\u00e3\u00a0 foi indicado na categoria de melhor ator do pr\u00eamio Braskem de teatro pela atua\u00e7\u00e3o em Kaiala, espet\u00e1culo que o faz imergir em um novo universo teatral e narra a trajet\u00f3ria da menina interpretando tr\u00eas personagens, a av\u00f3 e ialorix\u00e1, o irm\u00e3o de santo e, por \u00faltimo, a evang\u00e9lica.<\/p>\n<blockquote><p>&#8220;Kaiala \u00e9 bastante desafiador, j\u00e1 que interpreto tr\u00eas personagens diferentes, e enquanto ator, negro e candomblecista, subo no palco n\u00e3o apenas para atuar, mas para dar continuidade \u00e0 luta dos meus ancestrais, fazer rir e tamb\u00e9m conscientizar. Talvez por isso Kaiala me toque tanto, essa \u00e9 um pe\u00e7a diferente, ela ressignifica o riso e a dor. Sua for\u00e7a me impulsiona para jamais desistir&#8221;, afirmou Suliv\u00e3.<\/p><\/blockquote>\n<p>Em uma mescla entre o real e o fict\u00edcio, a trama e\u0301 costurada a partir da func\u0327a\u0303o que cada personagem tem na vida da protagonista. A avo\u0301, por exemplo, traz o contexto religioso. A questa\u0303o de ge\u0302nero, al\u00e9m do racismo, s\u00e3o representados pela figura da evange\u0301lica.<\/p>\n<p>Com dire\u00e7\u00e3o de Thiago Romero, coreografia de Nildinha Fonseca, e dire\u00e7\u00e3o musical assinada por Sanara Rocha e Luciano Salvador Bahia, o espet\u00e1culo retorna, ap\u00f3s quase dois anos de sua estreia, em curt\u00edssima temporada.<br \/>\nA hist\u00f3ria de Kaiala ser\u00e1 contada em quatro apresenta\u00e7\u00f5es, no Espa\u00e7o Cultural da Barroquinha. Nos dias 9, 10, e 17 de fevereiro, o espet\u00e1culo tem in\u00edcio \u00e0s 17h. No dia 16, \u00e0s 18h, sem atrasos.\u00a0 Os ingressos custam R$ 30 (inteira) e R$ 15 (meia) e podem ser adquiridos atrav\u00e9s do Sympla ou na bilheteria do local.<\/p>\n","protected":false},"excerpt":{"rendered":"<p>Se voc\u00ea andou circulando na internet j\u00e1 deve ter visto algum v\u00eddeo de Suliv\u00e3 Bispo na pele de Mainha (do canal do Youtube Na R\u00e9dea Curta). [&hellip;]<\/p>\n","protected":false},"author":1,"featured_media":18208,"comment_status":"open","ping_status":"open","sticky":false,"template":"","format":"image","meta":{"footnotes":""},"categories":[80,16],"tags":[1483,807],"class_list":["post-18206","post","type-post","status-publish","format-image","has-post-thumbnail","hentry","category-home","category-me-jogo","tag-kaiala","tag-suliva-bispo","post_format-post-format-image"],"_links":{"self":[{"href":"https:\/\/blogs.correio24horas.com.br\/mesalte\/wp-json\/wp\/v2\/posts\/18206","targetHints":{"allow":["GET"]}}],"collection":[{"href":"https:\/\/blogs.correio24horas.com.br\/mesalte\/wp-json\/wp\/v2\/posts"}],"about":[{"href":"https:\/\/blogs.correio24horas.com.br\/mesalte\/wp-json\/wp\/v2\/types\/post"}],"author":[{"embeddable":true,"href":"https:\/\/blogs.correio24horas.com.br\/mesalte\/wp-json\/wp\/v2\/users\/1"}],"replies":[{"embeddable":true,"href":"https:\/\/blogs.correio24horas.com.br\/mesalte\/wp-json\/wp\/v2\/comments?post=18206"}],"version-history":[{"count":3,"href":"https:\/\/blogs.correio24horas.com.br\/mesalte\/wp-json\/wp\/v2\/posts\/18206\/revisions"}],"predecessor-version":[{"id":18211,"href":"https:\/\/blogs.correio24horas.com.br\/mesalte\/wp-json\/wp\/v2\/posts\/18206\/revisions\/18211"}],"wp:featuredmedia":[{"embeddable":true,"href":"https:\/\/blogs.correio24horas.com.br\/mesalte\/wp-json\/wp\/v2\/media\/18208"}],"wp:attachment":[{"href":"https:\/\/blogs.correio24horas.com.br\/mesalte\/wp-json\/wp\/v2\/media?parent=18206"}],"wp:term":[{"taxonomy":"category","embeddable":true,"href":"https:\/\/blogs.correio24horas.com.br\/mesalte\/wp-json\/wp\/v2\/categories?post=18206"},{"taxonomy":"post_tag","embeddable":true,"href":"https:\/\/blogs.correio24horas.com.br\/mesalte\/wp-json\/wp\/v2\/tags?post=18206"}],"curies":[{"name":"wp","href":"https:\/\/api.w.org\/{rel}","templated":true}]}}