{"id":18202,"date":"2019-02-06T19:51:23","date_gmt":"2019-02-06T22:51:23","guid":{"rendered":"http:\/\/blogs.correio24horas.com.br\/mesalte\/?p=18202"},"modified":"2019-02-06T19:57:07","modified_gmt":"2019-02-06T22:57:07","slug":"psicologo-lucas-veiga-retorna-a-salvador-com-curso-introducao-a-psicologia-preta","status":"publish","type":"post","link":"https:\/\/blogs.correio24horas.com.br\/mesalte\/psicologo-lucas-veiga-retorna-a-salvador-com-curso-introducao-a-psicologia-preta\/","title":{"rendered":"Psic\u00f3logo Lucas Veiga retorna \u00e0 Salvador com curso \u2018Introdu\u00e7\u00e3o \u00e0 Psicologia Preta\u2019"},"content":{"rendered":"<p>O psic\u00f3logo carioca Lucas Veiga volta para Salvador neste m\u00eas de fevereiro para ministrar o Curso de \u2018Introdu\u00e7\u00e3o \u00e0 Psicologia Preta &#8211; M\u00f3dulo 1\u2019, no Instituto Steve Biko, Pelourinho. O evento acontecer\u00e1 no dia 23 de fevereiro (s\u00e1bado), das 09h \u00e0s 18h, com investimento de R$180 e emiss\u00e3o de certificado.<\/p>\n<p>Retornando \u00e0 Bahia pela quarta vez em menos de dois anos, Lucas abordar\u00e1 no curso tem\u00e1ticas como coloniza\u00e7\u00e3o e descoloniza\u00e7\u00e3o do inconsciente, subjetividade diasp\u00f3rica e cura do auto-\u00f3dio, aquilombamento e puls\u00e3o palmarina, e o paradigma \u00e9tico, est\u00e9tico e pol\u00edtico da cl\u00ednica.<\/p>\n<p>O curso teve sua primeira edi\u00e7\u00e3o no Rio de Janeiro, com inscri\u00e7\u00f5es esgotadas e destaque na imprensa local. Depois de Salvador, o curso ainda passa por S\u00e3o Paulo e Recife.<\/p>\n<p>\u201cO minicurso foi um ritual de promo\u00e7\u00e3o de sa\u00fade mental, com base no resgate de nossa ancestralidade. J\u00e1 este curso introdut\u00f3rio \u00e9 um espa\u00e7o de forma\u00e7\u00e3o para psic\u00f3logos e demais interessados, que visa instrumentalizar o cuidado da sa\u00fade mental da popula\u00e7\u00e3o negra de forma te\u00f3rica e pr\u00e1tica\u201d, pontua o psic\u00f3logo que faz anivers\u00e1rio no dia 23 de fevereiro, e ainda brinca: \u201cVenham que vai ter bolo!\u201d.<\/p>\n<p>As inscri\u00e7\u00f5es para o curso s\u00e3o feitas atrav\u00e9s do e-mail cursopsicologiapreta@gmail.com e ser\u00e3o ofertadas 60 vagas (lota\u00e7\u00e3o m\u00e1xima do espa\u00e7o).<\/p>\n<p>Mais informa\u00e7\u00f5es no Instagram @veigalucas_ e na p\u00e1gina \u2018Psicologia Preta\u2019 no Facebook.<\/p>\n<p>O qu\u00ea: Curso \u2018Introdu\u00e7\u00e3o \u00e0 Psicologia Preta\u2019 &#8211; M\u00f3dulo 1<br \/>\nQuando: 23 de fevereiro (s\u00e1bado), das 09h \u00e0s 18h<br \/>\nOnde: Instituto Steve Biko (Pelourinho, Rua do Pa\u00e7o n\u00ba04)<br \/>\nInvestimento: R$180 (com emiss\u00e3o de certificado)<br \/>\nInscri\u00e7\u00f5es: cursopsicologiapreta@gmail.com<\/p>\n","protected":false},"excerpt":{"rendered":"<p>O psic\u00f3logo carioca Lucas Veiga volta para Salvador neste m\u00eas de fevereiro para ministrar o Curso de \u2018Introdu\u00e7\u00e3o \u00e0 Psicologia Preta &#8211; M\u00f3dulo 1\u2019, no Instituto [&hellip;]<\/p>\n","protected":false},"author":1,"featured_media":18203,"comment_status":"open","ping_status":"open","sticky":false,"template":"","format":"image","meta":{"footnotes":""},"categories":[80,9],"tags":[],"class_list":["post-18202","post","type-post","status-publish","format-image","has-post-thumbnail","hentry","category-home","category-me-orgulho","post_format-post-format-image"],"_links":{"self":[{"href":"https:\/\/blogs.correio24horas.com.br\/mesalte\/wp-json\/wp\/v2\/posts\/18202","targetHints":{"allow":["GET"]}}],"collection":[{"href":"https:\/\/blogs.correio24horas.com.br\/mesalte\/wp-json\/wp\/v2\/posts"}],"about":[{"href":"https:\/\/blogs.correio24horas.com.br\/mesalte\/wp-json\/wp\/v2\/types\/post"}],"author":[{"embeddable":true,"href":"https:\/\/blogs.correio24horas.com.br\/mesalte\/wp-json\/wp\/v2\/users\/1"}],"replies":[{"embeddable":true,"href":"https:\/\/blogs.correio24horas.com.br\/mesalte\/wp-json\/wp\/v2\/comments?post=18202"}],"version-history":[{"count":2,"href":"https:\/\/blogs.correio24horas.com.br\/mesalte\/wp-json\/wp\/v2\/posts\/18202\/revisions"}],"predecessor-version":[{"id":18205,"href":"https:\/\/blogs.correio24horas.com.br\/mesalte\/wp-json\/wp\/v2\/posts\/18202\/revisions\/18205"}],"wp:featuredmedia":[{"embeddable":true,"href":"https:\/\/blogs.correio24horas.com.br\/mesalte\/wp-json\/wp\/v2\/media\/18203"}],"wp:attachment":[{"href":"https:\/\/blogs.correio24horas.com.br\/mesalte\/wp-json\/wp\/v2\/media?parent=18202"}],"wp:term":[{"taxonomy":"category","embeddable":true,"href":"https:\/\/blogs.correio24horas.com.br\/mesalte\/wp-json\/wp\/v2\/categories?post=18202"},{"taxonomy":"post_tag","embeddable":true,"href":"https:\/\/blogs.correio24horas.com.br\/mesalte\/wp-json\/wp\/v2\/tags?post=18202"}],"curies":[{"name":"wp","href":"https:\/\/api.w.org\/{rel}","templated":true}]}}