{"id":18195,"date":"2019-02-06T19:30:35","date_gmt":"2019-02-06T22:30:35","guid":{"rendered":"http:\/\/blogs.correio24horas.com.br\/mesalte\/?p=18195"},"modified":"2019-02-06T19:30:35","modified_gmt":"2019-02-06T22:30:35","slug":"loja-colaborativa-com-empreendedores-negros-e-reaberta-no-pelourinho","status":"publish","type":"post","link":"https:\/\/blogs.correio24horas.com.br\/mesalte\/loja-colaborativa-com-empreendedores-negros-e-reaberta-no-pelourinho\/","title":{"rendered":"Loja colaborativa com empreendedores negros \u00e9 reaberta no Pelourinho"},"content":{"rendered":"<p>O casar\u00e3o n\u00famero 25 da Rua das Laranjeiras, no Pelourinho, voltou a ser o ponto de encontro de quem privilegia consumir produtos de economia solid\u00e1ria elaborados por empreendedores negros. Ap\u00f3s um pequeno per\u00edodo fechada para reorganiza\u00e7\u00e3o e entrada de novos expositores, a Loja Colaborativa do Coletivo de Entidades Negras (CEN) foi reaberta nesta\u00a0segunda-feira (4),<\/p>\n<p>A iniciativa de organizar uma loja colaborativa no andar t\u00e9rreo de sua sede, no Pelourinho, surgiu dentro do CEN como parte do projeto da Feira de Empreendimentos Negros Solid\u00e1rios, que ocorreu ali ao lado, na Pra\u00e7a Pastores da Noite, entre julho e novembro, com financiamento da Secretaria de Promo\u00e7\u00e3o da Igualdade Racial (Sepromi). Naquele per\u00edodo, vestu\u00e1rio, teatro, m\u00fasica, acess\u00f3rios, cosm\u00e9ticos e outras atra\u00e7\u00f5es passaram pela pra\u00e7a.<\/p>\n<p>A constru\u00e7\u00e3o de um local fixo para a comercializa\u00e7\u00e3o de produtos de economia solid\u00e1ria negra, contudo, foi custeado pela institui\u00e7\u00e3o, a partir de contribui\u00e7\u00e3o de seus militantes e parceiros. O espa\u00e7o, por exemplo, foi pensado e executado com o apoio do arquiteto Marcos Alan da Hora Brito, da empresa HoraBrito Arquitetura, Urbanismo e Engenharia.<\/p>\n<p>&#8220;Esse espa\u00e7o s\u00f3 foi poss\u00edvel por causa de muita uni\u00e3o nossa, de colabora\u00e7\u00e3o militante e da ajuda de muitos parceiros, entendendo que incentivar a produ\u00e7\u00e3o desses empres\u00e1rios negros \u00e9 uma forma importante de lutar pela supera\u00e7\u00e3o do racismo na nossa sociedade&#8221;, destacou o coordenador-geral do CEN, Yuri Silva.<\/p>\n<p>SERVI\u00c7O<\/p>\n<p>O QUE &#8211; Loja Colaborativa do CEN.<\/p>\n<p>ONDE &#8211; Sede do CEN, Rua das Laranjeiras, 25, Pelourinho.<\/p>\n<p>&nbsp;<\/p>\n<p>FUNCIONAMENTO &#8211; De segunda a s\u00e1bado, das 9h \u00e0s 19h;\u00a0Aos domingos de fevereiro, das 10h \u00e0s 15h.<br \/>\nCONTATO: 71 3266-3448<\/p>\n","protected":false},"excerpt":{"rendered":"<p>O casar\u00e3o n\u00famero 25 da Rua das Laranjeiras, no Pelourinho, voltou a ser o ponto de encontro de quem privilegia consumir produtos de economia solid\u00e1ria elaborados [&hellip;]<\/p>\n","protected":false},"author":1,"featured_media":18197,"comment_status":"open","ping_status":"open","sticky":false,"template":"","format":"image","meta":{"footnotes":""},"categories":[80,9],"tags":[],"class_list":["post-18195","post","type-post","status-publish","format-image","has-post-thumbnail","hentry","category-home","category-me-orgulho","post_format-post-format-image"],"_links":{"self":[{"href":"https:\/\/blogs.correio24horas.com.br\/mesalte\/wp-json\/wp\/v2\/posts\/18195","targetHints":{"allow":["GET"]}}],"collection":[{"href":"https:\/\/blogs.correio24horas.com.br\/mesalte\/wp-json\/wp\/v2\/posts"}],"about":[{"href":"https:\/\/blogs.correio24horas.com.br\/mesalte\/wp-json\/wp\/v2\/types\/post"}],"author":[{"embeddable":true,"href":"https:\/\/blogs.correio24horas.com.br\/mesalte\/wp-json\/wp\/v2\/users\/1"}],"replies":[{"embeddable":true,"href":"https:\/\/blogs.correio24horas.com.br\/mesalte\/wp-json\/wp\/v2\/comments?post=18195"}],"version-history":[{"count":2,"href":"https:\/\/blogs.correio24horas.com.br\/mesalte\/wp-json\/wp\/v2\/posts\/18195\/revisions"}],"predecessor-version":[{"id":18198,"href":"https:\/\/blogs.correio24horas.com.br\/mesalte\/wp-json\/wp\/v2\/posts\/18195\/revisions\/18198"}],"wp:featuredmedia":[{"embeddable":true,"href":"https:\/\/blogs.correio24horas.com.br\/mesalte\/wp-json\/wp\/v2\/media\/18197"}],"wp:attachment":[{"href":"https:\/\/blogs.correio24horas.com.br\/mesalte\/wp-json\/wp\/v2\/media?parent=18195"}],"wp:term":[{"taxonomy":"category","embeddable":true,"href":"https:\/\/blogs.correio24horas.com.br\/mesalte\/wp-json\/wp\/v2\/categories?post=18195"},{"taxonomy":"post_tag","embeddable":true,"href":"https:\/\/blogs.correio24horas.com.br\/mesalte\/wp-json\/wp\/v2\/tags?post=18195"}],"curies":[{"name":"wp","href":"https:\/\/api.w.org\/{rel}","templated":true}]}}