{"id":18168,"date":"2019-02-06T08:38:27","date_gmt":"2019-02-06T11:38:27","guid":{"rendered":"http:\/\/blogs.correio24horas.com.br\/mesalte\/?p=18168"},"modified":"2019-02-06T08:44:29","modified_gmt":"2019-02-06T11:44:29","slug":"ainda-e-muito-dificil-essa-desconstrucao-diz-carlinhos-maia-apos-assumir-ser-gay","status":"publish","type":"post","link":"https:\/\/blogs.correio24horas.com.br\/mesalte\/ainda-e-muito-dificil-essa-desconstrucao-diz-carlinhos-maia-apos-assumir-ser-gay\/","title":{"rendered":"&#8216;Ainda \u00e9 muito dif\u00edcil essa desconstru\u00e7\u00e3o&#8217;, diz   Carlinhos Maia ap\u00f3s assumir ser gay"},"content":{"rendered":"<p>O influencer Carlinhos Maia est\u00e1 no olho do furac\u00e3o desde o \u00faltimo domingo (6) quando revelou publicamente que era gay.\u00a0Desde que revelou para seus seguidores ser\u00a0<a href=\"https:\/\/blogs.correio24horas.com.br\/mesalte\/carlinhos-maia-revela-que-e-gay-e-mostra-video-pedindo-namorado-em-casamento-e-dai\/\" target=\"_blank\">noivo do modelo Lucas Guimar\u00e3es,<\/a>\u00a0o alagoano come\u00e7ou a tecer diversos coment\u00e1rios preconceituosos e carregados de esteri\u00f3tipos machistas e LGBTf\u00f3bicos. O artista, por exemplo, chegou a sugerir a exist\u00eancia de uma suposta \u201cditadura gay\u201d repetindo o discurso belicoso de quem luta contra os Direitos Humanos.<\/p>\n<p>Em um dos v\u00eddeos publicados no seu storie do Instagram ele falou que \u201cn\u00f3s gays precisamos ser homens\u201d e ainda disse \u201cvoc\u00eas n\u00e3o me ver\u00e3o usando salto e mini-saia\u201d. As falas do influenciador digital colocam em situa\u00e7\u00e3o de isolamento e deprecia\u00e7\u00e3o os gays que n\u00e3o reproduzem o \u2018padr\u00e3o heteronormativo\u2019.<\/p>\n<p><strong>Leia tamb\u00e9m:\u00a0<\/strong><a href=\"https:\/\/blogs.correio24horas.com.br\/mesalte\/carlinhos-maia-va-estudar\/\" target=\"_blank\">Carlinhos Maia, v\u00e1 estudar!<\/a><\/p>\n<p>Na noite de ontem (05) ele resolveu se pronunciar ao comentar em um v\u00eddeo do youtuber V\u00edtor diCastro (no Quebrando Tabu) o influencer resolveu se desculpar pelas palavras ofensivas.<\/p>\n<p>&#8216;Ainda \u00e9 muito dif\u00edcil essa desconstru\u00e7\u00e3o, tamb\u00e9m dentro de mim, mas estou aqui para dizer a todos que quero aprender mais, al\u00e9m do meu umbigo (&#8230;) venho de uma cidade pequena no interior de Alagoas, onde a cultura e o modo de pensar e agir \u00e9 diferente de tudo venho vivendo. Eu estou entendendo o quanto posso ser \u00fatil n\u00e3o s\u00f3 para as minhas convic\u00e7\u00f5es e sim para um todo! Pe\u00e7o milh\u00f5es de desculpas, se magoei algu\u00e9m, mas \u00e9 que tudo isso \u00e9 muito novo apesar de ser velho dentro do meu cora\u00e7\u00e3o&#8221;, afirmou Maia.<\/p>\n<p><strong>Veja abaixo o v\u00eddeo:\u00a0<\/strong><\/p>\n<blockquote class=\"instagram-media\" style=\"background: #FFF; border: 0; border-radius: 3px; box-shadow: 0 0 1px 0 rgba(0,0,0,0.5),0 1px 10px 0 rgba(0,0,0,0.15); margin: 1px; max-width: 540px; min-width: 326px; padding: 0; width: calc(100% - 2px);\" data-instgrm-captioned=\"\" data-instgrm-permalink=\"https:\/\/www.instagram.com\/p\/BthKOr_AF2T\/?utm_source=ig_embed&amp;utm_medium=loading\" data-instgrm-version=\"12\">\n<div style=\"padding: 16px;\"><a style=\"background: #FFFFFF; line-height: 0; padding: 0 0; text-align: center; text-decoration: none; width: 100%;\" href=\"https:\/\/www.instagram.com\/p\/BthKOr_AF2T\/?utm_source=ig_embed&amp;utm_medium=loading\" target=\"_blank\"><br \/>\n<\/a><\/p>\n<div style=\"display: flex; flex-direction: row; align-items: center;\"><\/div>\n<div style=\"padding: 19% 0;\"><\/div>\n<div style=\"display: block; height: 50px; margin: 0 auto 12px; width: 50px;\"><\/div>\n<div style=\"padding-top: 8px;\">\n<div style=\"color: #3897f0; font-family: Arial,sans-serif; font-size: 14px; font-style: normal; font-weight: 550; line-height: 18px;\">Visualizar esta foto no Instagram.<\/div>\n<\/div>\n<p style=\"margin: 8px 0 0 0; padding: 0 4px;\"><a style=\"color: #000; font-family: Arial,sans-serif; font-size: 14px; font-style: normal; font-weight: normal; line-height: 17px; text-decoration: none; word-wrap: break-word;\" href=\"https:\/\/www.instagram.com\/p\/BthKOr_AF2T\/?utm_source=ig_embed&amp;utm_medium=loading\" target=\"_blank\">O Carlinhos Maia se assumiu gay nesse fds mas se equivocou bastante no discurso. Ent\u00e3o vamo conversar? \/\/ @vitordicastro<\/a><\/p>\n<p style=\"color: #c9c8cd; font-family: Arial,sans-serif; font-size: 14px; line-height: 17px; margin-bottom: 0; margin-top: 8px; overflow: hidden; padding: 8px 0 7px; text-align: center; text-overflow: ellipsis; white-space: nowrap;\">Uma publica\u00e7\u00e3o compartilhada por <a style=\"color: #c9c8cd; font-family: Arial,sans-serif; font-size: 14px; font-style: normal; font-weight: normal; line-height: 17px;\" href=\"https:\/\/www.instagram.com\/quebrandootabu\/?utm_source=ig_embed&amp;utm_medium=loading\" target=\"_blank\"> Quebrando o Tabu<\/a> (@quebrandootabu) em <time style=\"font-family: Arial,sans-serif; font-size: 14px; line-height: 17px;\" datetime=\"2019-02-05T23:13:18+00:00\">5 de Fev, 2019 \u00e0s 3:13 PST<\/time><\/p>\n<\/div>\n<\/blockquote>\n<p><script src=\"\/\/www.instagram.com\/embed.js\" async=\"\"><\/script><\/p>\n","protected":false},"excerpt":{"rendered":"<p>O influencer Carlinhos Maia est\u00e1 no olho do furac\u00e3o desde o \u00faltimo domingo (6) quando revelou publicamente que era gay.\u00a0Desde que revelou para seus seguidores ser\u00a0noivo [&hellip;]<\/p>\n","protected":false},"author":1,"featured_media":18169,"comment_status":"open","ping_status":"open","sticky":false,"template":"","format":"image","meta":{"footnotes":""},"categories":[80,9],"tags":[1637],"class_list":["post-18168","post","type-post","status-publish","format-image","has-post-thumbnail","hentry","category-home","category-me-orgulho","tag-carlinhos-maia","post_format-post-format-image"],"_links":{"self":[{"href":"https:\/\/blogs.correio24horas.com.br\/mesalte\/wp-json\/wp\/v2\/posts\/18168","targetHints":{"allow":["GET"]}}],"collection":[{"href":"https:\/\/blogs.correio24horas.com.br\/mesalte\/wp-json\/wp\/v2\/posts"}],"about":[{"href":"https:\/\/blogs.correio24horas.com.br\/mesalte\/wp-json\/wp\/v2\/types\/post"}],"author":[{"embeddable":true,"href":"https:\/\/blogs.correio24horas.com.br\/mesalte\/wp-json\/wp\/v2\/users\/1"}],"replies":[{"embeddable":true,"href":"https:\/\/blogs.correio24horas.com.br\/mesalte\/wp-json\/wp\/v2\/comments?post=18168"}],"version-history":[{"count":1,"href":"https:\/\/blogs.correio24horas.com.br\/mesalte\/wp-json\/wp\/v2\/posts\/18168\/revisions"}],"predecessor-version":[{"id":18170,"href":"https:\/\/blogs.correio24horas.com.br\/mesalte\/wp-json\/wp\/v2\/posts\/18168\/revisions\/18170"}],"wp:featuredmedia":[{"embeddable":true,"href":"https:\/\/blogs.correio24horas.com.br\/mesalte\/wp-json\/wp\/v2\/media\/18169"}],"wp:attachment":[{"href":"https:\/\/blogs.correio24horas.com.br\/mesalte\/wp-json\/wp\/v2\/media?parent=18168"}],"wp:term":[{"taxonomy":"category","embeddable":true,"href":"https:\/\/blogs.correio24horas.com.br\/mesalte\/wp-json\/wp\/v2\/categories?post=18168"},{"taxonomy":"post_tag","embeddable":true,"href":"https:\/\/blogs.correio24horas.com.br\/mesalte\/wp-json\/wp\/v2\/tags?post=18168"}],"curies":[{"name":"wp","href":"https:\/\/api.w.org\/{rel}","templated":true}]}}