{"id":18157,"date":"2019-02-05T09:43:40","date_gmt":"2019-02-05T12:43:40","guid":{"rendered":"http:\/\/blogs.correio24horas.com.br\/mesalte\/?p=18157"},"modified":"2019-02-05T10:10:02","modified_gmt":"2019-02-05T13:10:02","slug":"carlinhos-maia-va-estudar","status":"publish","type":"post","link":"https:\/\/blogs.correio24horas.com.br\/mesalte\/carlinhos-maia-va-estudar\/","title":{"rendered":"Carlinhos Maia, v\u00e1 estudar!"},"content":{"rendered":"<p>Quando eu assumi para mim e para a sociedade que era gay a sigla para identificar a nossa comunidade era &#8220;GLS&#8221; (Gays, l\u00e9sbicas e simpatizantes). Em pouco mais de 15 anos a denomina\u00e7\u00e3o mudou para LGBTQIAP+ (L\u00e9sbicas, Gays, Bi, Trans, Queer\/Questionando, Intersexo, Assexuais\/Arrom\u00e2ntiques\/Ag\u00eanero, Pan\/Poli, e mais). De l\u00e1 pra c\u00e1 muita coisa teve os significados alterados, mas o principal foi a minha vontade de estudar\u00a0sobre as quest\u00f5es que envolvem a minha sexualidade e a comunidade a qual perten\u00e7o. <a href=\"https:\/\/blogs.correio24horas.com.br\/mesalte\/carlinhos-maia-revela-que-e-gay-e-mostra-video-pedindo-namorado-em-casamento-e-dai\/\" target=\"_blank\">O influenciador digital Carlinhos Maia &#8211; que neste\u00a0domingo assumiu ser gay &#8211; est\u00e1 precisando fazer o que eu fiz no passado: buscar conhecimento!<\/a><\/p>\n<p>Desde que revelou para seus seguidores ser <a href=\"https:\/\/blogs.correio24horas.com.br\/mesalte\/carlinhos-maia-revela-que-e-gay-e-mostra-video-pedindo-namorado-em-casamento-e-dai\/\" target=\"_blank\">noivo do modelo Lucas Guimar\u00e3es,<\/a> o alagoano come\u00e7ou a tecer diversos coment\u00e1rios preconceituosos e carregados de esteri\u00f3tipos machistas e LGBTf\u00f3bicos. O artista, por exemplo, chegou a sugerir a exist\u00eancia de uma suposta \u201cditadura gay\u201d repetindo o discurso belicoso de quem luta contra os Direitos Humanos.<\/p>\n<p>Em um dos v\u00eddeos publicados no seu storie do Instagram ele falou que \u201cn\u00f3s gays precisamos ser homens\u201d e ainda disse \u201cvoc\u00eas n\u00e3o me ver\u00e3o usando salto e mini-saia\u201d.<\/p>\n<p>As falas do influenciador digital colocam em situa\u00e7\u00e3o de isolamento e deprecia\u00e7\u00e3o os gays que n\u00e3o reproduzem o &#8216;padr\u00e3o heteronormativo&#8217;. Carlinhos, n\u00e3o h\u00e1 uma &#8216;escala de mais homem ou menos homem&#8217; pela roupa que se vestem. Ser homem \u00e9 um conceito mais amplo do que vestir um cal\u00e7a e sapat\u00eanis.<\/p>\n<p>Foram (e s\u00e3o) justamente as gays afeminadas, travestis, transexuais e mulheres l\u00e9sbicas que assumiram (e ainda assume) a linha de frente dos embates e lutas pela nossa comunidade. S\u00e3o essas pessoas que deram ( e ainda d\u00e3o) a cara a tapa e a abriram caminho para que eu e voc\u00ea possamos assumir nossa sexualidade.<\/p>\n<p>&#8216;Vestir sainha, batom ou salto alto&#8217;, como ele fez quest\u00e3o de frisar que n\u00e3o faria n\u00e3o \u00e9 qualquer dem\u00e9rito. Cada um \u00e9 livre para vestir o que quiser. Mas, n\u00e3o temos o direito de julgar ou depreciar qualquer pessoa pelo que ela veste. Infelizmente, o comportamento de Carlinhos \u00e9 comum em muitos homossexuais que repetem discursos preconceituosos. Esses pensamentos s\u00e3o um desservi\u00e7o \u00e0 comunidade LGBTQIAP+.<\/p>\n<p><a href=\"https:\/\/blogs.correio24horas.com.br\/mesalte\/um-lgbt-foi-morto-a-cada-20-horas-no-brasil-em-2018-bahia-ficou-em-3o-lugar\/\" target=\"_blank\">Vivemos no pa\u00eds onde mais se mata pessoas LGBTQIAP+ no mundo, segundo dados do Grupo Gay da Bahia.\u00a0Um LGBT foi morto a cada 20 horas no Brasil em 2018. <\/a>Os discursos preconceituosos s\u00e3o o plano de fundo dessas mortes e de tantas outras agress\u00f5es. J\u00e1 temos muitos algozes e n\u00e3o precisamos de mais um. H\u00e1 uma onda forte de conservadorismo no pa\u00eds e n\u00e3o precisamos de algu\u00e9m &#8211; que \u00e9 um de n\u00f3s &#8211; reproduzindo os mesmos discursos arraigados de tanta homofobia institucionalizada resultado de faltas do senso comum e de esteri\u00f3tipos anacr\u00f4nicos. Voc\u00ea \u00e9 humorista, mas quando h\u00e1 vidas em risco nenhuma piada tem gra\u00e7a!<\/p>\n<p>Carlinhos, ningu\u00e9m nasce sabendo. Ser uma pessoa LGBTQIAP+ n\u00e3o \u00e9 uma escolha.\u00a0 Mas, nesse momento, voc\u00ea precisa fazer uma escolha (nesse caso, sim, \u00e9 uma escolha). N\u00e3o escolhemos ser gays, mas podemos escolher buscar o conhecimento e n\u00e3o reproduzir esses comportamentos e discursos preconceituosos. Voc\u00ea pode escolher em ser um gay engajado e lutar para comunidade que voc\u00ea faz parte.<\/p>\n<p>Voc\u00ea pode escolher usar seu t\u00edtulo de Rei do Instagram (com 12 milh\u00f5es de seguidores e o segundo storie mais visto do Brasil) para ajudar quem, assim como voc\u00ea, sofreu por estar no arm\u00e1rio. Mas voc\u00ea tamb\u00e9m pode escolher n\u00e3o tornar p\u00fablico seus pensamentos preconceituosos. Voc\u00ea pode escolher estudar, se informar. Voc\u00ea pode escolher buscar conhecimento. Voc\u00ea pode escolher ler sites, livros e conversar com pessoas que possam lhe orientar sobre os temas. Estudar n\u00e3o arranca peda\u00e7o de ningu\u00e9m.<\/p>\n<p>Reconhecer pensamentos inadequados n\u00e3o \u00e9 nenhum dem\u00e9rito. Ningu\u00e9m nasce sabendo, mas continuar na ignor\u00e2ncia \u00e9 uma escolha. Se voc\u00ea n\u00e3o quiser se engajar na causa uma sugest\u00e3o \u00e9 ficar calado. Afinal, muito ajuda quem n\u00e3o atrapalha.<\/p>\n<p><strong>Veja v\u00eddeo com algumas falas do influenciador digital que causam revolta na popula\u00e7\u00e3o LBGTQIAP+:\u00a0<\/strong><\/p>\n<blockquote class=\"twitter-tweet\" data-lang=\"pt\">\n<p dir=\"ltr\" lang=\"pt\">11:59: Carlinhos Maia saiu do arm\u00e1rio, vai fortalecer o movimento<\/p>\n<p>0:00: CANCELA CARLINHOS MAIA <a href=\"https:\/\/t.co\/kMkUHL5ri9\">pic.twitter.com\/kMkUHL5ri9<\/a><\/p>\n<p>\u2014 bich\u00edssima sem classe (@obsluan) <a href=\"https:\/\/twitter.com\/obsluan\/status\/1092108881281642496?ref_src=twsrc%5Etfw\">3 de fevereiro de 2019<\/a><\/p><\/blockquote>\n<p><script src=\"https:\/\/platform.twitter.com\/widgets.js\" async=\"\" charset=\"utf-8\"><\/script><\/p>\n","protected":false},"excerpt":{"rendered":"<p>Quando eu assumi para mim e para a sociedade que era gay a sigla para identificar a nossa comunidade era &#8220;GLS&#8221; (Gays, l\u00e9sbicas e simpatizantes). Em [&hellip;]<\/p>\n","protected":false},"author":1,"featured_media":18162,"comment_status":"open","ping_status":"open","sticky":false,"template":"","format":"image","meta":{"footnotes":""},"categories":[80,11],"tags":[1637],"class_list":["post-18157","post","type-post","status-publish","format-image","has-post-thumbnail","hentry","category-home","category-me-informo","tag-carlinhos-maia","post_format-post-format-image"],"_links":{"self":[{"href":"https:\/\/blogs.correio24horas.com.br\/mesalte\/wp-json\/wp\/v2\/posts\/18157","targetHints":{"allow":["GET"]}}],"collection":[{"href":"https:\/\/blogs.correio24horas.com.br\/mesalte\/wp-json\/wp\/v2\/posts"}],"about":[{"href":"https:\/\/blogs.correio24horas.com.br\/mesalte\/wp-json\/wp\/v2\/types\/post"}],"author":[{"embeddable":true,"href":"https:\/\/blogs.correio24horas.com.br\/mesalte\/wp-json\/wp\/v2\/users\/1"}],"replies":[{"embeddable":true,"href":"https:\/\/blogs.correio24horas.com.br\/mesalte\/wp-json\/wp\/v2\/comments?post=18157"}],"version-history":[{"count":8,"href":"https:\/\/blogs.correio24horas.com.br\/mesalte\/wp-json\/wp\/v2\/posts\/18157\/revisions"}],"predecessor-version":[{"id":18167,"href":"https:\/\/blogs.correio24horas.com.br\/mesalte\/wp-json\/wp\/v2\/posts\/18157\/revisions\/18167"}],"wp:featuredmedia":[{"embeddable":true,"href":"https:\/\/blogs.correio24horas.com.br\/mesalte\/wp-json\/wp\/v2\/media\/18162"}],"wp:attachment":[{"href":"https:\/\/blogs.correio24horas.com.br\/mesalte\/wp-json\/wp\/v2\/media?parent=18157"}],"wp:term":[{"taxonomy":"category","embeddable":true,"href":"https:\/\/blogs.correio24horas.com.br\/mesalte\/wp-json\/wp\/v2\/categories?post=18157"},{"taxonomy":"post_tag","embeddable":true,"href":"https:\/\/blogs.correio24horas.com.br\/mesalte\/wp-json\/wp\/v2\/tags?post=18157"}],"curies":[{"name":"wp","href":"https:\/\/api.w.org\/{rel}","templated":true}]}}