{"id":18141,"date":"2019-02-03T16:15:23","date_gmt":"2019-02-03T19:15:23","guid":{"rendered":"http:\/\/blogs.correio24horas.com.br\/mesalte\/?p=18141"},"modified":"2019-02-03T16:16:43","modified_gmt":"2019-02-03T19:16:43","slug":"carlinhos-maia-revela-que-e-gay-e-mostra-video-pedindo-namorado-em-casamento-e-dai","status":"publish","type":"post","link":"https:\/\/blogs.correio24horas.com.br\/mesalte\/carlinhos-maia-revela-que-e-gay-e-mostra-video-pedindo-namorado-em-casamento-e-dai\/","title":{"rendered":"Carlinhos Maia revela que \u00e9 gay e mostra v\u00eddeo pedindo namorado em casamento; E da\u00ed?"},"content":{"rendered":"<p>S\u00f3 quem j\u00e1 viveu &#8216;no arm\u00e1rio&#8217; sabe qual \u00e9 a sensa\u00e7\u00e3o de poder sair de l\u00e1. Neste domingo (3), o influenciador digital Carlinhos Maia &#8211; que tem quase 12 milh\u00f5es de seguidores no instagram\u00a0 &#8211; revelou para seus seguidores que \u00e9 gay. Al\u00e9m disso, na sequ\u00eancia de v\u00eddeos, ele mostra o momento em que pediu seu ent\u00e3o namorado, o modelo Lucas Guimar\u00e3es, em casamento.<\/p>\n<p>O pedido, segundo relatou Carlinhos, aconteceu no ano passado na casa da cantora Simone, da dupla Simone e Sim\u00e1ria. No texto da publica\u00e7\u00e3o, o alagoano explica que ele e Lucas se conhecem a 10 anos e que o namoro demorou bastante para acontecer. &#8220;Eu te amo, desde do primeiro olhar, voc\u00ea passou tr\u00eas anos, pra tocar em mim, e eu sempre disse, que te respeitaria, e que antes do teu corpo eu queria tocar o teu cora\u00e7\u00e3o&#8221;, disse Carlinhos que deve se casar oficialmente com Lucas em maio deste ano.<\/p>\n<p>Em outro trecho da publica\u00e7\u00e3o, Carlinhos destaca a pior parte de se viver no que a sociedade convencionou chamar de arm\u00e1rio: a tristeza diante de termos que esconder o que somos por medo.<\/p>\n<p>&#8221; Quantas vezes choramos, por esconder da nossa fam\u00edlia dos amigos, de todos, o que sent\u00edamos um pelo outro vinha de outras vidas. Quantas vezes tentamos camuflar esse amor, tentando ficar com mulheres, s\u00f3 para mostrar a uma \u201csociedade fraca e cheia de hipocrisia\u201d que \u00e9ramos \u201ciguais\u201d a eles. N\u00e3o, @lucasguimaraes nunca fomos iguais, por que Deus nos fez diferente, e se estamos aqui vivendo esse amor que n\u00e3o agride a ningu\u00e9m, e por que ele permitiu!!&#8221;, afirmou o influencer que \u00e9 conhecido como o Rei do Instagram e ganhou fama ap\u00f3s mostrar a vida cotidiana de uma vila no interior de Alagoas.<\/p>\n<p>Nesse aspecto cabe aqui uma reflex\u00e3o muito importante para todos LGBTQIA+ ou n\u00e3o.\u00a0<strong>Cada um tem seu tempo para decidir expor para os outros a sua orienta\u00e7\u00e3o sexual.\u00a0<\/strong>Muitos de n\u00f3s nunca temos essa oportunidade de fazer isso. Para alguns, falta coragem. Para outros, falta seguran\u00e7a. Sim, n\u00e3o \u00e9 f\u00e1cil voc\u00ea admitir diante de uma sociedade preconceituosa que n\u00e3o somos parte da &#8216;maioria&#8217;. Por isso, quem est\u00e1 fora do arm\u00e1rio, n\u00e3o deve julgar quem est\u00e1 l\u00e1 dentro. Precisamos ter EMPATIA e ACOLHER essas pessoas pelos seus motivos de ainda permanecer l\u00e1 dentro.<\/p>\n<p>Quantos de n\u00f3s fomos expulsos de casa ou do conv\u00edvio familiar ap\u00f3s decidir assumirmos ser uma pessoa LGBTQIA+? Certamente v\u00e1rios. S\u00f3 quem vive as ang\u00fastias do arm\u00e1rio sabe a sensa\u00e7\u00e3o que eles devem est\u00e1 sentindo agora (e aqui n\u00e3o vou entrar no m\u00e9rito mercadol\u00f3gico midi\u00e1tico). Espero que, enquanto pessoas p\u00fablicas, agora assumidas, que eles tragam essa sexualidade como pauta. Quem acompanha Carlinhos sabe que vez por outra ele tomou atitudes contradit\u00f3rias \u00e0 sua orienta\u00e7\u00e3o sexual. Agora, livre do arm\u00e1rio desejo que ele consiga usar sua voz para amplificar quest\u00f5es t\u00e3o importantes que precisam ser tratadas especialmente com o crescimento dessa onda conservadora que assola nosso pa\u00eds.<\/p>\n<p>Sejam felizes! Sejam bem vindos aqui do lado de fora do arm\u00e1rio!<\/p>\n<blockquote class=\"instagram-media\" style=\"background: #FFF; border: 0; border-radius: 3px; box-shadow: 0 0 1px 0 rgba(0,0,0,0.5),0 1px 10px 0 rgba(0,0,0,0.15); margin: 1px; max-width: 540px; min-width: 326px; padding: 0; width: calc(100% - 2px);\" data-instgrm-captioned=\"\" data-instgrm-permalink=\"https:\/\/www.instagram.com\/p\/BtbNKzSFRY9\/?utm_source=ig_embed&amp;utm_medium=loading\" data-instgrm-version=\"12\">\n<div style=\"padding: 16px;\"><a style=\"background: #FFFFFF; line-height: 0; padding: 0 0; text-align: center; text-decoration: none; width: 100%;\" href=\"https:\/\/www.instagram.com\/p\/BtbNKzSFRY9\/?utm_source=ig_embed&amp;utm_medium=loading\" target=\"_blank\"><br \/>\n<\/a><\/p>\n<div style=\"display: flex; flex-direction: row; align-items: center;\"><\/div>\n<div style=\"padding: 19% 0;\"><\/div>\n<div style=\"display: block; height: 50px; margin: 0 auto 12px; width: 50px;\"><\/div>\n<div style=\"padding-top: 8px;\">\n<div style=\"color: #3897f0; font-family: Arial,sans-serif; font-size: 14px; font-style: normal; font-weight: 550; line-height: 18px;\">Visualizar esta foto no Instagram.<\/div>\n<\/div>\n<p style=\"margin: 8px 0 0 0; padding: 0 4px;\"><a style=\"color: #000; font-family: Arial,sans-serif; font-size: 14px; font-style: normal; font-weight: normal; line-height: 17px; text-decoration: none; word-wrap: break-word;\" href=\"https:\/\/www.instagram.com\/p\/BtbNKzSFRY9\/?utm_source=ig_embed&amp;utm_medium=loading\" target=\"_blank\">A quase 10 anos voc\u00ea entrou na minha vida, h\u00e1 quase 10 anos voc\u00ea me ensina que o que sinto n\u00e3o \u00e9 pecado, nem vergonhoso, h\u00e1 quase 10 anos voc\u00ea se mostra o verdadeiro homem que voc\u00ea \u00e9. Sim um homem, homem com H, \u00edntegro, batalhador, honesto, Leal, companheiro, e principalmente um homem do cora\u00e7\u00e3o BOM!!! Quantas vezes choramos, por esconder da nossa fam\u00edlia dos amigos, de todos, o que sent\u00edamos um pelo outro vinha de outras vidas. Quantas vezes tentamos camuflar esse amor, tentando ficar com mulheres, s\u00f3 para mostrar a uma \u201csociedade fraca e cheia de hipocrisia\u201d que \u00e9ramos \u201ciguais\u201d a eles. N\u00e3o, @lucasguimaraes nunca fomos iguais, por que Deus nos fez diferente, e se estamos aqui vivendo esse amor que n\u00e3o agride a ningu\u00e9m, e por que ele permitiu!! Eu te amo, desde do primeiro olhar, voc\u00ea passou tr\u00eas anos, pra tocar em mim, e eu sempre disse, que te respeitaria, e que antes do teu corpo eu queria tocar o teu cora\u00e7\u00e3o. Desculpa por todas as falhas, desculpa por te esconder e esconder todo esse respeito e amor que tenho por voc\u00ea! Esse v\u00eddeo que te pedi em casamento tem quase um ano, foi na casa de Simone e Kak\u00e1, e desde ent\u00e3o, venho torcendo pra receber o seu sim aos olhos de Deus e de todos que nos amam!!! Aos meus f\u00e3s, nada mudar\u00e1, meu relacionamento n\u00e3o virar\u00e1 com\u00e9rcio, mas precisava dividir com voc\u00eas, afinal foram voc\u00eas que gritavam o nome dele nos meus shows!! N\u00f3s amamos voc\u00eas, MAIO ser\u00e1 nosso! Te amo meu eterno amigo, meu eterno irm\u00e3o, meu eterno AMOR&#8230;.&#x1f64f;&#x1f3fb;\u2764\ufe0f<\/a><\/p>\n<p style=\"color: #c9c8cd; font-family: Arial,sans-serif; font-size: 14px; line-height: 17px; margin-bottom: 0; margin-top: 8px; overflow: hidden; padding: 8px 0 7px; text-align: center; text-overflow: ellipsis; white-space: nowrap;\">Uma publica\u00e7\u00e3o compartilhada por <a style=\"color: #c9c8cd; font-family: Arial,sans-serif; font-size: 14px; font-style: normal; font-weight: normal; line-height: 17px;\" href=\"https:\/\/www.instagram.com\/carlinhosmaiaof\/?utm_source=ig_embed&amp;utm_medium=loading\" target=\"_blank\"> CARLINHOS MAIA<\/a> (@carlinhosmaiaof) em <time style=\"font-family: Arial,sans-serif; font-size: 14px; line-height: 17px;\" datetime=\"2019-02-03T15:43:33+00:00\">3 de Fev, 2019 \u00e0s 7:43 PST<\/time><\/p>\n<\/div>\n<\/blockquote>\n<p><script src=\"\/\/www.instagram.com\/embed.js\" async=\"\"><\/script><\/p>\n","protected":false},"excerpt":{"rendered":"<p>S\u00f3 quem j\u00e1 viveu &#8216;no arm\u00e1rio&#8217; sabe qual \u00e9 a sensa\u00e7\u00e3o de poder sair de l\u00e1. Neste domingo (3), o influenciador digital Carlinhos Maia &#8211; que [&hellip;]<\/p>\n","protected":false},"author":1,"featured_media":18147,"comment_status":"open","ping_status":"open","sticky":false,"template":"","format":"image","meta":{"footnotes":""},"categories":[80,9],"tags":[1814,1637,1811,1813,1812],"class_list":["post-18141","post","type-post","status-publish","format-image","has-post-thumbnail","hentry","category-home","category-me-orgulho","tag-alagoas","tag-carlinhos-maia","tag-lucas-guimaraes","tag-penedo-a","tag-rei-do-instagram","post_format-post-format-image"],"_links":{"self":[{"href":"https:\/\/blogs.correio24horas.com.br\/mesalte\/wp-json\/wp\/v2\/posts\/18141","targetHints":{"allow":["GET"]}}],"collection":[{"href":"https:\/\/blogs.correio24horas.com.br\/mesalte\/wp-json\/wp\/v2\/posts"}],"about":[{"href":"https:\/\/blogs.correio24horas.com.br\/mesalte\/wp-json\/wp\/v2\/types\/post"}],"author":[{"embeddable":true,"href":"https:\/\/blogs.correio24horas.com.br\/mesalte\/wp-json\/wp\/v2\/users\/1"}],"replies":[{"embeddable":true,"href":"https:\/\/blogs.correio24horas.com.br\/mesalte\/wp-json\/wp\/v2\/comments?post=18141"}],"version-history":[{"count":7,"href":"https:\/\/blogs.correio24horas.com.br\/mesalte\/wp-json\/wp\/v2\/posts\/18141\/revisions"}],"predecessor-version":[{"id":18149,"href":"https:\/\/blogs.correio24horas.com.br\/mesalte\/wp-json\/wp\/v2\/posts\/18141\/revisions\/18149"}],"wp:featuredmedia":[{"embeddable":true,"href":"https:\/\/blogs.correio24horas.com.br\/mesalte\/wp-json\/wp\/v2\/media\/18147"}],"wp:attachment":[{"href":"https:\/\/blogs.correio24horas.com.br\/mesalte\/wp-json\/wp\/v2\/media?parent=18141"}],"wp:term":[{"taxonomy":"category","embeddable":true,"href":"https:\/\/blogs.correio24horas.com.br\/mesalte\/wp-json\/wp\/v2\/categories?post=18141"},{"taxonomy":"post_tag","embeddable":true,"href":"https:\/\/blogs.correio24horas.com.br\/mesalte\/wp-json\/wp\/v2\/tags?post=18141"}],"curies":[{"name":"wp","href":"https:\/\/api.w.org\/{rel}","templated":true}]}}