{"id":18137,"date":"2019-02-01T13:02:58","date_gmt":"2019-02-01T16:02:58","guid":{"rendered":"http:\/\/blogs.correio24horas.com.br\/mesalte\/?p=18137"},"modified":"2019-02-01T13:18:06","modified_gmt":"2019-02-01T16:18:06","slug":"pabllo-vittar-confirma-trio-sem-cortas-na-segunda-de-carnaval-em-salvador","status":"publish","type":"post","link":"https:\/\/blogs.correio24horas.com.br\/mesalte\/pabllo-vittar-confirma-trio-sem-cortas-na-segunda-de-carnaval-em-salvador\/","title":{"rendered":"Pabllo Vittar confirma trio sem cortas na segunda de Carnaval em Salvador"},"content":{"rendered":"<p>Acabou a d\u00favida! Acabou a espera! Ela est\u00e1 de volta! A queen mais bombada do Brasil, Pabllo Vittar, estar\u00e1 no Carnaval de Salvador de 2019.<\/p>\n<p>A cantora divulgou nas suas redes sociais informa\u00e7\u00f5es sobre o trio que sair\u00e1 na segunda-feira da folia sem cordas. Ou seja, de gra\u00e7a para o foli\u00e3o pipoca.<\/p>\n<p>&#8220;Pensa numa mana feliz por estar voltando pra esse carnaval babadeiro de Salvador? Sou EU! Meus babies, simbora rebolar a raba e curtir muito porque euzinha t\u00f4 pondo meu bloco na rua e quero todas voc\u00eas juntinhas comigo!&#8221;, afirmou Vittar, pelas redes sociais. O trio tem patroc\u00ednio da marca de preservativos \u00edntimos Olla.<\/p>\n<p>Quem a\u00ed j\u00e1 est\u00e1 nervosssssssssa?!<\/p>\n","protected":false},"excerpt":{"rendered":"<p>Acabou a d\u00favida! Acabou a espera! Ela est\u00e1 de volta! A queen mais bombada do Brasil, Pabllo Vittar, estar\u00e1 no Carnaval de Salvador de 2019. A [&hellip;]<\/p>\n","protected":false},"author":1,"featured_media":17205,"comment_status":"open","ping_status":"open","sticky":false,"template":"","format":"image","meta":{"footnotes":""},"categories":[28,80],"tags":[],"class_list":["post-18137","post","type-post","status-publish","format-image","has-post-thumbnail","hentry","category-farofa-digital","category-home","post_format-post-format-image"],"_links":{"self":[{"href":"https:\/\/blogs.correio24horas.com.br\/mesalte\/wp-json\/wp\/v2\/posts\/18137","targetHints":{"allow":["GET"]}}],"collection":[{"href":"https:\/\/blogs.correio24horas.com.br\/mesalte\/wp-json\/wp\/v2\/posts"}],"about":[{"href":"https:\/\/blogs.correio24horas.com.br\/mesalte\/wp-json\/wp\/v2\/types\/post"}],"author":[{"embeddable":true,"href":"https:\/\/blogs.correio24horas.com.br\/mesalte\/wp-json\/wp\/v2\/users\/1"}],"replies":[{"embeddable":true,"href":"https:\/\/blogs.correio24horas.com.br\/mesalte\/wp-json\/wp\/v2\/comments?post=18137"}],"version-history":[{"count":2,"href":"https:\/\/blogs.correio24horas.com.br\/mesalte\/wp-json\/wp\/v2\/posts\/18137\/revisions"}],"predecessor-version":[{"id":18140,"href":"https:\/\/blogs.correio24horas.com.br\/mesalte\/wp-json\/wp\/v2\/posts\/18137\/revisions\/18140"}],"wp:featuredmedia":[{"embeddable":true,"href":"https:\/\/blogs.correio24horas.com.br\/mesalte\/wp-json\/wp\/v2\/media\/17205"}],"wp:attachment":[{"href":"https:\/\/blogs.correio24horas.com.br\/mesalte\/wp-json\/wp\/v2\/media?parent=18137"}],"wp:term":[{"taxonomy":"category","embeddable":true,"href":"https:\/\/blogs.correio24horas.com.br\/mesalte\/wp-json\/wp\/v2\/categories?post=18137"},{"taxonomy":"post_tag","embeddable":true,"href":"https:\/\/blogs.correio24horas.com.br\/mesalte\/wp-json\/wp\/v2\/tags?post=18137"}],"curies":[{"name":"wp","href":"https:\/\/api.w.org\/{rel}","templated":true}]}}