{"id":18128,"date":"2019-01-31T18:41:04","date_gmt":"2019-01-31T21:41:04","guid":{"rendered":"http:\/\/blogs.correio24horas.com.br\/mesalte\/?p=18128"},"modified":"2019-01-31T18:44:46","modified_gmt":"2019-01-31T21:44:46","slug":"nininhaeleokret","status":"publish","type":"post","link":"https:\/\/blogs.correio24horas.com.br\/mesalte\/nininhaeleokret\/","title":{"rendered":"Nininha Problem\u00e1tica lan\u00e7a clipe de Favelada com L\u00e9o Kret; assista"},"content":{"rendered":"<p>A drag queen Nininha Problem\u00e1tica, personagem interpretada pelo artista baiano\u00a0Digo Santtos, j\u00e1 est\u00e1 dando o que falar nas redes sociais h\u00e1 algum tempo. Pois a cantora deu nome e sobrenome nesta quinta-feira (31)\u00a0ao lan\u00e7ar o clipe da m\u00fasica Favelada, em parceira com a dan\u00e7arina e\u00a0ex-vereadora L\u00e9o Kret do Brasil.<\/p>\n<p>Com dire\u00e7\u00e3o de Edgar Azevedo, o v\u00eddeo foi gravado na Rua Santa Clara, no bairro de Pernambu\u00e9s, em Salvador.\u00a0&#8220;Foram dois dias de grava\u00e7\u00e3o e foi massa. A\u00a0gente queria muito mostrar essa ess\u00eancia da periferia, at\u00e9 mesmo pela hist\u00f3ria de L\u00e9o Kret com o bairro&#8221;, conta\u00a0Nininha em entrevista ao Me Salte. Ela se inspirou em situa\u00e7\u00f5es cotidianas: &#8220;Foi inspirado na realidade do gueto. Muitos caras tem rela\u00e7\u00f5es com as bichas escondido e de dia est\u00e1 passeando com a amap\u00f4 (mulheres) de m\u00e3os dadas&#8221;. Assista ao v\u00eddeo abaixo.<\/p>\n<p><iframe loading=\"lazy\" src=\"https:\/\/www.youtube.com\/embed\/m24ukkQmj9U\" width=\"560\" height=\"315\" frameborder=\"0\" allowfullscreen=\"allowfullscreen\"><\/iframe><\/p>\n<p>Ressaltando a ess\u00eancia da favela e com uma coreografia dan\u00e7ante, o\u00a0clipe conta a hist\u00f3ria fict\u00edcia de um amor\u00a0homoafetivo que um\u00a0homem gay tem\u00a0com um heterossexual que n\u00e3o quer assumir o relacionamento. &#8220;Ele s\u00f3 quer\u00a0me encontrar escondido e s\u00f3 quer ter um caso comigo quando ningu\u00e9m est\u00e1 vendo. S\u00f3 que\u00a0a\u00ed eu encontro ele com uma garota de pele mais clara que a minha, cis, branca e vou tirar pergunta e fico bem abalada. S\u00f3 que a\u00ed chega L\u00e9o Kret, que vem me ajudar na quest\u00e3o de autoestima&#8221;, afirma a cantora.<\/p>\n\n\t\t\t<style type='text\/css'>\n\t\t\t\t#gallery-1 {\n\t\t\t\t\tmargin: auto;\n\t\t\t\t}\n\t\t\t\t#gallery-1 .gallery-item {\n\t\t\t\t\tfloat: left;\n\t\t\t\t\tmargin-top: 10px;\n\t\t\t\t\ttext-align: center;\n\t\t\t\t\twidth: 33.33%;\n\t\t\t\t}\n\t\t\t\t#gallery-1 img {\n\t\t\t\t\tborder: 2px solid #cfcfcf;\n\t\t\t\t}\n\t\t\t\t#gallery-1 .gallery-caption {\n\t\t\t\t\tmargin-left: 0;\n\t\t\t\t}\n\t\t\t\t\/* see gallery_shortcode() in wp-includes\/media.php *\/\n\t\t\t<\/style>\n\t\t<div id='gallery-1' class='gallery galleryid-18128 gallery-columns-3 gallery-size-thumbnail '><dl class='gallery-item'>\n\t\t\t\t<dt class='gallery-icon landscape'>\n\t\t\t\t\t<a href='https:\/\/blogs.correio24horas.com.br\/mesalte\/nininhaeleokret\/whatsapp-image-2019-01-31-at-16-08-14-1\/'><img loading=\"lazy\" decoding=\"async\" width=\"150\" height=\"150\" src=\"https:\/\/blogs.correio24h.com.br\/mesalte\/wp-content\/uploads\/2019\/01\/WhatsApp-Image-2019-01-31-at-16.08.14-1-150x150.jpeg\" class=\"attachment-thumbnail size-thumbnail\" alt=\"\" srcset=\"https:\/\/blogs.correio24h.com.br\/mesalte\/wp-content\/uploads\/2019\/01\/WhatsApp-Image-2019-01-31-at-16.08.14-1-150x150.jpeg 150w, https:\/\/blogs.correio24h.com.br\/mesalte\/wp-content\/uploads\/2019\/01\/WhatsApp-Image-2019-01-31-at-16.08.14-1-80x80.jpeg 80w, https:\/\/blogs.correio24h.com.br\/mesalte\/wp-content\/uploads\/2019\/01\/WhatsApp-Image-2019-01-31-at-16.08.14-1-85x85.jpeg 85w\" sizes=\"auto, (max-width: 150px) 100vw, 150px\" \/><\/a>\n\t\t\t\t<\/dt><\/dl><dl class='gallery-item'>\n\t\t\t\t<dt class='gallery-icon landscape'>\n\t\t\t\t\t<a href='https:\/\/blogs.correio24horas.com.br\/mesalte\/nininhaeleokret\/whatsapp-image-2019-01-31-at-16-08-14-2\/'><img loading=\"lazy\" decoding=\"async\" width=\"150\" height=\"150\" src=\"https:\/\/blogs.correio24h.com.br\/mesalte\/wp-content\/uploads\/2019\/01\/WhatsApp-Image-2019-01-31-at-16.08.14-2-150x150.jpeg\" class=\"attachment-thumbnail size-thumbnail\" alt=\"\" srcset=\"https:\/\/blogs.correio24h.com.br\/mesalte\/wp-content\/uploads\/2019\/01\/WhatsApp-Image-2019-01-31-at-16.08.14-2-150x150.jpeg 150w, https:\/\/blogs.correio24h.com.br\/mesalte\/wp-content\/uploads\/2019\/01\/WhatsApp-Image-2019-01-31-at-16.08.14-2-80x80.jpeg 80w, https:\/\/blogs.correio24h.com.br\/mesalte\/wp-content\/uploads\/2019\/01\/WhatsApp-Image-2019-01-31-at-16.08.14-2-85x85.jpeg 85w\" sizes=\"auto, (max-width: 150px) 100vw, 150px\" \/><\/a>\n\t\t\t\t<\/dt>\n\t\t\t\t\t<dd class='wp-caption-text gallery-caption'>\n\t\t\t\t\tFotos de Divulga\u00e7\u00e3o\n\t\t\t\t\t<\/dd><\/dl><dl class='gallery-item'>\n\t\t\t\t<dt class='gallery-icon landscape'>\n\t\t\t\t\t<a href='https:\/\/blogs.correio24horas.com.br\/mesalte\/nininhaeleokret\/whatsapp-image-2019-01-31-at-16-08-14-3\/'><img loading=\"lazy\" decoding=\"async\" width=\"150\" height=\"150\" src=\"https:\/\/blogs.correio24h.com.br\/mesalte\/wp-content\/uploads\/2019\/01\/WhatsApp-Image-2019-01-31-at-16.08.14-3-150x150.jpeg\" class=\"attachment-thumbnail size-thumbnail\" alt=\"\" srcset=\"https:\/\/blogs.correio24h.com.br\/mesalte\/wp-content\/uploads\/2019\/01\/WhatsApp-Image-2019-01-31-at-16.08.14-3-150x150.jpeg 150w, https:\/\/blogs.correio24h.com.br\/mesalte\/wp-content\/uploads\/2019\/01\/WhatsApp-Image-2019-01-31-at-16.08.14-3-80x80.jpeg 80w, https:\/\/blogs.correio24h.com.br\/mesalte\/wp-content\/uploads\/2019\/01\/WhatsApp-Image-2019-01-31-at-16.08.14-3-85x85.jpeg 85w\" sizes=\"auto, (max-width: 150px) 100vw, 150px\" \/><\/a>\n\t\t\t\t<\/dt><\/dl><br style=\"clear: both\" \/>\n\t\t\t<\/div>\n\n<p>A grande virada do clipe \u00e9 quando o rapaz encontra Nininha em um show e v\u00ea o qu\u00e3o empoderada e lacrativa ela \u00e9. &#8220;Eles n\u00e3o sabe que eu sou Nininha Problem\u00e1tica. S\u00f3 que no show do mesmo dia eu estou l\u00e1 arrasando com L\u00e9o\u00a0Kret e ele me v\u00ea bel\u00edssima, dando meu nome, e fica me babando. S\u00f3 que a essa altura eu j\u00e1 n\u00e3o quero mais ele. Quero outro cara que queira realmente ficar comigo e me assumir. E\u00a0a\u00ed rola v\u00e1rios beijos e coisas&#8221;, completa.<\/p>\n<p><strong>L\u00e9o Kret e Anitta<\/strong><br \/>\nO clipe lan\u00e7amento do clipe de Nininha com L\u00e9o Kret do Brasil foi antecipado justamente porque a dan\u00e7arina est\u00e1 em maior evid\u00eancia <a href=\"https:\/\/blogs.correio24horas.com.br\/mesalte\/veja-bastidores-exclusivos-da-gravacao-do-clipe-de-anitta-em-salvador-ouca-trecho-da-musica\/\" target=\"_blank\">ap\u00f3s participar\u00a0das grava\u00e7\u00f5es do novo clipe de Anitta, Bola, rebola, em Salvador<\/a>.<\/p>\n<table class=\"cke_show_border\">\n<tbody>\n<tr>\n<td class=\"text-center\"><img loading=\"lazy\" decoding=\"async\" class=\"aligncenter\" src=\"https:\/\/correio-cdn2.cworks.cloud\/fileadmin\/_processed_\/4\/c\/csm_31012019KF1447_54ded4d9d6.jpg\" alt=\"\" width=\"806\" height=\"1000\" data-cke-saved-src=\"https:\/\/correio-cdn2.cworks.cloud\/fileadmin\/_processed_\/4\/c\/csm_31012019KF1447_54ded4d9d6.jpg\" \/><\/td>\n<\/tr>\n<tr>\n<td class=\"text-center\" style=\"text-align: center;\"><strong>Vai ter L\u00e9o Kret no azeite de dend\u00ea, no clipe de bola, Rebola, aposta de Anitta para o Carnaval<\/strong><br \/>\n(Foto: Reprodu\u00e7\u00e3o \/ Instagram)<\/td>\n<\/tr>\n<\/tbody>\n<\/table>\n<p>As imagens est\u00e3o sendo rodadas at\u00e9 \u00e0s 00h desta quinta na comunidade do Solar do Unh\u00e3o, que fica no bairro da Gamboa, na Avenida Contorno. Vale lembrar que L\u00e9o teve a quarta maior vota\u00e7\u00e3o para ocupar o cargo de vereadora da cidade e exerceu o mandato de 2009 a 2012. Enquanto parlamentar, integrou tr\u00eas comiss\u00f5es permanentes da C\u00e2mara Municipal de Salvador: Direitos do Cidad\u00e3o, de Repara\u00e7\u00e3o, de Desenvolvimento Econ\u00f4mico e Turismo. L\u00e9o foi a primeira parlamentar municipal transexual de Salvador e em novembro de 2009 ganhou na Justi\u00e7a o direito de usar o nome social L\u00e9o Kret do Brasil.<\/p>\n","protected":false},"excerpt":{"rendered":"<p>A drag queen Nininha Problem\u00e1tica, personagem interpretada pelo artista baiano\u00a0Digo Santtos, j\u00e1 est\u00e1 dando o que falar nas redes sociais h\u00e1 algum tempo. Pois a cantora [&hellip;]<\/p>\n","protected":false},"author":3,"featured_media":18132,"comment_status":"open","ping_status":"open","sticky":false,"template":"","format":"image","meta":{"footnotes":""},"categories":[28,80,9],"tags":[1810,1809,1576],"class_list":["post-18128","post","type-post","status-publish","format-image","has-post-thumbnail","hentry","category-farofa-digital","category-home","category-me-orgulho","tag-favelada","tag-leo-kret","tag-nininha-problematica","post_format-post-format-image"],"_links":{"self":[{"href":"https:\/\/blogs.correio24horas.com.br\/mesalte\/wp-json\/wp\/v2\/posts\/18128","targetHints":{"allow":["GET"]}}],"collection":[{"href":"https:\/\/blogs.correio24horas.com.br\/mesalte\/wp-json\/wp\/v2\/posts"}],"about":[{"href":"https:\/\/blogs.correio24horas.com.br\/mesalte\/wp-json\/wp\/v2\/types\/post"}],"author":[{"embeddable":true,"href":"https:\/\/blogs.correio24horas.com.br\/mesalte\/wp-json\/wp\/v2\/users\/3"}],"replies":[{"embeddable":true,"href":"https:\/\/blogs.correio24horas.com.br\/mesalte\/wp-json\/wp\/v2\/comments?post=18128"}],"version-history":[{"count":4,"href":"https:\/\/blogs.correio24horas.com.br\/mesalte\/wp-json\/wp\/v2\/posts\/18128\/revisions"}],"predecessor-version":[{"id":18136,"href":"https:\/\/blogs.correio24horas.com.br\/mesalte\/wp-json\/wp\/v2\/posts\/18128\/revisions\/18136"}],"wp:featuredmedia":[{"embeddable":true,"href":"https:\/\/blogs.correio24horas.com.br\/mesalte\/wp-json\/wp\/v2\/media\/18132"}],"wp:attachment":[{"href":"https:\/\/blogs.correio24horas.com.br\/mesalte\/wp-json\/wp\/v2\/media?parent=18128"}],"wp:term":[{"taxonomy":"category","embeddable":true,"href":"https:\/\/blogs.correio24horas.com.br\/mesalte\/wp-json\/wp\/v2\/categories?post=18128"},{"taxonomy":"post_tag","embeddable":true,"href":"https:\/\/blogs.correio24horas.com.br\/mesalte\/wp-json\/wp\/v2\/tags?post=18128"}],"curies":[{"name":"wp","href":"https:\/\/api.w.org\/{rel}","templated":true}]}}