{"id":18094,"date":"2019-01-31T14:43:01","date_gmt":"2019-01-31T17:43:01","guid":{"rendered":"http:\/\/blogs.correio24horas.com.br\/mesalte\/?p=18094"},"modified":"2019-01-31T15:20:50","modified_gmt":"2019-01-31T18:20:50","slug":"veja-bastidores-exclusivos-da-gravacao-do-clipe-de-anitta-em-salvador-ouca-trecho-da-musica","status":"publish","type":"post","link":"https:\/\/blogs.correio24horas.com.br\/mesalte\/veja-bastidores-exclusivos-da-gravacao-do-clipe-de-anitta-em-salvador-ouca-trecho-da-musica\/","title":{"rendered":"Veja bastidores exclusivos da grava\u00e7\u00e3o do clipe de Anitta em Salvador; ou\u00e7a trecho da m\u00fasica"},"content":{"rendered":"<p><em>Por Kelven Figueiredo*<\/em><\/p>\n<p>A comunidade do Solar do Unh\u00e3o a<a href=\"https:\/\/blogs.correio24horas.com.br\/mesalte\/anitta-grava-clipe-em-salvador-na-prainha-do-mam\/\" target=\"_blank\">cordou bem cedo na manh\u00e3 desta quinta-feira (31).<\/a> Era por volta das 7h30 quando a correria e o burburinho dos bastidores de grava\u00e7\u00e3o do mais novo clipe de Anitta em parceria com o J Balvin, MC Zaac e Tropkillaz para a faixa Bola, Rebola come\u00e7aram.<\/p>\n<p>Moradores se debru\u00e7avam nas janelas para conferir, em primeira m\u00e3o, os in\u00fameros takes da funkeira junto a MC Zaac em uma das paisagens mais bonitas da cidade: a praia do Solar do Unh\u00e3o. Outros se aprontavam para gravar seus melhores \u00e2ngulos no videoclipe da m\u00fasica, como no caso de Ant\u00f4nio Mario, 62, morador da regi\u00e3o h\u00e1 pelo menos 20 anos.<\/p>\n<table class=\"table\">\n<tbody>\n<tr>\n<td class=\"text-center\"><img loading=\"lazy\" decoding=\"async\" src=\"https:\/\/correio-cdn1.cworks.cloud\/fileadmin\/_processed_\/c\/3\/csm_31012019KF1430_456fe03885.jpeg\" alt=\"\" width=\"999\" height=\"666\" \/><\/td>\n<\/tr>\n<tr>\n<td class=\"text-center\">Moradores da regi\u00e3o buscando o melhor \u00e2ngulo para acompanhar as grava\u00e7\u00f5es (Foto: Evandro Veiga \/ CORREIO)<\/td>\n<\/tr>\n<\/tbody>\n<\/table>\n<div id=\"suadiversao_300x250_01\"><\/div>\n<p class=\"bodytext\">\u201cEu soube que estavam fazendo sele\u00e7\u00e3o, fiz, eles gostaram do meu trabalho e me contrataram. Acordei 6h40 para me preparar para gravar minha cena. Eu vou fazer parte de um grupo que recepcionar\u00e1 Anitta quando ela chegar\u00e1 no bar com um pessoal\u201d, disse entusiasmado com a oportunidade de ser figurante do clipe.<\/p>\n<p class=\"bodytext\">Ele que tamb\u00e9m tem alguns im\u00f3veis na regi\u00e3o, conta que alugou algumas de suas casa para servirem de base para a produ\u00e7\u00e3o se organizar na comunidade. Em meio aos gritos e correria da produ\u00e7\u00e3o, os f\u00e3s atentos da cantora n\u00e3o deixaram sua visita passar em branco. Um dos primeiros a chegar no local foi o professor de ingl\u00eas Johnny Paix\u00e3o, 19, que faltou trabalho e fez uma verdadeira maratona para estar no solar do unh\u00e3o \u00e0s 9h. \u201cEu sa\u00ed da minha casa (em Cajazeiras), peguei um \u00f4nibus, desci no Com\u00e9rcio e vim correndo pela Contorno at\u00e9 aqui\u201d, disse.<\/p>\n<table class=\"table\">\n<tbody>\n<tr>\n<td class=\"text-center\"><img loading=\"lazy\" decoding=\"async\" src=\"https:\/\/correio-cdn2.cworks.cloud\/fileadmin\/_processed_\/5\/7\/csm_31012019KF1435_24895fcbd2.jpeg\" alt=\"\" width=\"999\" height=\"666\" \/><\/td>\n<\/tr>\n<tr>\n<td class=\"text-center\">No intervalo das grava\u00e7\u00f5es, Anitta aproveitou para\u00a0atualizar o\u00a0bronze (Foto: Evandro Veiga \/ CORREIO)<\/td>\n<\/tr>\n<\/tbody>\n<\/table>\n<p class=\"bodytext\">E n\u00e3o \u00e9 a primeira vez que o rapaz arrisca seu emprego para ver sua musa. \u201cA primeira vez foi no Salvador Fest. Eu larguei tudo para v\u00ea-la, no fim tudo valeu \u00e0 pena porque eu consegui tirar foto e foi o melhor dia da minha vida!\u201d, disse.<\/p>\n<p class=\"bodytext\">N\u00e3o demorou para que ele avisasse no grupo de f\u00e3s baianos da cantora, para que o grupo ficasse completo. Logo os estudantes Ismael Silva e Franciele Fran\u00e7a chegaram com um grupo de amigos para conferir de pertinho todas as movimenta\u00e7\u00f5es do mais novo hit da cantora. \u201cVamos ficar aqui at\u00e9 acabar e s\u00f3 sairemos depois de tirar uma foto com ela\u201d, anunciou Ismael e completou \u201cat\u00e9 se Anitta piscar s\u00f3 olho pra mim, eu saio daqui feliz\u201d.<\/p>\n<p class=\"bodytext\">Quem tamb\u00e9m foi acompanhar a movimenta\u00e7\u00e3o em sua comunidade foi a moradora Roseane Cruz, que trocou o Mais Voc\u00ea e o encontro com F\u00e1tima Bernardes para assistir aos bastidores ao lado dos filhos. Ela ainda disse estar gostando de toda a aten\u00e7\u00e3o que o bairro tem tomado, desde as grava\u00e7\u00f5es da novela segundo, ao reconhecimento do New York Times e agora o clipe da cantora carioca.<\/p>\n<p class=\"bodytext\">\u201cPra mim \u00e9 \u00f3timo, divulgar o bairro que a gente mora. Principalmente porque todo mundo pensa que aqui \u00e9 violento e quando chega v\u00ea que \u00e9 outra coisa, nossa comunidade \u00e9 muito acolhedora. Sem falar do privil\u00e9gio que temos de dormir e acordar olhando para essa paisagem linda. Muitos bar\u00f5es queriam estar no nosso lugar\u201d, brinca a moradora.<\/p>\n<p class=\"bodytext\">Al\u00e9m da paisagem baiana, a cantora apostou em personalidades que s\u00e3o a cara da Bahia para marcarem presen\u00e7a no clipe. Entre os convidados est\u00e3o a dan\u00e7arina e ex-vereadora L\u00e9o Kret e o cantor do\u00a0\u00c9 o Tchan, Compadre Washington.<\/p>\n<blockquote>\n<p class=\"bodytext\">\u201cPra mim foi uma emo\u00e7\u00e3o. Eu tava em casa quando Anitta me mandou uma mensagem dizendo: Eu quero voc\u00ea no meu clipe! De qualquer jeito, voc\u00ea \u00e9 um \u00edcone baiano. Venha para c\u00e1 agora! Estou na Gamboa de Baixo e quero que voc\u00ea grave e participe comigo. Ela \u00e9 uma pessoa maravilhosa e sempre que t\u00e1 em Salvador ela me convida pra dan\u00e7ar com ela. E por ela ser uma das maiores artista brasileiras com visibilidade no mundo todo, que eu admiro muito. Pra mim \u00e9 gratificante fazer parte disso. Est\u00e1 tudo lindo, t\u00f4 adorando!\u201d, disse L\u00e9o Kret ao Me Salte.<\/p>\n<\/blockquote>\n<table class=\"table\">\n<tbody>\n<tr>\n<td class=\"text-center\"><img loading=\"lazy\" decoding=\"async\" src=\"https:\/\/correio-cdn3.cworks.cloud\/fileadmin\/_processed_\/4\/c\/csm_31012019KF1447_54ded4d9d6.jpg\" alt=\"\" width=\"806\" height=\"1000\" \/><\/td>\n<\/tr>\n<tr>\n<td class=\"text-center\">Vai ter L\u00e9o Kret no azeite de dend\u00ea, no clipe de bola, Rebola, aposta de Anitta para o Carnaval (Foto: Reprodu\u00e7\u00e3o \/ Instagram)<\/td>\n<\/tr>\n<\/tbody>\n<\/table>\n<p class=\"bodytext\"><strong>O clipe<\/strong><\/p>\n<p class=\"bodytext\">Com dire\u00e7\u00e3o de Lula Carvalho, o v\u00eddeo tem uma vibe Vai Malandra parte dois e repete a casadinha Tropikillaz e Mc Zaac, s\u00f3 que desta vez com a batida dan\u00e7ante e animada do latino J Balvin. O CORREIO conseguiu com exclusividade um trecho da m\u00fasica, ou\u00e7a:<\/p>\n<p><iframe loading=\"lazy\" src=\"https:\/\/w.soundcloud.com\/player\/?url=https%3A\/\/api.soundcloud.com\/tracks\/567968289&amp;color=ff5500\" width=\"100%\" height=\"166\" frameborder=\"no\" scrolling=\"no\"><\/iframe><\/p>\n<p class=\"bodytext\">Na comunidade do Solar do Unh\u00e3o forma montadas algumas loca\u00e7\u00f5es, entre elas um bar com vista para o mar, um churrasc\u00e3o vegano \u00e0 beira-mar\u2019 e ainda uma cena na laje de uma casas da comunidade. Est\u00e3o previstas ainda algumas grava\u00e7\u00f5es noturnas em clima de baladinha. Segundo o promoter Dudu Barros, 24, um dos figurantes do clipe as grava\u00e7\u00f5es est\u00e3o previstas para rolar at\u00e9 \u00e0s 22h, com grandes possibilidades de atraso.<\/p>\n<p class=\"bodytext\">O promoter ainda informou ao CORREIO que a escolha da loca\u00e7\u00e3o para o clipe se deu devido a influ\u00eancia de Marina Morena, que trabalha com\u00a0a pop-star.\u00a0pop-star.<\/p>\n<table class=\"table\">\n<tbody>\n<tr>\n<td class=\"text-center\"><img loading=\"lazy\" decoding=\"async\" src=\"https:\/\/correio-cdn1.cworks.cloud\/fileadmin\/_processed_\/a\/d\/csm_31012019KF1440_1a91fec8b2.jpg\" alt=\"\" width=\"792\" height=\"1000\" \/><\/td>\n<\/tr>\n<tr>\n<td class=\"text-center\">A cantora apostou em uma vibe sereia com as cores do Olodum (Foto: Reprodu\u00e7\u00e3o \/ Instagram)<\/td>\n<\/tr>\n<\/tbody>\n<\/table>\n<p class=\"bodytext\">Para o visual, Anitta apostou em uma vibe sereia com madeixas e um biqu\u00edni pra l\u00e1 de ousado com as cores do Olodum e \u00a0joias da Cole\u00e7\u00e3o B\u00fazios, de Carlos Rodeiro.\u00a0O Me Salte apurou que a cantora est\u00e1 hospedada no hotel Fera Palace, no Centro de Salvador. Em tempo: a m\u00fasica ser\u00e1 lan\u00e7ada antes do Carnaval \u2013 provavelmente dia 22.<\/p>\n<p class=\"bodytext\">Ser\u00e1 que o hit do Carnaval 2019 est\u00e1 nascendo?<\/p>\n\n\t\t\t<style type='text\/css'>\n\t\t\t\t#gallery-1 {\n\t\t\t\t\tmargin: auto;\n\t\t\t\t}\n\t\t\t\t#gallery-1 .gallery-item {\n\t\t\t\t\tfloat: left;\n\t\t\t\t\tmargin-top: 10px;\n\t\t\t\t\ttext-align: center;\n\t\t\t\t\twidth: 33.33%;\n\t\t\t\t}\n\t\t\t\t#gallery-1 img {\n\t\t\t\t\tborder: 2px solid #cfcfcf;\n\t\t\t\t}\n\t\t\t\t#gallery-1 .gallery-caption {\n\t\t\t\t\tmargin-left: 0;\n\t\t\t\t}\n\t\t\t\t\/* see gallery_shortcode() in wp-includes\/media.php *\/\n\t\t\t<\/style>\n\t\t<div id='gallery-1' class='gallery galleryid-18094 gallery-columns-3 gallery-size-thumbnail file'><dl class='gallery-item'>\n\t\t\t\t<dt class='gallery-icon landscape'>\n\t\t\t\t\t<a href='https:\/\/blogs.correio24h.com.br\/mesalte\/wp-content\/uploads\/2019\/01\/31012019EVeiga-43-1.jpg'><img loading=\"lazy\" decoding=\"async\" width=\"150\" height=\"150\" src=\"https:\/\/blogs.correio24h.com.br\/mesalte\/wp-content\/uploads\/2019\/01\/31012019EVeiga-43-1-150x150.jpg\" class=\"attachment-thumbnail size-thumbnail\" alt=\"\" srcset=\"https:\/\/blogs.correio24h.com.br\/mesalte\/wp-content\/uploads\/2019\/01\/31012019EVeiga-43-1-150x150.jpg 150w, https:\/\/blogs.correio24h.com.br\/mesalte\/wp-content\/uploads\/2019\/01\/31012019EVeiga-43-1-80x80.jpg 80w, https:\/\/blogs.correio24h.com.br\/mesalte\/wp-content\/uploads\/2019\/01\/31012019EVeiga-43-1-85x85.jpg 85w\" sizes=\"auto, (max-width: 150px) 100vw, 150px\" \/><\/a>\n\t\t\t\t<\/dt><\/dl><dl class='gallery-item'>\n\t\t\t\t<dt class='gallery-icon landscape'>\n\t\t\t\t\t<a href='https:\/\/blogs.correio24h.com.br\/mesalte\/wp-content\/uploads\/2019\/01\/31012019EVeiga-12-1.jpg'><img loading=\"lazy\" decoding=\"async\" width=\"150\" height=\"150\" src=\"https:\/\/blogs.correio24h.com.br\/mesalte\/wp-content\/uploads\/2019\/01\/31012019EVeiga-12-1-150x150.jpg\" class=\"attachment-thumbnail size-thumbnail\" alt=\"\" srcset=\"https:\/\/blogs.correio24h.com.br\/mesalte\/wp-content\/uploads\/2019\/01\/31012019EVeiga-12-1-150x150.jpg 150w, https:\/\/blogs.correio24h.com.br\/mesalte\/wp-content\/uploads\/2019\/01\/31012019EVeiga-12-1-80x80.jpg 80w, https:\/\/blogs.correio24h.com.br\/mesalte\/wp-content\/uploads\/2019\/01\/31012019EVeiga-12-1-85x85.jpg 85w\" sizes=\"auto, (max-width: 150px) 100vw, 150px\" \/><\/a>\n\t\t\t\t<\/dt><\/dl><dl class='gallery-item'>\n\t\t\t\t<dt class='gallery-icon landscape'>\n\t\t\t\t\t<a href='https:\/\/blogs.correio24h.com.br\/mesalte\/wp-content\/uploads\/2019\/01\/31012019EVeiga-13.jpg'><img loading=\"lazy\" decoding=\"async\" width=\"150\" height=\"150\" src=\"https:\/\/blogs.correio24h.com.br\/mesalte\/wp-content\/uploads\/2019\/01\/31012019EVeiga-13-150x150.jpg\" class=\"attachment-thumbnail size-thumbnail\" alt=\"\" srcset=\"https:\/\/blogs.correio24h.com.br\/mesalte\/wp-content\/uploads\/2019\/01\/31012019EVeiga-13-150x150.jpg 150w, https:\/\/blogs.correio24h.com.br\/mesalte\/wp-content\/uploads\/2019\/01\/31012019EVeiga-13-80x80.jpg 80w, https:\/\/blogs.correio24h.com.br\/mesalte\/wp-content\/uploads\/2019\/01\/31012019EVeiga-13-85x85.jpg 85w\" sizes=\"auto, (max-width: 150px) 100vw, 150px\" \/><\/a>\n\t\t\t\t<\/dt><\/dl><br style=\"clear: both\" \/><dl class='gallery-item'>\n\t\t\t\t<dt class='gallery-icon landscape'>\n\t\t\t\t\t<a href='https:\/\/blogs.correio24h.com.br\/mesalte\/wp-content\/uploads\/2019\/01\/31012019EVeiga-14.jpg'><img loading=\"lazy\" decoding=\"async\" width=\"150\" height=\"150\" src=\"https:\/\/blogs.correio24h.com.br\/mesalte\/wp-content\/uploads\/2019\/01\/31012019EVeiga-14-150x150.jpg\" class=\"attachment-thumbnail size-thumbnail\" alt=\"\" srcset=\"https:\/\/blogs.correio24h.com.br\/mesalte\/wp-content\/uploads\/2019\/01\/31012019EVeiga-14-150x150.jpg 150w, https:\/\/blogs.correio24h.com.br\/mesalte\/wp-content\/uploads\/2019\/01\/31012019EVeiga-14-80x80.jpg 80w, https:\/\/blogs.correio24h.com.br\/mesalte\/wp-content\/uploads\/2019\/01\/31012019EVeiga-14-85x85.jpg 85w\" sizes=\"auto, (max-width: 150px) 100vw, 150px\" \/><\/a>\n\t\t\t\t<\/dt><\/dl><dl class='gallery-item'>\n\t\t\t\t<dt class='gallery-icon landscape'>\n\t\t\t\t\t<a href='https:\/\/blogs.correio24h.com.br\/mesalte\/wp-content\/uploads\/2019\/01\/31012019EVeiga-15.jpg'><img loading=\"lazy\" decoding=\"async\" width=\"150\" height=\"150\" src=\"https:\/\/blogs.correio24h.com.br\/mesalte\/wp-content\/uploads\/2019\/01\/31012019EVeiga-15-150x150.jpg\" class=\"attachment-thumbnail size-thumbnail\" alt=\"\" srcset=\"https:\/\/blogs.correio24h.com.br\/mesalte\/wp-content\/uploads\/2019\/01\/31012019EVeiga-15-150x150.jpg 150w, https:\/\/blogs.correio24h.com.br\/mesalte\/wp-content\/uploads\/2019\/01\/31012019EVeiga-15-80x80.jpg 80w, https:\/\/blogs.correio24h.com.br\/mesalte\/wp-content\/uploads\/2019\/01\/31012019EVeiga-15-85x85.jpg 85w\" sizes=\"auto, (max-width: 150px) 100vw, 150px\" \/><\/a>\n\t\t\t\t<\/dt><\/dl><dl class='gallery-item'>\n\t\t\t\t<dt class='gallery-icon landscape'>\n\t\t\t\t\t<a href='https:\/\/blogs.correio24h.com.br\/mesalte\/wp-content\/uploads\/2019\/01\/31012019EVeiga-34.jpg'><img loading=\"lazy\" decoding=\"async\" width=\"150\" height=\"150\" src=\"https:\/\/blogs.correio24h.com.br\/mesalte\/wp-content\/uploads\/2019\/01\/31012019EVeiga-34-150x150.jpg\" class=\"attachment-thumbnail size-thumbnail\" alt=\"\" srcset=\"https:\/\/blogs.correio24h.com.br\/mesalte\/wp-content\/uploads\/2019\/01\/31012019EVeiga-34-150x150.jpg 150w, https:\/\/blogs.correio24h.com.br\/mesalte\/wp-content\/uploads\/2019\/01\/31012019EVeiga-34-80x80.jpg 80w, https:\/\/blogs.correio24h.com.br\/mesalte\/wp-content\/uploads\/2019\/01\/31012019EVeiga-34-85x85.jpg 85w\" sizes=\"auto, (max-width: 150px) 100vw, 150px\" \/><\/a>\n\t\t\t\t<\/dt><\/dl><br style=\"clear: both\" \/>\n\t\t\t<\/div>\n\n<p class=\"bodytext\"><em>*Sob orienta\u00e7\u00e3o do chefe de reportagem Jorge Gauthier<\/em><\/p>\n","protected":false},"excerpt":{"rendered":"<p>Por Kelven Figueiredo* A comunidade do Solar do Unh\u00e3o acordou bem cedo na manh\u00e3 desta quinta-feira (31). Era por volta das 7h30 quando a correria e [&hellip;]<\/p>\n","protected":false},"author":1,"featured_media":18099,"comment_status":"open","ping_status":"open","sticky":false,"template":"","format":"image","meta":{"footnotes":""},"categories":[28,80],"tags":[790,1807,1808,170],"class_list":["post-18094","post","type-post","status-publish","format-image","has-post-thumbnail","hentry","category-farofa-digital","category-home","tag-anitta","tag-clipe-c","tag-clipe-de-anitta-em-salvaodr","tag-salvador","post_format-post-format-image"],"_links":{"self":[{"href":"https:\/\/blogs.correio24horas.com.br\/mesalte\/wp-json\/wp\/v2\/posts\/18094","targetHints":{"allow":["GET"]}}],"collection":[{"href":"https:\/\/blogs.correio24horas.com.br\/mesalte\/wp-json\/wp\/v2\/posts"}],"about":[{"href":"https:\/\/blogs.correio24horas.com.br\/mesalte\/wp-json\/wp\/v2\/types\/post"}],"author":[{"embeddable":true,"href":"https:\/\/blogs.correio24horas.com.br\/mesalte\/wp-json\/wp\/v2\/users\/1"}],"replies":[{"embeddable":true,"href":"https:\/\/blogs.correio24horas.com.br\/mesalte\/wp-json\/wp\/v2\/comments?post=18094"}],"version-history":[{"count":7,"href":"https:\/\/blogs.correio24horas.com.br\/mesalte\/wp-json\/wp\/v2\/posts\/18094\/revisions"}],"predecessor-version":[{"id":18111,"href":"https:\/\/blogs.correio24horas.com.br\/mesalte\/wp-json\/wp\/v2\/posts\/18094\/revisions\/18111"}],"wp:featuredmedia":[{"embeddable":true,"href":"https:\/\/blogs.correio24horas.com.br\/mesalte\/wp-json\/wp\/v2\/media\/18099"}],"wp:attachment":[{"href":"https:\/\/blogs.correio24horas.com.br\/mesalte\/wp-json\/wp\/v2\/media?parent=18094"}],"wp:term":[{"taxonomy":"category","embeddable":true,"href":"https:\/\/blogs.correio24horas.com.br\/mesalte\/wp-json\/wp\/v2\/categories?post=18094"},{"taxonomy":"post_tag","embeddable":true,"href":"https:\/\/blogs.correio24horas.com.br\/mesalte\/wp-json\/wp\/v2\/tags?post=18094"}],"curies":[{"name":"wp","href":"https:\/\/api.w.org\/{rel}","templated":true}]}}