{"id":18082,"date":"2019-01-31T10:24:21","date_gmt":"2019-01-31T13:24:21","guid":{"rendered":"http:\/\/blogs.correio24horas.com.br\/mesalte\/?p=18082"},"modified":"2019-01-31T10:29:45","modified_gmt":"2019-01-31T13:29:45","slug":"ju-moraes-lanca-musica-em-parceria-com-ivete-sangalo","status":"publish","type":"post","link":"https:\/\/blogs.correio24horas.com.br\/mesalte\/ju-moraes-lanca-musica-em-parceria-com-ivete-sangalo\/","title":{"rendered":"Ju Moraes lan\u00e7a m\u00fasica em parceria com Ivete Sangalo"},"content":{"rendered":"<p>A cantora baiana Ju Moraes acaba de lan\u00e7ar o single \u201cO Samba Tem Poder\u201d, com a participa\u00e7\u00e3o de Ivete Sangalo.\u00a0 A can\u00e7\u00e3o, composta por Pretinho da Serrinha, Leandro Fab, Rog\u00ea e Gabriel Moura, finaliza o projeto da cantora, \u201cSamba Reggae e Outras Vibes\u201d, que tem cinco m\u00fasicas e clipes, que marcam o seu novo momento musical, com letras positivas que mesclam estilos e trazem mais personalidade para seu som.<\/p>\n<p>\u201cO Samba Tem Poder\u201d tem produ\u00e7\u00e3o e dire\u00e7\u00e3o musical de Marcos Sena e foi gravada no Lagoa Grande Studios, em Salvador e estar\u00e1 dispon\u00edvel em todas as plataformas digitais e nos canais oficiais de Ju Moraes a partir de quinta-feira, 31 de janeiro e faz parte do EP \u201cSamba Reggae e Outras Vibes\u201d, que contou com cinco m\u00fasicas e cinco clipes, lan\u00e7ados entre junho de 2018 e janeiro de 2019.<\/p>\n<p>\u201cMe sinto realmente aben\u00e7oada. O Pretinho da Serrinha me presenteou com esse samba e, logo quando ouvi, senti que era uma can\u00e7\u00e3o muito forte\u201d, conta Ju. \u201cFiz uma guia e levei pra Ivete escutar. Confesso que sempre sonhei em gravar algo com ela, ainda mais um samba! Fiquei em \u00eaxtase quando ela me disse que tinha amado e queria gravar. Admiro a Ivete como artista e como ser humano, e toda energia incr\u00edvel que trocamos, ao mesmo tempo, me envaidece e me emociona\u201d, completa.<\/p>\n<p>\u201cJu sabe como jogar a gente numa roda de samba de muito suingue e bom gosto. Ela tem compromisso com a m\u00fasica e isso \u00e9 um dos seus trunfos de talento\u201d, explica Ivete Sangalo.<\/p>\n<p>&nbsp;<\/p>\n<p>Assista o clipe:<br \/>\n<iframe loading=\"lazy\" src=\"https:\/\/www.youtube.com\/embed\/LiL2hVQISCM\" width=\"560\" height=\"315\" frameborder=\"0\" allowfullscreen=\"allowfullscreen\"><\/iframe><\/p>\n","protected":false},"excerpt":{"rendered":"<p>A cantora baiana Ju Moraes acaba de lan\u00e7ar o single \u201cO Samba Tem Poder\u201d, com a participa\u00e7\u00e3o de Ivete Sangalo.\u00a0 A can\u00e7\u00e3o, composta por Pretinho da [&hellip;]<\/p>\n","protected":false},"author":1,"featured_media":18083,"comment_status":"open","ping_status":"open","sticky":false,"template":"","format":"image","meta":{"footnotes":""},"categories":[28,80],"tags":[],"class_list":["post-18082","post","type-post","status-publish","format-image","has-post-thumbnail","hentry","category-farofa-digital","category-home","post_format-post-format-image"],"_links":{"self":[{"href":"https:\/\/blogs.correio24horas.com.br\/mesalte\/wp-json\/wp\/v2\/posts\/18082","targetHints":{"allow":["GET"]}}],"collection":[{"href":"https:\/\/blogs.correio24horas.com.br\/mesalte\/wp-json\/wp\/v2\/posts"}],"about":[{"href":"https:\/\/blogs.correio24horas.com.br\/mesalte\/wp-json\/wp\/v2\/types\/post"}],"author":[{"embeddable":true,"href":"https:\/\/blogs.correio24horas.com.br\/mesalte\/wp-json\/wp\/v2\/users\/1"}],"replies":[{"embeddable":true,"href":"https:\/\/blogs.correio24horas.com.br\/mesalte\/wp-json\/wp\/v2\/comments?post=18082"}],"version-history":[{"count":2,"href":"https:\/\/blogs.correio24horas.com.br\/mesalte\/wp-json\/wp\/v2\/posts\/18082\/revisions"}],"predecessor-version":[{"id":18085,"href":"https:\/\/blogs.correio24horas.com.br\/mesalte\/wp-json\/wp\/v2\/posts\/18082\/revisions\/18085"}],"wp:featuredmedia":[{"embeddable":true,"href":"https:\/\/blogs.correio24horas.com.br\/mesalte\/wp-json\/wp\/v2\/media\/18083"}],"wp:attachment":[{"href":"https:\/\/blogs.correio24horas.com.br\/mesalte\/wp-json\/wp\/v2\/media?parent=18082"}],"wp:term":[{"taxonomy":"category","embeddable":true,"href":"https:\/\/blogs.correio24horas.com.br\/mesalte\/wp-json\/wp\/v2\/categories?post=18082"},{"taxonomy":"post_tag","embeddable":true,"href":"https:\/\/blogs.correio24horas.com.br\/mesalte\/wp-json\/wp\/v2\/tags?post=18082"}],"curies":[{"name":"wp","href":"https:\/\/api.w.org\/{rel}","templated":true}]}}