{"id":18073,"date":"2019-01-31T09:51:09","date_gmt":"2019-01-31T12:51:09","guid":{"rendered":"http:\/\/blogs.correio24horas.com.br\/mesalte\/?p=18073"},"modified":"2019-01-31T13:29:44","modified_gmt":"2019-01-31T16:29:44","slug":"anitta-grava-clipe-em-salvador-na-prainha-do-mam","status":"publish","type":"post","link":"https:\/\/blogs.correio24horas.com.br\/mesalte\/anitta-grava-clipe-em-salvador-na-prainha-do-mam\/","title":{"rendered":"Anitta grava clipe em Salvador na prainha do MAM"},"content":{"rendered":"<p>A cantora Anitta est\u00e1 em Salvador para gravar um clipe novo. Na manh\u00e3 desta quinta-feira (31) a cantora est\u00e1 na Gamboa &#8211; <a href=\"https:\/\/www.correio24horas.com.br\/noticia\/nid\/fora-da-rota-a-praia-de-pedras-da-gamboa-e-o-restaurante-de-dona-suzana\/\" target=\"_blank\">no trecho conhecido como prainha do MAM<\/a>, gravando o clipe de Bola, Rebola, Tropkillaz, J Balvin, Anitta feat. MC Zaac. A m\u00fasica conta com a participa\u00e7\u00e3o do cantor colombiano J Balvin que veio ao Brasil para rodar o v\u00eddeo que deve ser lan\u00e7ado em breve.<\/p>\n<p>Uma das pessoas que est\u00e1 participando da grava\u00e7\u00e3o do clipe \u00e9 a dan\u00e7arina e ex-vereadora L\u00e9o Kret. &#8220;Para mim foi uma emo\u00e7\u00e3o. Eu estava em casa e ela me mandou a mensagem dizendo que me queria no clipe porque eu sou um \u00edcone da Bahia. Para mim \u00e9 muito gratificante&#8221;, contou L\u00e9o ao Me Salte.<\/p>\n<blockquote class=\"instagram-media\" style=\"background: #FFF; border: 0; border-radius: 3px; box-shadow: 0 0 1px 0 rgba(0,0,0,0.5),0 1px 10px 0 rgba(0,0,0,0.15); margin: 1px; max-width: 540px; min-width: 326px; padding: 0; width: calc(100% - 2px);\" data-instgrm-captioned=\"\" data-instgrm-permalink=\"https:\/\/www.instagram.com\/p\/BtTfDu3Hg9r\/?utm_source=ig_embed&amp;utm_medium=loading\" data-instgrm-version=\"12\">\n<div style=\"padding: 16px;\"><a style=\"background: #FFFFFF; line-height: 0; padding: 0 0; text-align: center; text-decoration: none; width: 100%;\" href=\"https:\/\/www.instagram.com\/p\/BtTfDu3Hg9r\/?utm_source=ig_embed&amp;utm_medium=loading\" target=\"_blank\"><br \/>\n<\/a><\/p>\n<div style=\"display: flex; flex-direction: row; align-items: center;\"><\/div>\n<div style=\"padding: 19% 0;\"><\/div>\n<div style=\"display: block; height: 50px; margin: 0 auto 12px; width: 50px;\"><\/div>\n<div style=\"padding-top: 8px;\">\n<div style=\"color: #3897f0; font-family: Arial,sans-serif; font-size: 14px; font-style: normal; font-weight: 550; line-height: 18px;\">Visualizar esta foto no Instagram.<\/div>\n<\/div>\n<p style=\"margin: 8px 0 0 0; padding: 0 4px;\"><a style=\"color: #000; font-family: Arial,sans-serif; font-size: 14px; font-style: normal; font-weight: normal; line-height: 17px; text-decoration: none; word-wrap: break-word;\" href=\"https:\/\/www.instagram.com\/p\/BtTfDu3Hg9r\/?utm_source=ig_embed&amp;utm_medium=loading\" target=\"_blank\">Olha s\u00f3 quem est\u00e1 participando do clipe de @anitta em Salvador! #Repost @leokret (@get_repost) \u30fb\u30fb\u30fb Maravilhosa a diva das divas @anitta obrigada pelo carinho e convite para participar desse mais novo clipe que vai ser \u00edcone. Praaaaaa!!! Choraaaaa<\/a><\/p>\n<p style=\"color: #c9c8cd; font-family: Arial,sans-serif; font-size: 14px; line-height: 17px; margin-bottom: 0; margin-top: 8px; overflow: hidden; padding: 8px 0 7px; text-align: center; text-overflow: ellipsis; white-space: nowrap;\">Uma publica\u00e7\u00e3o compartilhada por <a style=\"color: #c9c8cd; font-family: Arial,sans-serif; font-size: 14px; font-style: normal; font-weight: normal; line-height: 17px;\" href=\"https:\/\/www.instagram.com\/me_salte\/?utm_source=ig_embed&amp;utm_medium=loading\" target=\"_blank\"> Me Salte<\/a> (@me_salte) em <time style=\"font-family: Arial,sans-serif; font-size: 14px; line-height: 17px;\" datetime=\"2019-01-31T15:45:57+00:00\">31 de Jan, 2019 \u00e0s 7:45 PST<\/time><\/p>\n<\/div>\n<\/blockquote>\n<p><script src=\"\/\/www.instagram.com\/embed.js\" async=\"\"><\/script><\/p>\n<p>Anitta elegeu joias da Cole\u00e7\u00e3o B\u00fazios, de Carlos Rodeiro, para compor seu figurino. O Me Salte apurou que a cantora est\u00e1 hospedada no hotel Fera Palace, no Centro de Salvador. Em tempo: a m\u00fasica ser\u00e1 lan\u00e7ada antes do Carnaval &#8211; provavelmente dia 22.<\/p>\n<div id=\"attachment_18074\" style=\"width: 586px\" class=\"wp-caption aligncenter\"><img loading=\"lazy\" decoding=\"async\" aria-describedby=\"caption-attachment-18074\" class=\"size-large wp-image-18074\" src=\"https:\/\/blogs.correio24h.com.br\/mesalte\/wp-content\/uploads\/2019\/01\/anitta2-576x1024.jpg\" alt=\"Foto: Reprodu\u00e7\u00e3o\/Instagram\" width=\"576\" height=\"1024\" srcset=\"https:\/\/blogs.correio24h.com.br\/mesalte\/wp-content\/uploads\/2019\/01\/anitta2-576x1024.jpg 576w, https:\/\/blogs.correio24h.com.br\/mesalte\/wp-content\/uploads\/2019\/01\/anitta2-169x300.jpg 169w, https:\/\/blogs.correio24h.com.br\/mesalte\/wp-content\/uploads\/2019\/01\/anitta2-82x146.jpg 82w, https:\/\/blogs.correio24h.com.br\/mesalte\/wp-content\/uploads\/2019\/01\/anitta2-28x50.jpg 28w, https:\/\/blogs.correio24h.com.br\/mesalte\/wp-content\/uploads\/2019\/01\/anitta2-42x75.jpg 42w, https:\/\/blogs.correio24h.com.br\/mesalte\/wp-content\/uploads\/2019\/01\/anitta2.jpg 720w\" sizes=\"auto, (max-width: 576px) 100vw, 576px\" \/><p id=\"caption-attachment-18074\" class=\"wp-caption-text\">Foto: Reprodu\u00e7\u00e3o\/Instagram<\/p><\/div>\n<p>A informa\u00e7\u00e3o de que Anitta estava entre n\u00f3s foi confirmada ontem pelo colunista Marrom, do CORREIO, com uma fonte pr\u00f3xima \u00e0 cantora. Segundo apurou a rep\u00f3rter Naiana Ribeiro, ela chegou nesta quarta-feira (30) na capital baiana.<\/p>\n<p>Segundo a Caras, Anitta est\u00e1 preparando seu pr\u00f3ximo \u00e1lbum de est\u00fadio, que tem nome provis\u00f3rio de Game Over. Entre as faixas in\u00e9ditas, colabora\u00e7\u00f5es internacionais e nacionais, incluindo a m\u00fasica Voc\u00ea Mentiu, com o cantor baiano Caetano Veloso.<\/p>\n","protected":false},"excerpt":{"rendered":"<p>A cantora Anitta est\u00e1 em Salvador para gravar um clipe novo. Na manh\u00e3 desta quinta-feira (31) a cantora est\u00e1 na Gamboa &#8211; no trecho conhecido como [&hellip;]<\/p>\n","protected":false},"author":1,"featured_media":18075,"comment_status":"open","ping_status":"open","sticky":false,"template":"","format":"image","meta":{"footnotes":""},"categories":[80,26],"tags":[790],"class_list":["post-18073","post","type-post","status-publish","format-image","has-post-thumbnail","hentry","category-home","category-me-inspiro","tag-anitta","post_format-post-format-image"],"_links":{"self":[{"href":"https:\/\/blogs.correio24horas.com.br\/mesalte\/wp-json\/wp\/v2\/posts\/18073","targetHints":{"allow":["GET"]}}],"collection":[{"href":"https:\/\/blogs.correio24horas.com.br\/mesalte\/wp-json\/wp\/v2\/posts"}],"about":[{"href":"https:\/\/blogs.correio24horas.com.br\/mesalte\/wp-json\/wp\/v2\/types\/post"}],"author":[{"embeddable":true,"href":"https:\/\/blogs.correio24horas.com.br\/mesalte\/wp-json\/wp\/v2\/users\/1"}],"replies":[{"embeddable":true,"href":"https:\/\/blogs.correio24horas.com.br\/mesalte\/wp-json\/wp\/v2\/comments?post=18073"}],"version-history":[{"count":8,"href":"https:\/\/blogs.correio24horas.com.br\/mesalte\/wp-json\/wp\/v2\/posts\/18073\/revisions"}],"predecessor-version":[{"id":18091,"href":"https:\/\/blogs.correio24horas.com.br\/mesalte\/wp-json\/wp\/v2\/posts\/18073\/revisions\/18091"}],"wp:featuredmedia":[{"embeddable":true,"href":"https:\/\/blogs.correio24horas.com.br\/mesalte\/wp-json\/wp\/v2\/media\/18075"}],"wp:attachment":[{"href":"https:\/\/blogs.correio24horas.com.br\/mesalte\/wp-json\/wp\/v2\/media?parent=18073"}],"wp:term":[{"taxonomy":"category","embeddable":true,"href":"https:\/\/blogs.correio24horas.com.br\/mesalte\/wp-json\/wp\/v2\/categories?post=18073"},{"taxonomy":"post_tag","embeddable":true,"href":"https:\/\/blogs.correio24horas.com.br\/mesalte\/wp-json\/wp\/v2\/tags?post=18073"}],"curies":[{"name":"wp","href":"https:\/\/api.w.org\/{rel}","templated":true}]}}