{"id":18053,"date":"2019-01-29T21:35:53","date_gmt":"2019-01-30T00:35:53","guid":{"rendered":"http:\/\/blogs.correio24horas.com.br\/mesalte\/?p=18053"},"modified":"2019-01-29T21:36:43","modified_gmt":"2019-01-30T00:36:43","slug":"marca-baiana-danubio-lanca-nova-colecao-de-jockstraps","status":"publish","type":"post","link":"https:\/\/blogs.correio24horas.com.br\/mesalte\/marca-baiana-danubio-lanca-nova-colecao-de-jockstraps\/","title":{"rendered":"Marca baiana Dan\u00faBIO lan\u00e7a nova cole\u00e7\u00e3o de jockstraps"},"content":{"rendered":"<p>A marca baiana de roupas \u00edntimas masculinas Dan\u00faBIO lan\u00e7ou nesta semana uma nova cole\u00e7\u00e3o de jockstraps.\u00a0 Branca, vermelha, amarela e listrada. Essas s\u00e3o as op\u00e7\u00f5es da nova cole\u00e7\u00e3o que d\u00e3o volume na frente e deixa o bumbum livre, livre! De acordo com Dan\u00fabio Trindade, idealizador e propriet\u00e1rio da marca que est\u00e1 no mercado desde 2016, jockstrap tornou-se arma indispens\u00e1vel de sedu\u00e7\u00e3o. \u201cO mundo mudou, as pessoas est\u00e3o mudando, portanto, n\u00e3o existe mais isso \u00e9 para ativo ou aquilo \u00e9 para passivo\u201d, disse.<\/p>\n<p>Para divulgar a nova cole\u00e7\u00e3o a marca preparou um ensaio, feito no Rio de Janeiro, que teve como modelo a nova aposta do porn\u00f4 nacional, Estev\u00e3o Oliveira, de 22 anos. \u201cApostamos em um ensaio intimista para promover uma proximidade ainda maior do p\u00fablico. Uma Jockstrap, um quarto e uma cama t\u00eam tudo a ver com a nossa proposta\u201d, finaliza Dan\u00fabio.<\/p>\n<p>A marca anuncia que far\u00e1 o lan\u00e7amento, antes do Carnaval, de mais uma linha cueca-sunga. As cole\u00e7\u00f5es\u00a0 est\u00e3o dispon\u00edveis atrav\u00e9s do site www.danubioparahomens.com<\/p>\n<p>Recentemente, a marca trouxe para Salvador<a href=\"https:\/\/blogs.correio24horas.com.br\/mesalte\/du-picasso-funcionario-de-salao-de-beleza-conta-como-virou-um-ator-porno-de-sucesso\/\" target=\"_blank\"> o\u00a0 maior (literalmente) ator da ind\u00fastria porn\u00f4 da atualidade<\/a>, o Edu Picasso, que tamb\u00e9m \u00e9 garoto propaganda da\u00a0Dan\u00faBIO para uma apresenta\u00e7\u00e3o exclusiva na Sauna Olympus.<\/p>\n","protected":false},"excerpt":{"rendered":"<p>A marca baiana de roupas \u00edntimas masculinas Dan\u00faBIO lan\u00e7ou nesta semana uma nova cole\u00e7\u00e3o de jockstraps.\u00a0 Branca, vermelha, amarela e listrada. Essas s\u00e3o as op\u00e7\u00f5es da [&hellip;]<\/p>\n","protected":false},"author":1,"featured_media":18054,"comment_status":"open","ping_status":"open","sticky":false,"template":"","format":"image","meta":{"footnotes":""},"categories":[80,27],"tags":[],"class_list":["post-18053","post","type-post","status-publish","format-image","has-post-thumbnail","hentry","category-home","category-me-abano","post_format-post-format-image"],"_links":{"self":[{"href":"https:\/\/blogs.correio24horas.com.br\/mesalte\/wp-json\/wp\/v2\/posts\/18053","targetHints":{"allow":["GET"]}}],"collection":[{"href":"https:\/\/blogs.correio24horas.com.br\/mesalte\/wp-json\/wp\/v2\/posts"}],"about":[{"href":"https:\/\/blogs.correio24horas.com.br\/mesalte\/wp-json\/wp\/v2\/types\/post"}],"author":[{"embeddable":true,"href":"https:\/\/blogs.correio24horas.com.br\/mesalte\/wp-json\/wp\/v2\/users\/1"}],"replies":[{"embeddable":true,"href":"https:\/\/blogs.correio24horas.com.br\/mesalte\/wp-json\/wp\/v2\/comments?post=18053"}],"version-history":[{"count":2,"href":"https:\/\/blogs.correio24horas.com.br\/mesalte\/wp-json\/wp\/v2\/posts\/18053\/revisions"}],"predecessor-version":[{"id":18056,"href":"https:\/\/blogs.correio24horas.com.br\/mesalte\/wp-json\/wp\/v2\/posts\/18053\/revisions\/18056"}],"wp:featuredmedia":[{"embeddable":true,"href":"https:\/\/blogs.correio24horas.com.br\/mesalte\/wp-json\/wp\/v2\/media\/18054"}],"wp:attachment":[{"href":"https:\/\/blogs.correio24horas.com.br\/mesalte\/wp-json\/wp\/v2\/media?parent=18053"}],"wp:term":[{"taxonomy":"category","embeddable":true,"href":"https:\/\/blogs.correio24horas.com.br\/mesalte\/wp-json\/wp\/v2\/categories?post=18053"},{"taxonomy":"post_tag","embeddable":true,"href":"https:\/\/blogs.correio24horas.com.br\/mesalte\/wp-json\/wp\/v2\/tags?post=18053"}],"curies":[{"name":"wp","href":"https:\/\/api.w.org\/{rel}","templated":true}]}}