{"id":18048,"date":"2019-02-01T05:41:14","date_gmt":"2019-02-01T08:41:14","guid":{"rendered":"http:\/\/blogs.correio24horas.com.br\/mesalte\/?p=18048"},"modified":"2019-01-31T14:29:45","modified_gmt":"2019-01-31T17:29:45","slug":"falar-da-minha-sexualidade-nao-pode-virar-marketing-de-carreira-diz-cantor-silva-veja-video","status":"publish","type":"post","link":"https:\/\/blogs.correio24horas.com.br\/mesalte\/falar-da-minha-sexualidade-nao-pode-virar-marketing-de-carreira-diz-cantor-silva-veja-video\/","title":{"rendered":"\u2018Falar da minha sexualidade n\u00e3o pode virar marketing de carreira\u2019, diz cantor Silva; veja v\u00eddeo"},"content":{"rendered":"<p>Silva \u00e9 uma brisa leve sobre o mar. \u00c9 alma canceriana dizendo que vai ficar tudo bem. Ao mesmo tempo \u00e9 rosa \u00e0s duas da tarde com vista para o p\u00f4r do sol da Ba\u00eda de Todos os Santos. Aos 30 anos, o canceriano Silva \u00e9 vinho tinto em noite de frio, mas tamb\u00e9m \u00e9 suco de laranja ao entardecer. Capixaba de nascimento e se tornando \u2018baiano de cora\u00e7\u00e3o\u2019, o cantor de voz mansa e olhos firmes \u00e9 ess\u00eancia da calmaria e da renova\u00e7\u00e3o da M\u00fasica Popular Brasileira (MPB).<\/p>\n<p>Sentado diante do mar de Salvador &#8211; onde se apresentar\u00e1 no pr\u00f3ximo domingo (3) no projeto Bloco do Silva (veja mais informa\u00e7\u00f5es no final da reportagem) &#8211; o cantor conversou com o Me Salte sobre sua rela\u00e7\u00e3o com os baianos, pol\u00edticas para os LGBTs, sexualidade e tamb\u00e9m sobre os planos para carreira.<\/p>\n<p>A conex\u00e3o do artista com a Bahia tem se mostrado mais forte nos \u00faltimos tempos. Aqui, gravou seu mais recente clipe &#8211; Brisa -, lan\u00e7ado em dezembro de 2018. Mas essa sintonia n\u00e3o vem de agora. Ela foi gestada na sua inf\u00e2ncia quando conheceu a obra de Dorival Caymmi. Foi maturada &#8211; junto com sua forma\u00e7\u00e3o musical cl\u00e1ssica intercalada com a descoberta das obras de Caetano Veloso, Gilberto Gil e Jo\u00e3o Gilberto.<\/p>\n<h2><strong>Assista v\u00eddeo da entrevista\u00a0de Silva para o\u00a0Me Salte:\u00a0<\/strong><\/h2>\n<p><iframe loading=\"lazy\" src=\"https:\/\/www.youtube.com\/embed\/JNEtzs3qsd8\" width=\"560\" height=\"315\" frameborder=\"0\" allowfullscreen=\"allowfullscreen\"><\/iframe><\/p>\n<p>\u201cSou facilmente conquistado por pessoas gentis e isso \u00e9 o que mais tem na Bahia e aqui \u00e9 o lugar que eu me sinto melhor tratado de todos que eu j\u00e1 passei. Aqui tem um calor no jeito das pessoas que eu me identifico desde pequeno. Minha casa sempre foi uma escola de m\u00fasica e sempre toc\u00e1vamos (Dorival) Caymmi. Quando eu ainda era bem novinho conheci Jo\u00e3o Gilberto e fiquei apaixonado. Depois de um tempo conheci Caetano e Gil. Minha conex\u00e3o com a Bahia j\u00e1 come\u00e7a a\u00ed. Os meus artistas prediletos s\u00e3o baianos\u201d, derrete-se Silva que est\u00e1 lendo atualmente Capit\u00e3es da Areia, de Jorge Amado.<\/p>\n<p>O cl\u00e1ssico autor baiano j\u00e1 \u00e9 velho conhecido de Silva. Na verdade, segundo ele faz quest\u00e3o de frisar, a cultura baiana sempre esteve circundando a sua vida nas mais vari\u00e1veis formas de arte. \u201cTudo que \u00e9 produzido na Bahia sempre repercutiu muito em Vit\u00f3ria [capital do estado do Esp\u00edrito Santo, onde o cantor nasceu]. Minha inf\u00e2ncia, que foi nos anos 90, sempre consumi muito o que a Bahia produziu. Eu tenho essa rela\u00e7\u00e3o emotiva com a Bahia depois de muito tempo e agora depois de adulto estou criando mais essa conex\u00e3o\u201d, relembra Silva que destaca que a Bahia tem inspirado a forma\u00e7\u00e3o de novos projetos para sua carreira art\u00edstica a exemplo do clipe Brisa &#8211; que foi gravado totalmente na Bahia.<\/p>\n<p>Sempre sereno, Silva faz quest\u00e3o de enfatizar que sua rela\u00e7\u00e3o com a Bahia n\u00e3o \u00e9 uma a\u00e7\u00e3o de marketing ou de poss\u00edvel apropria\u00e7\u00e3o cultural. \u201cAinda falta muito para ser baiano. Meus amigos at\u00e9 brincam dizendo que a dancinha t\u00e1 boa, mas que ainda falta muito para ser baiano. Eu n\u00e3o quero me apropriar da Bahia. N\u00e3o quero de repente aparecer com uma conta [de orix\u00e1] no pesco\u00e7o e dizer que sou baiano. Eu sou super respeitoso com isso. Sei que n\u00e3o sou baiano, mas sou apaixonado pela Bahia. A Bahia tem um ouro musical\u201d, conta Silva destacando dentro da nova sonoridade da baiana de Larissa Luz, Luedji Luna e X\u00eania Fran\u00e7a, no projeto Aya Bass.<\/p>\n<div id=\"attachment_18063\" style=\"width: 602px\" class=\"wp-caption aligncenter\"><img loading=\"lazy\" decoding=\"async\" aria-describedby=\"caption-attachment-18063\" class=\"size-full wp-image-18063\" src=\"https:\/\/blogs.correio24h.com.br\/mesalte\/wp-content\/uploads\/2019\/01\/Silva-em-ssa.jpg\" alt=\"Silva tem curtido bastante a vida em Salvador Foto: Reprodu\u00e7\u00e3o\/Instagram\" width=\"592\" height=\"398\" srcset=\"https:\/\/blogs.correio24h.com.br\/mesalte\/wp-content\/uploads\/2019\/01\/Silva-em-ssa.jpg 592w, https:\/\/blogs.correio24h.com.br\/mesalte\/wp-content\/uploads\/2019\/01\/Silva-em-ssa-300x202.jpg 300w, https:\/\/blogs.correio24h.com.br\/mesalte\/wp-content\/uploads\/2019\/01\/Silva-em-ssa-217x146.jpg 217w, https:\/\/blogs.correio24h.com.br\/mesalte\/wp-content\/uploads\/2019\/01\/Silva-em-ssa-50x34.jpg 50w, https:\/\/blogs.correio24h.com.br\/mesalte\/wp-content\/uploads\/2019\/01\/Silva-em-ssa-112x75.jpg 112w\" sizes=\"auto, (max-width: 592px) 100vw, 592px\" \/><p id=\"caption-attachment-18063\" class=\"wp-caption-text\">Silva tem curtido bastante a vida em Salvador<br \/>Foto: Reprodu\u00e7\u00e3o\/Instagram<\/p><\/div>\n<p>Circulando em Salvador desde o final do ano passado, Silva escolhe o p\u00f4r do sol visto do Forte Santa Maria na Barra como seu cantinho preferido na capital baiana. Da fila do supermercado \u00e0 prainha do Museu de Arte Moderna, ele tem feito a alegria dos f\u00e3s que \u2018esbarram\u2019 com ele pela rua. \u201cIsso que eu acho incr\u00edvel em Salvador. Isso \u00e9 diferente de outros lugares. Outro dia eu encontrei Seu Jorge no meio da rua e fiquei quase meia hora falando com ele. \u00c9 uma coisa que n\u00e3o vai acontecer em outro lugar. As pessoas aqui t\u00eam uma troca grande de energia\u201d, destaca Silva que revela se encantar com a luz alaranjada do sol de Salvador. Nos momentos de quietude ele diz que prefere ficar em casa vendo um filme e apreciando a vista do mar do apartamento que est\u00e1 hospedado na regi\u00e3o central de Salvador.<\/p>\n<p><strong>De Clarid\u00e3o a Brasileiro<\/strong><br \/>\nSilva iniciou sua proje\u00e7\u00e3o nacional atrav\u00e9s da m\u00fasica com o \u00e1lbum Clarid\u00e3o (2012). Na sequ\u00eancia veio Vista pro Mar (2014), J\u00fapiter (2015), Silva Canta Marisa (2016) e Brasileiro (2018). Em todos, apesar da transforma\u00e7\u00e3o est\u00e9tica, h\u00e1 algo em comum: o canto do amor.<\/p>\n<p>O \u00e1lbum com covers das m\u00fasicas de Marisa come\u00e7ou ap\u00f3s uma s\u00e9rie de shows em setembro e um programa no canal Bis foi o primeiro impulso mais forte para o grande p\u00fablico da qualidade musical do artista. Foi um encontro de almas cancerianas. \u201cCome\u00e7ou sem muitas pretens\u00f5es mercadol\u00f3gicas. Foi uma coisa que aconteceu por acaso depois que fizemos o programa de TV e virou at\u00e9 DVD. Marisa soube, viu o programa e me escreveu agradecendo o programa. A\u00ed viramos amigos, compomos juntos e gravamos juntos. Era uma pessoa que eu j\u00e1 me entendo como f\u00e3 desde sempre e depois que eu a conheci fiquei mais f\u00e3 ainda e decidimos gravar o disco\u201d, relembra Silva.<\/p>\n<p><iframe loading=\"lazy\" src=\"https:\/\/www.youtube.com\/embed\/S9BVrAHnnmg\" width=\"560\" height=\"315\" frameborder=\"0\" allowfullscreen=\"allowfullscreen\"><\/iframe><\/p>\n<p>Antes disso, seus shows eram prioritariamente focados em suas composi\u00e7\u00f5es. O capixaba revelou que sentiu receio com esse passo musical especialmente por n\u00e3o ter tido a experi\u00eancia tradicional de muitos cantores que \u00e9 passar pelos barezinhos. \u201cPara mim fazer esse trabalho com as mans\u00f5es de Marisa foi um desafio e me fez crescer muito como m\u00fasico. Depois disso eu me vi outra pessoa\u201d.<\/p>\n<p>O encontro com Marisa, segundo Silva, o deixou mais brasileiro. Afinal, ele come\u00e7ou a carreira art\u00edstica no Brasil ap\u00f3s passar dois anos estudando na Irlanda, na Europa. \u201cMinhas refer\u00eancias eram muito gringas. Ent\u00e3o, gra\u00e7as a Marisa eu me conectei de volta com as coisas que eu vivia na inf\u00e2ncia. At\u00e9 a Bossa Nova eu tinha esquecido no sentido de possibilidade de cria\u00e7\u00e3o\u201d.<\/p>\n<p>Se Marisa conectou Silva com a MPB cl\u00e1ssica o feat da can\u00e7\u00e3o Fica Tudo Bem (2018) que ele gravou com Anitta foi a explos\u00e3o sensorial e amplifica\u00e7\u00e3o de p\u00fablicos para o cantor. \u201cS\u00e3o duas divas de gera\u00e7\u00f5es e lugares completamente diferentes. Depois da parceria com Marisa eu vi muitas pessoas de cabelos brancos no meu show. Depois da parceria com a Anitta eu comecei a ver gente muito mais nova no meu show. Ficou uma coisa muito misturada. Eu achei isso maravilhoso. Eu nunca gostei de ser uma pessoa prateleirada em um nicho. Quero continuar lutando para n\u00e3o ficar numa prateleira s\u00f3\u201d, explica Silva que \u00e9 formado em violino cl\u00e1ssico.<\/p>\n<p>Quando adolescente, ele achava que seria um m\u00fasico de concertos cl\u00e1ssicos, mas foi cooptado pelos vocais e pela m\u00fasica popular.<\/p>\n<blockquote><p>\u201cNunca achei que deveria fazer m\u00fasica para poucos. Sempre achei que deveria fazer m\u00fasica para o maior n\u00famero de pessoas\u201d, conta Silva que tamb\u00e9m toca violino, piano, viol\u00e3o e guitarra<\/p><\/blockquote>\n<p>Apesar da ansiedade de produ\u00e7\u00e3o de mais trabalhos, Silva destaca que est\u00e1 com cautela pensando no trabalho que suceder\u00e1 Brasileiro, lan\u00e7ado no ano passado e que ainda tem m\u00fasicas \u2018pouco trabalhadas na m\u00eddia\u2019.<\/p>\n<p>\u201cEu nunca tiro f\u00e9rias. Meu irm\u00e3o, que \u00e9 meu empres\u00e1rio e que comp\u00f5e muitas coisas comigo, diz para eu ter calma porque eu j\u00e1 termino um \u00e1lbum e j\u00e1 quero come\u00e7ar o outro. Nos \u00faltimos anos eu sai emendando um trabalho no outro. Dessa vez eu quero experimentar mais coisas. Quero vir para a Bahia com calma, conhecer m\u00fasicos daqui e pensar. Eu prefiro n\u00e3o me programar muito, mas eu n\u00e3o gosto de repetir. Ent\u00e3o, eu acho que o pr\u00f3ximo trabalho vai ser diferente de todos os outros. Tem artista que n\u00e3o enjoa e que toca a mesma coisa por 20 anos, mas para mim \u00e9 muito importante mudar\u201d.<\/p>\n<p>Silva revela que n\u00e3o \u00e9 muito \u2018apegado\u2019 com as can\u00e7\u00f5es. \u201cTem coisas que eu fiz que n\u00e3o gosto mais tanto hoje, mas tamb\u00e9m amo muito algumas coisas que j\u00e1 fiz. Sou muito de fase no gostar das can\u00e7\u00f5es. Eu gosto muito atualmente de uma m\u00fasica chamada Prova dos Nove, que me foi apresentada por causa da minha sogra que namora do compositor. Gosto muito e me emociono muito com Duas da Tarde\u201d, fala Silva que namora\u00a0Fernando Sotele, com quem est\u00e1 na Bahia.<\/p>\n<div id=\"attachment_18062\" style=\"width: 643px\" class=\"wp-caption aligncenter\"><img loading=\"lazy\" decoding=\"async\" aria-describedby=\"caption-attachment-18062\" class=\"size-full wp-image-18062\" src=\"https:\/\/blogs.correio24h.com.br\/mesalte\/wp-content\/uploads\/2019\/01\/silva-com-namorado.jpg\" alt=\"Silva com o namorado Fernando Sotele: f\u00e9rias e trabalho na Bahia Foto: Reprodu\u00e7\u00e3o\/Instagram\" width=\"633\" height=\"352\" srcset=\"https:\/\/blogs.correio24h.com.br\/mesalte\/wp-content\/uploads\/2019\/01\/silva-com-namorado.jpg 633w, https:\/\/blogs.correio24h.com.br\/mesalte\/wp-content\/uploads\/2019\/01\/silva-com-namorado-300x167.jpg 300w, https:\/\/blogs.correio24h.com.br\/mesalte\/wp-content\/uploads\/2019\/01\/silva-com-namorado-260x146.jpg 260w, https:\/\/blogs.correio24h.com.br\/mesalte\/wp-content\/uploads\/2019\/01\/silva-com-namorado-50x28.jpg 50w, https:\/\/blogs.correio24h.com.br\/mesalte\/wp-content\/uploads\/2019\/01\/silva-com-namorado-135x75.jpg 135w\" sizes=\"auto, (max-width: 633px) 100vw, 633px\" \/><p id=\"caption-attachment-18062\" class=\"wp-caption-text\">Silva com o namorado Fernando Sotele: f\u00e9rias e trabalho na Bahia<br \/>Foto: Reprodu\u00e7\u00e3o\/Instagram<\/p><\/div>\n<p><strong>Sexualidade, arte e mercado LGBTs<\/strong><br \/>\nDiante da onda de conservadorismo que atingiu o Brasil, Silva destaca que como artista sente que seu trabalho pode ajudar outras pessoas, inclusive os LGBTQIA+ a se sentirem mais fortalecidos.<\/p>\n<p>\u201cEst\u00e1 uma loucura. O ano mal come\u00e7ou e parece que j\u00e1 se passaram seis meses. Eu comecei a sentir a import\u00e2ncia do meu trabalho para as pessoas LGBTs em 2016 quando eu fiz o clipe Feliz e Ponto, que foi quando eu comecei a falar da minha vida pessoal. Depois do clipe [onde ele aparece beijando homens e mulheres] eu comecei a receber muitas mensagens de pessoas dizendo que se inspiraram para assumir sua sexualidade. Depois isso eu comecei a ver a responsabilidade de falar sobre isso. Eu tento e me esfor\u00e7o para isso n\u00e3o virar marketing na minha cabe\u00e7a. Eu tenho pavor disso. N\u00e3o julgo quem faz, mas para mim eu tomo muito cuidado para que isso seja uma coisa sincera e que venha de mim\u201d, argumenta Silva lembrando o clipe que hoje tem mais de 5 milh\u00f5es de visualiza\u00e7\u00f5es.<\/p>\n<blockquote><p>Quando \u00e9 importante falar eu falo. Acho importante como artista eu me posicionar nesse momento. Quero ajudar como eu puder. Quero ajudar as pessoas a passarem por essa situa\u00e7\u00e3o diante de conservadorismo no pa\u00eds sem se destru\u00edrem. Tenho muitos amigos que entraram em depress\u00e3o nos \u00faltimos tempos por conta de pol\u00edtica.<\/p><\/blockquote>\n<p>Com amor e com leveza. \u00c9 assim que Silva acredita que pode colaborar com que as pessoas LGBTQIA+ vivam em paz em momentos t\u00e3o tensos. \u201cEu acho que eu posso colaborar com a leveza. Quero contribuir com o que eu puder. N\u00e3o podemos pirar. Eu acho importante ter todas as linhas nesses momentos. Eu acho que a m\u00fasica pode chegar num lugar diferenciado. Quando voc\u00ea pega uma m\u00fasica, uma melodia e leva para uma pessoa que \u00e9 contra isso tudo de forma inteligente voc\u00ea abre o di\u00e1logo. Tem que saber o jeito certo de chegar nessas pessoas. \u00c9 essa minha contribui\u00e7\u00e3o. Sou calmo, sereno e tranquilo. Eu acho que n\u00f3s devemos nos juntar. Cada um do seu jeito. Precisamos somar. Isso vai fazer como que vivamos melhor\u201d, argumenta Silva.<\/p>\n<p>Nascido e criado em uma fam\u00edlia evang\u00e9lica, Silva revela que ao assumir sua homossexualidade em casa teve momentos dif\u00edceis. \u201cFoi dific\u00edlimo me assumir para eles. Eu tenho uma rela\u00e7\u00e3o com a minha fam\u00edlia muito boa. Artisticamente eu devo muito aos meus pais. Minha m\u00e3e sempre foi muito criteriosa com o estudo de m\u00fasica. Minha fam\u00edlia \u00e9 evang\u00e9lica at\u00e9 hoje e \u00e9 por muitas gera\u00e7\u00f5es. Quando eu tinha 21 anos, voltei da Irlanda e terminei a faculdade de violino. Fui a primeira pessoa da minha fam\u00edlia a fazer a ruptura e quebrar os paradigmas. Eu agradeci muito a eles, inclusive, pela base filos\u00f3fica que eles me deram porque foi ela que me permitiu poder questionar isso\u201d.<\/p>\n<blockquote><p>Eu sempre conversei com meus pais sobre esses assuntos mais dif\u00edceis com muito carinho. Eu detesto brigar. Quando voc\u00ea tem o respeito voc\u00ea recebe respeito de volta.<\/p><\/blockquote>\n<p>Silva diz que usou o respeito e a tranquilidade para conquistar o respeito da fam\u00edlia. \u201cEu sempre respeitei muito meus pais. Acho que por isso que eles passaram a respeitar as minhas escolha. Eles podem n\u00e3o gostar, n\u00e3o concordar dentro da verdade deles o que escolhi para mim. Mas, apesar de n\u00e3o concordarem com tudo que eu fa\u00e7o na vida eles me respeitam muito. Na \u00e9poca do clipe Feliz e Ponto, por exemplo, rolou um pouco de atrito, mas conversamos\u201d, relembra o cantor.<\/p>\n<p><strong>Silva carnavalesco<\/strong><br \/>\nNeste domingo (3), a partir das 16h, o cantor Silva aporta em Salvador com o projeto Bloco do Silva, no Trapiche Barnab\u00e9. No show, ele receber\u00e1 como convidadas a banda Il\u00ea Ayi\u00ea e a cantora Daniela Mercury.<\/p>\n<p>Al\u00e9m do seu repert\u00f3rio, Silva promete uma conex\u00e3o com a Bahia do seu passado. \u201cAo lado de Daniela e do Il\u00ea estou muito bem acompanhado. Eu escolhi para o repert\u00f3rio m\u00fasicas que tocam comigo, com a minha emo\u00e7\u00e3o. O show \u00e9 bem animado. At\u00e9 a parte mais quieta \u00e9 uma parte que todo mundo canta junto. S\u00f3 tem muita que mexe comigo, que fala comigo na minha adolesc\u00eancia. Tem muita can\u00e7\u00e3o da Banda Eva, Moraes Moreira, Cheiro de Amor, Caetano Veloso e muitos outros\u201d, adianta Silva.<\/p>\n<p>O cantor &#8211; que revela adorar ensaios e subir no palco com tudo da apresenta\u00e7\u00e3o roteirizado &#8211; percebeu que ainda precisa se integrar melhor com a forma de fazer ensaios de Ver\u00e3o em Salvador. \u201cEu sou super do ensaio e de programar, mas percebi que aqui na Bahia o neg\u00f3cio simplesmente acontece. Eu t\u00f4 levando assim e ver como vai ser. Eu sei que vai ser bonito\u201d, adianta Silva sobre essa parte do \u2018m\u00f3dulo avan\u00e7ado de como ser baiano\u2019.<\/p>\n<p><strong>SERVI\u00c7O:<\/strong><br \/>\nBloco do Silva<br \/>\nOnde: Trapiche Barnab\u00e9<br \/>\nQuando: 3 de fevereiro, a partir das 16h<br \/>\nAtra\u00e7\u00f5es: Silva, Daniela Mercury e Il\u00ea Ayi\u00ea<br \/>\nIngressos:\u00a0R$60 \u2013 R$100; <a href=\"https:\/\/www.eventbrite.com.br\/e\/bloco-do-silva-salvador-tickets-54707178644\" target=\"_blank\">vendas pelo site Eventbrite<\/a><\/p>\n","protected":false},"excerpt":{"rendered":"<p>Silva \u00e9 uma brisa leve sobre o mar. \u00c9 alma canceriana dizendo que vai ficar tudo bem. Ao mesmo tempo \u00e9 rosa \u00e0s duas da tarde [&hellip;]<\/p>\n","protected":false},"author":1,"featured_media":18050,"comment_status":"open","ping_status":"open","sticky":false,"template":"","format":"image","meta":{"footnotes":""},"categories":[28,80,16],"tags":[232],"class_list":["post-18048","post","type-post","status-publish","format-image","has-post-thumbnail","hentry","category-farofa-digital","category-home","category-me-jogo","tag-silva","post_format-post-format-image"],"_links":{"self":[{"href":"https:\/\/blogs.correio24horas.com.br\/mesalte\/wp-json\/wp\/v2\/posts\/18048","targetHints":{"allow":["GET"]}}],"collection":[{"href":"https:\/\/blogs.correio24horas.com.br\/mesalte\/wp-json\/wp\/v2\/posts"}],"about":[{"href":"https:\/\/blogs.correio24horas.com.br\/mesalte\/wp-json\/wp\/v2\/types\/post"}],"author":[{"embeddable":true,"href":"https:\/\/blogs.correio24horas.com.br\/mesalte\/wp-json\/wp\/v2\/users\/1"}],"replies":[{"embeddable":true,"href":"https:\/\/blogs.correio24horas.com.br\/mesalte\/wp-json\/wp\/v2\/comments?post=18048"}],"version-history":[{"count":9,"href":"https:\/\/blogs.correio24horas.com.br\/mesalte\/wp-json\/wp\/v2\/posts\/18048\/revisions"}],"predecessor-version":[{"id":18093,"href":"https:\/\/blogs.correio24horas.com.br\/mesalte\/wp-json\/wp\/v2\/posts\/18048\/revisions\/18093"}],"wp:featuredmedia":[{"embeddable":true,"href":"https:\/\/blogs.correio24horas.com.br\/mesalte\/wp-json\/wp\/v2\/media\/18050"}],"wp:attachment":[{"href":"https:\/\/blogs.correio24horas.com.br\/mesalte\/wp-json\/wp\/v2\/media?parent=18048"}],"wp:term":[{"taxonomy":"category","embeddable":true,"href":"https:\/\/blogs.correio24horas.com.br\/mesalte\/wp-json\/wp\/v2\/categories?post=18048"},{"taxonomy":"post_tag","embeddable":true,"href":"https:\/\/blogs.correio24horas.com.br\/mesalte\/wp-json\/wp\/v2\/tags?post=18048"}],"curies":[{"name":"wp","href":"https:\/\/api.w.org\/{rel}","templated":true}]}}