{"id":18017,"date":"2019-01-26T21:37:13","date_gmt":"2019-01-27T00:37:13","guid":{"rendered":"http:\/\/blogs.correio24horas.com.br\/mesalte\/?p=18017"},"modified":"2019-01-26T21:37:13","modified_gmt":"2019-01-27T00:37:13","slug":"as-bahias-e-a-cozinha-mineira-entram-em-nova-fase-da-carreira-com-das-estrelas","status":"publish","type":"post","link":"https:\/\/blogs.correio24horas.com.br\/mesalte\/as-bahias-e-a-cozinha-mineira-entram-em-nova-fase-da-carreira-com-das-estrelas\/","title":{"rendered":"As Bahias e a Cozinha Mineira entram em nova fase da carreira com &#8216;Das Estrelas&#8217;"},"content":{"rendered":"<p>A sensibilidade do grupo As Bahias e a Cozinha Mineira mesclam com a for\u00e7a e o poder da comunidade LGBTQIA+. A banda &#8211;\u00a0 formada pelas cantoras transexuais\u00a0Assucena Assucena (vocal) e Raquel Virginia (vocal), al\u00e9m de Rafael Acerbi\u00a0(guitarra) &#8211; acaba de lan\u00e7ar seu novo clipe &#8216;Das Estrelas&#8217;.<\/p>\n<p>O clipe &#8216;rom\u00e2ntico com final dram\u00e1tico&#8217;, com a pr\u00f3pria banda definiu em entrevista ao Me Salte, \u00e9 o primeiro passo de uma nova era na carreira art\u00edstica da banda que ganhou o Brasil ap\u00f3s os \u00e1lbuns Mulher e Bixa.<\/p>\n<p>O grupo assinou contrato com a Universal Music e &#8216;Das Estrelas&#8217; \u00e9 o primeiro trabalho do novo projeto. Ele foi lan\u00e7ado neste m\u00eas de janeiro, quando se comemora, no dia 29, o\u00a0\u201cDia da Visibilidade Trans\u201d.<\/p>\n<p>A m\u00fasica \u201cDas Estrelas\u201d, que chega ap\u00f3s um ano do lan\u00e7amento do segundo \u00e1lbum, \u201cBixa\u201d, mostra esse amadurecimento da banda. \u201c\u00c9 o inicio de um disco que traz uma nova sonoridade,\u00a0mais pop e abrangente\u201d, diz Assucena, compositora da can\u00e7\u00e3o.<\/p>\n<p>O clipe, dirigido por Rafael Carvalho, retrata a viol\u00eancia contra pessoas\u00a0LGBTTT- L\u00e9sbicas, Gays, Bissexuais, Travestis, Transexuais e Transg\u00eaneros.<\/p>\n<p>Para promover o assunto, o trio tem feito diversas a\u00e7\u00f5es em suas redes sociais. Entre elas, v\u00eddeos gravados nas ruas, onde os integrantes mostram para as pessoas a frase \u201cAmai ao pr\u00f3ximo como a\u00a0ti mesmo\u201d e questionam se elas acham que o amor \u00e9 universal.<\/p>\n<p>A banda est\u00e1 junta desde 2011 quando se conheceram no curso de Hist\u00f3ria da Universidade do Estado da S\u00e3o Paulo (USP).\u00a0A banda, que at\u00e9 ent\u00e3o chamava Preto por Preto\u00a0(em refer\u00eancia ao hit\u00a0\u201cBack to black\u201d, de Amy Winehouse), resolveu assumir os gostos musicais de cada um e criaram As Bahias e a Cozinha\u00a0Mineira, onde uma das musas inspiradoras foi Gal Costa.<\/p>\n<p>O resultado deste encontro resultou no primeiro \u00e1lbum em est\u00fadio, no fim de 2015,\u00a0chamado \u201cMulher\u201d. O segundo \u00e1lbum veio em 2017, intitulado \u201cBixa\u201d. Em\u00a02018, a banda ganhou dois trof\u00e9us no 29\u00ba Pr\u00eamio da M\u00fasica Brasileira: \u201cCan\u00e7\u00e3o Popular \u2013 Grupo\u201d e\u00a0\u201cCan\u00e7\u00e3o Popular \u2013 \u00c1lbum\u201d, com o disco \u201cBixa\u201d.<\/p>\n<p><strong>Confira abaixo entrevista da banda sobre a nova fase de trabalho:\u00a0<\/strong><\/p>\n<p><strong>Me Salte &#8211; Tanto no \u00e1lbum \u201cMulher\u201d quanto no \u201cBixa\u201d as causas LGBTTTQIA+ est\u00e3o evidentes. O que est\u00e1 sendo pensado para o novo \u00e1lbum?<\/strong><\/p>\n<p><strong>As Bahias e a Cozinha Mineira &#8211;\u00a0<\/strong> O novo \u00e1lbum n\u00e3o ser\u00e1 diferente. Vamos abordar com poesia, lirismo e inventividade nossas pautas.<\/p>\n<p><strong>Me Salte &#8211; Assinar contrato com uma grande gravadora trar\u00e1 um novo fervor para a carreira da banda? Quando deve sair o pr\u00f3ximo \u00e1lbum?<\/strong><\/p>\n<p><strong>As Bahias e a Cozinha Mineira &#8211;\u00a0<\/strong> Se tornar uma banda de gravadora como a Universal obviamente traz mais oportunidades e visibilidade. Estamos sendo recebidas com muito carinho e nossa musicalidade est\u00e1 sendo desenvolvida com muita expectativa.<\/p>\n<p><strong>Me Salte &#8211;\u00a0 O que ter\u00e1 de diferente nessa nova produ\u00e7\u00e3o? Algo muda na sonoridade?<\/strong><\/p>\n<p><strong>As Bahias e a Cozinha Mineira &#8211;\u00a0<\/strong>\u00a0Estamos mais rock. Sempre a procura da batida perfeita. Vamos trazer outra roupagem. A gente gosta de inventar.<\/p>\n<p><strong>Me Salte &#8211; Vivemos no pa\u00eds onde mais se matam pessoas LGBTTTQIA+ no mundo. Como voc\u00eas acham que o trabalho e visibilidade de voc\u00eas pode colaborar para uma maior conscientiza\u00e7\u00e3o da sociedade sobre a necessidade de respeito \u00e0 diversidade?<\/strong><\/p>\n<p><strong>As Bahias e a Cozinha Mineira &#8211;\u00a0<\/strong>\u00a0Mata muito menos estar no imagin\u00e1rio cultural. Por isso \u00e9 fundamental que nossa linguagem esteja disputando a narrativa da m\u00fasica. O nosso clipe que sai nesta sexta feira j\u00e1 vai dar o tom dessa colabora\u00e7\u00e3o.<\/p>\n<p><strong>Me Salte &#8211; H\u00e1 previs\u00e3o de novos shows em Salvador? E Carnaval, qual a ideia da banda?<\/strong><\/p>\n<p><strong>As Bahias e a Cozinha Mineira &#8211;\u00a0<\/strong> Sim. Voltamos no primeiro semestre. Vamos puxar trio em S\u00e3o Paulo, por enquanto.<\/p>\n<p>Clique aqui e assista o clipe:<br \/>\n<iframe loading=\"lazy\" src=\"https:\/\/www.youtube.com\/embed\/Sg6KiFq7I9w\" width=\"560\" height=\"315\" frameborder=\"0\" allowfullscreen=\"allowfullscreen\"><\/iframe><br \/>\n&nbsp;<\/p>\n<p>&nbsp;<\/p>\n","protected":false},"excerpt":{"rendered":"<p>A sensibilidade do grupo As Bahias e a Cozinha Mineira mesclam com a for\u00e7a e o poder da comunidade LGBTQIA+. A banda &#8211;\u00a0 formada pelas cantoras [&hellip;]<\/p>\n","protected":false},"author":1,"featured_media":18019,"comment_status":"open","ping_status":"open","sticky":false,"template":"","format":"image","meta":{"footnotes":""},"categories":[28,80],"tags":[],"class_list":["post-18017","post","type-post","status-publish","format-image","has-post-thumbnail","hentry","category-farofa-digital","category-home","post_format-post-format-image"],"_links":{"self":[{"href":"https:\/\/blogs.correio24horas.com.br\/mesalte\/wp-json\/wp\/v2\/posts\/18017","targetHints":{"allow":["GET"]}}],"collection":[{"href":"https:\/\/blogs.correio24horas.com.br\/mesalte\/wp-json\/wp\/v2\/posts"}],"about":[{"href":"https:\/\/blogs.correio24horas.com.br\/mesalte\/wp-json\/wp\/v2\/types\/post"}],"author":[{"embeddable":true,"href":"https:\/\/blogs.correio24horas.com.br\/mesalte\/wp-json\/wp\/v2\/users\/1"}],"replies":[{"embeddable":true,"href":"https:\/\/blogs.correio24horas.com.br\/mesalte\/wp-json\/wp\/v2\/comments?post=18017"}],"version-history":[{"count":2,"href":"https:\/\/blogs.correio24horas.com.br\/mesalte\/wp-json\/wp\/v2\/posts\/18017\/revisions"}],"predecessor-version":[{"id":18020,"href":"https:\/\/blogs.correio24horas.com.br\/mesalte\/wp-json\/wp\/v2\/posts\/18017\/revisions\/18020"}],"wp:featuredmedia":[{"embeddable":true,"href":"https:\/\/blogs.correio24horas.com.br\/mesalte\/wp-json\/wp\/v2\/media\/18019"}],"wp:attachment":[{"href":"https:\/\/blogs.correio24horas.com.br\/mesalte\/wp-json\/wp\/v2\/media?parent=18017"}],"wp:term":[{"taxonomy":"category","embeddable":true,"href":"https:\/\/blogs.correio24horas.com.br\/mesalte\/wp-json\/wp\/v2\/categories?post=18017"},{"taxonomy":"post_tag","embeddable":true,"href":"https:\/\/blogs.correio24horas.com.br\/mesalte\/wp-json\/wp\/v2\/tags?post=18017"}],"curies":[{"name":"wp","href":"https:\/\/api.w.org\/{rel}","templated":true}]}}