{"id":18011,"date":"2019-01-26T21:01:42","date_gmt":"2019-01-27T00:01:42","guid":{"rendered":"http:\/\/blogs.correio24horas.com.br\/mesalte\/?p=18011"},"modified":"2019-01-26T21:01:42","modified_gmt":"2019-01-27T00:01:42","slug":"denny-denan-sera-convidado-do-cortejo-afro-nesta-segunda-28","status":"publish","type":"post","link":"https:\/\/blogs.correio24horas.com.br\/mesalte\/denny-denan-sera-convidado-do-cortejo-afro-nesta-segunda-28\/","title":{"rendered":"Denny Denan ser\u00e1 convidado do Cortejo Afro nesta segunda (28)"},"content":{"rendered":"<p>O Cortejo Afro realiza ensaio nesta segunda-feira (28), no Largo Quincas Berro D\u00b4\u00c1gua &#8211; Pelourinho, a partir das 21 horas, e recebe Denny Denan como convidado. Na abertura do show, a banda DNA Urbano se apresenta.<\/p>\n<p>Durante o show, que tem a dire\u00e7\u00e3o art\u00edstica de Alberto Pitta, a banda promete agitar o p\u00fablico com o som de suas composi\u00e7\u00f5es, mescladas a releituras de can\u00e7\u00f5es da MPB, do Pop e da batida percussiva, promovendo experi\u00eancias est\u00e9ticas inovadoras que v\u00e3o unir dan\u00e7a, m\u00fasica e artes visuais em um mesmo espet\u00e1culo.<\/p>\n<p>O Cortejo Afro foi criado em 02 de julho de 1998, na comunidade de Piraj\u00e1. Sua origem dentro dos limites de um terreiro de candombl\u00e9, o Il\u00ea Ax\u00e9 Oy\u00e1, sob a inspira\u00e7\u00e3o e orienta\u00e7\u00e3o espiritual da Yalorix\u00e1 Anizia da Rocha Pitta, M\u00e3e Santinha, atesta toda a sua identidade, autenticidade e for\u00e7a. O Bloco foi idealizado pelo artista pl\u00e1stico Alberto Pitta, que h\u00e1 mais de 35 anos, desenvolve trabalhos ligados \u00e0 est\u00e9tica e cultura africana. A entidade, envolvida com esta proposta, desenvolve trabalhos sociais junto \u00e0 sua comunidade durante o ano inteiro.<\/p>\n<p>Servi\u00e7o<br \/>\nO qu\u00ea: Ensaio do Cortejo Afro<br \/>\nQuando: Segunda-feira, 28\/01\/2019.<br \/>\nOnde: Largo Quincas Berro D\u2019\u00c1gua &#8211; Pelourinho \/ Salvador \u2013 Bahia.<br \/>\nHor\u00e1rio: 21h<br \/>\nConvidado: Denny Denan<br \/>\nAbertura: Banda DNA Urbano<br \/>\nAnima\u00e7\u00e3o: DJ Pimenta<br \/>\nQuanto: R$60,00 (inteira) e R$30,00 (meia-entrada). Vendas antecipadas no site: www.sambavivo.com.br, no balc\u00e3o Samba Vivo (Shopping Piedade, L4), nos restaurantes Odoy\u00e1 e Portal do Pel\u00f4 (Pelourinho), e na bilheteria do local, no dia do evento.<\/p>\n<p>&nbsp;<\/p>\n","protected":false},"excerpt":{"rendered":"<p>O Cortejo Afro realiza ensaio nesta segunda-feira (28), no Largo Quincas Berro D\u00b4\u00c1gua &#8211; Pelourinho, a partir das 21 horas, e recebe Denny Denan como convidado. [&hellip;]<\/p>\n","protected":false},"author":1,"featured_media":18012,"comment_status":"open","ping_status":"open","sticky":false,"template":"","format":"image","meta":{"footnotes":""},"categories":[80,16],"tags":[],"class_list":["post-18011","post","type-post","status-publish","format-image","has-post-thumbnail","hentry","category-home","category-me-jogo","post_format-post-format-image"],"_links":{"self":[{"href":"https:\/\/blogs.correio24horas.com.br\/mesalte\/wp-json\/wp\/v2\/posts\/18011","targetHints":{"allow":["GET"]}}],"collection":[{"href":"https:\/\/blogs.correio24horas.com.br\/mesalte\/wp-json\/wp\/v2\/posts"}],"about":[{"href":"https:\/\/blogs.correio24horas.com.br\/mesalte\/wp-json\/wp\/v2\/types\/post"}],"author":[{"embeddable":true,"href":"https:\/\/blogs.correio24horas.com.br\/mesalte\/wp-json\/wp\/v2\/users\/1"}],"replies":[{"embeddable":true,"href":"https:\/\/blogs.correio24horas.com.br\/mesalte\/wp-json\/wp\/v2\/comments?post=18011"}],"version-history":[{"count":1,"href":"https:\/\/blogs.correio24horas.com.br\/mesalte\/wp-json\/wp\/v2\/posts\/18011\/revisions"}],"predecessor-version":[{"id":18013,"href":"https:\/\/blogs.correio24horas.com.br\/mesalte\/wp-json\/wp\/v2\/posts\/18011\/revisions\/18013"}],"wp:featuredmedia":[{"embeddable":true,"href":"https:\/\/blogs.correio24horas.com.br\/mesalte\/wp-json\/wp\/v2\/media\/18012"}],"wp:attachment":[{"href":"https:\/\/blogs.correio24horas.com.br\/mesalte\/wp-json\/wp\/v2\/media?parent=18011"}],"wp:term":[{"taxonomy":"category","embeddable":true,"href":"https:\/\/blogs.correio24horas.com.br\/mesalte\/wp-json\/wp\/v2\/categories?post=18011"},{"taxonomy":"post_tag","embeddable":true,"href":"https:\/\/blogs.correio24horas.com.br\/mesalte\/wp-json\/wp\/v2\/tags?post=18011"}],"curies":[{"name":"wp","href":"https:\/\/api.w.org\/{rel}","templated":true}]}}