{"id":18009,"date":"2019-01-26T20:55:32","date_gmt":"2019-01-26T23:55:32","guid":{"rendered":"http:\/\/blogs.correio24horas.com.br\/mesalte\/?p=18009"},"modified":"2019-01-26T21:55:30","modified_gmt":"2019-01-27T00:55:30","slug":"concurso-aloucademia-de-drags-vai-ocupar-o-caras-bocas-nos-sabados-de-verao","status":"publish","type":"post","link":"https:\/\/blogs.correio24horas.com.br\/mesalte\/concurso-aloucademia-de-drags-vai-ocupar-o-caras-bocas-nos-sabados-de-verao\/","title":{"rendered":"Concurso Aloucademia de Drags vai ocupar o Caras &#038; Bocas nos s\u00e1bados de Ver\u00e3o"},"content":{"rendered":"<p>Est\u00e1 com saudade dos concursos de drag em Salvador? N\u00e3o precisa mais sentir falta. Come\u00e7a neste s\u00e1bado (26) a quarta edi\u00e7\u00e3o do concurso Aloucademia de Drags.<\/p>\n<p>Comandado por Valerie O&#8217;rarah, o concurso ter\u00e1 12 candidatas na disputa pela faixa e pelo pr\u00eamio de R$1mil.<\/p>\n<p>O concurso acontecer\u00e1 no Espa\u00e7o Cultural Caras &amp; Bocas (Rua Carlos Gomes) durante os s\u00e1bados de Ver\u00e3o.<\/p>\n","protected":false},"excerpt":{"rendered":"<p>Est\u00e1 com saudade dos concursos de drag em Salvador? N\u00e3o precisa mais sentir falta. Come\u00e7a neste s\u00e1bado (26) a quarta edi\u00e7\u00e3o do concurso Aloucademia de Drags. [&hellip;]<\/p>\n","protected":false},"author":1,"featured_media":10962,"comment_status":"open","ping_status":"open","sticky":false,"template":"","format":"image","meta":{"footnotes":""},"categories":[25],"tags":[],"class_list":["post-18009","post","type-post","status-publish","format-image","has-post-thumbnail","hentry","category-me-transformo","post_format-post-format-image"],"_links":{"self":[{"href":"https:\/\/blogs.correio24horas.com.br\/mesalte\/wp-json\/wp\/v2\/posts\/18009","targetHints":{"allow":["GET"]}}],"collection":[{"href":"https:\/\/blogs.correio24horas.com.br\/mesalte\/wp-json\/wp\/v2\/posts"}],"about":[{"href":"https:\/\/blogs.correio24horas.com.br\/mesalte\/wp-json\/wp\/v2\/types\/post"}],"author":[{"embeddable":true,"href":"https:\/\/blogs.correio24horas.com.br\/mesalte\/wp-json\/wp\/v2\/users\/1"}],"replies":[{"embeddable":true,"href":"https:\/\/blogs.correio24horas.com.br\/mesalte\/wp-json\/wp\/v2\/comments?post=18009"}],"version-history":[{"count":1,"href":"https:\/\/blogs.correio24horas.com.br\/mesalte\/wp-json\/wp\/v2\/posts\/18009\/revisions"}],"predecessor-version":[{"id":18010,"href":"https:\/\/blogs.correio24horas.com.br\/mesalte\/wp-json\/wp\/v2\/posts\/18009\/revisions\/18010"}],"wp:featuredmedia":[{"embeddable":true,"href":"https:\/\/blogs.correio24horas.com.br\/mesalte\/wp-json\/wp\/v2\/media\/10962"}],"wp:attachment":[{"href":"https:\/\/blogs.correio24horas.com.br\/mesalte\/wp-json\/wp\/v2\/media?parent=18009"}],"wp:term":[{"taxonomy":"category","embeddable":true,"href":"https:\/\/blogs.correio24horas.com.br\/mesalte\/wp-json\/wp\/v2\/categories?post=18009"},{"taxonomy":"post_tag","embeddable":true,"href":"https:\/\/blogs.correio24horas.com.br\/mesalte\/wp-json\/wp\/v2\/tags?post=18009"}],"curies":[{"name":"wp","href":"https:\/\/api.w.org\/{rel}","templated":true}]}}