{"id":17999,"date":"2019-01-26T20:44:27","date_gmt":"2019-01-26T23:44:27","guid":{"rendered":"http:\/\/blogs.correio24horas.com.br\/mesalte\/?p=17999"},"modified":"2019-01-26T20:45:21","modified_gmt":"2019-01-26T23:45:21","slug":"candidatos-de-valenca-e-pernambues-vencem-o-mister-verao-brasil","status":"publish","type":"post","link":"https:\/\/blogs.correio24horas.com.br\/mesalte\/candidatos-de-valenca-e-pernambues-vencem-o-mister-verao-brasil\/","title":{"rendered":"Candidatos de Valen\u00e7a e Pernambu\u00e9s vencem o Mister Ver\u00e3o Brasil"},"content":{"rendered":"<p>Na noite do \u00faltimo domingo (20), foi realizado em Salvador a etapa estadual da terceira edi\u00e7\u00e3o do concurso Mister Ver\u00e3o Brasil, no Hotel Sol Barra. Os doze candidatos ao t\u00edtulo desfilaram com trajes moda praia e gala.<\/p>\n<p>Com o espa\u00e7o lotado, o p\u00fablico e o corpo de jurados formado pelo presidente do Sindicato dos Artistas e T\u00e9cnicos em Espet\u00e1culos de Divers\u00f5es do Estado da Bahia (Sated-BA), Fernando Marinho, o estilista, Jorge Andrade, o booker scouter, Herio Menezes, e os jornalistas Gabriela Cruz, F\u00e1bio Santana, Dirceu Factum e Van Carvalho, tiveram a dif\u00edcil miss\u00e3o de eleger os grandes vencedores, diante da beleza e simpatia dos candidatos.<\/p>\n<p><img loading=\"lazy\" decoding=\"async\" class=\"aligncenter size-large wp-image-18000\" src=\"https:\/\/blogs.correio24h.com.br\/mesalte\/wp-content\/uploads\/2019\/01\/candidatos-1024x681.jpg\" alt=\"candidatos\" width=\"1024\" height=\"681\" srcset=\"https:\/\/blogs.correio24h.com.br\/mesalte\/wp-content\/uploads\/2019\/01\/candidatos-1024x681.jpg 1024w, https:\/\/blogs.correio24h.com.br\/mesalte\/wp-content\/uploads\/2019\/01\/candidatos-300x199.jpg 300w, https:\/\/blogs.correio24h.com.br\/mesalte\/wp-content\/uploads\/2019\/01\/candidatos-768x511.jpg 768w, https:\/\/blogs.correio24h.com.br\/mesalte\/wp-content\/uploads\/2019\/01\/candidatos-220x146.jpg 220w, https:\/\/blogs.correio24h.com.br\/mesalte\/wp-content\/uploads\/2019\/01\/candidatos-50x33.jpg 50w, https:\/\/blogs.correio24h.com.br\/mesalte\/wp-content\/uploads\/2019\/01\/candidatos-113x75.jpg 113w, https:\/\/blogs.correio24h.com.br\/mesalte\/wp-content\/uploads\/2019\/01\/candidatos.jpg 1280w\" sizes=\"auto, (max-width: 1024px) 100vw, 1024px\" \/><\/p>\n<p>O concurso, comandado por Bagagerie Spilberg, contou ainda com desfile da GRV Modas, de Guegueu Almeida.<\/p>\n<p>Bruno Correia de Jesus, 18 anos, gar\u00e7om, natural de Valen\u00e7a, e Eric Sousa Bonfim, 19 anos, estudante, morador do bairro Pernambu\u00e9s, consagraram-se com a maioria dos votos. Al\u00e9m do t\u00edtulo de Mister Ver\u00e3o Brasil 2019, os vencedores levaram para casa faixa, trof\u00e9u, pe\u00e7as do estilista Jorge Andrade e da GRV Modas.<\/p>\n<p>O concurso foi idealizado pelo produtor e empres\u00e1rio Jomar Sousa, da Xtreme Model, com apoio do produtor de moda Ad\u00e3o Andrade.<\/p>\n","protected":false},"excerpt":{"rendered":"<p>Na noite do \u00faltimo domingo (20), foi realizado em Salvador a etapa estadual da terceira edi\u00e7\u00e3o do concurso Mister Ver\u00e3o Brasil, no Hotel Sol Barra. Os [&hellip;]<\/p>\n","protected":false},"author":1,"featured_media":18001,"comment_status":"open","ping_status":"open","sticky":false,"template":"","format":"image","meta":{"footnotes":""},"categories":[80,27],"tags":[],"class_list":["post-17999","post","type-post","status-publish","format-image","has-post-thumbnail","hentry","category-home","category-me-abano","post_format-post-format-image"],"_links":{"self":[{"href":"https:\/\/blogs.correio24horas.com.br\/mesalte\/wp-json\/wp\/v2\/posts\/17999","targetHints":{"allow":["GET"]}}],"collection":[{"href":"https:\/\/blogs.correio24horas.com.br\/mesalte\/wp-json\/wp\/v2\/posts"}],"about":[{"href":"https:\/\/blogs.correio24horas.com.br\/mesalte\/wp-json\/wp\/v2\/types\/post"}],"author":[{"embeddable":true,"href":"https:\/\/blogs.correio24horas.com.br\/mesalte\/wp-json\/wp\/v2\/users\/1"}],"replies":[{"embeddable":true,"href":"https:\/\/blogs.correio24horas.com.br\/mesalte\/wp-json\/wp\/v2\/comments?post=17999"}],"version-history":[{"count":1,"href":"https:\/\/blogs.correio24horas.com.br\/mesalte\/wp-json\/wp\/v2\/posts\/17999\/revisions"}],"predecessor-version":[{"id":18002,"href":"https:\/\/blogs.correio24horas.com.br\/mesalte\/wp-json\/wp\/v2\/posts\/17999\/revisions\/18002"}],"wp:featuredmedia":[{"embeddable":true,"href":"https:\/\/blogs.correio24horas.com.br\/mesalte\/wp-json\/wp\/v2\/media\/18001"}],"wp:attachment":[{"href":"https:\/\/blogs.correio24horas.com.br\/mesalte\/wp-json\/wp\/v2\/media?parent=17999"}],"wp:term":[{"taxonomy":"category","embeddable":true,"href":"https:\/\/blogs.correio24horas.com.br\/mesalte\/wp-json\/wp\/v2\/categories?post=17999"},{"taxonomy":"post_tag","embeddable":true,"href":"https:\/\/blogs.correio24horas.com.br\/mesalte\/wp-json\/wp\/v2\/tags?post=17999"}],"curies":[{"name":"wp","href":"https:\/\/api.w.org\/{rel}","templated":true}]}}