{"id":17968,"date":"2019-01-24T18:48:30","date_gmt":"2019-01-24T21:48:30","guid":{"rendered":"http:\/\/blogs.correio24horas.com.br\/mesalte\/?p=17968"},"modified":"2019-01-24T18:48:47","modified_gmt":"2019-01-24T21:48:47","slug":"apos-ameacas-de-morte-jean-wyllys-desiste-de-mandato-e-deixa-brasil","status":"publish","type":"post","link":"https:\/\/blogs.correio24horas.com.br\/mesalte\/apos-ameacas-de-morte-jean-wyllys-desiste-de-mandato-e-deixa-brasil\/","title":{"rendered":"Ap\u00f3s amea\u00e7as de morte, Jean Wyllys desiste de novo mandato e deixa Brasil"},"content":{"rendered":"<p class=\"bodytext\">O deputado federal\u00a0Jean Wyllys (PSOL-RJ), eleito para seu terceiro mandato, vai desistir de assumir o cargo e deixar o Brasil. A informa\u00e7\u00e3o foi divulgada pela Folha de S. Paulo, que\u00a0<strong><a href=\"https:\/\/www1.folha.uol.com.br\/poder\/2019\/01\/com-medo-de-ameacas-jean-wyllys-do-psol-desiste-de-mandato-e-deixa-o-brasil.shtml?utm_source=whatsapp&amp;utm_medium=social&amp;utm_campaign=compwa\" target=\"_blank\">entrevistou o pol\u00edtico baiano.<\/a><\/strong><\/p>\n<p class=\"bodytext\">De f\u00e9rias fora do pa\u00eds, o parlamentar informou que n\u00e3o pretende retornar e seguir\u00e1 com sua carreira acad\u00eamica &#8211; ele \u00e9 formado em Jornalismo pela Universidade Federal da Bahia (Ufba).<\/p>\n<div id=\"brasilemundo_300x250_01\">\u00a0Wyllys vive com escolta policial desde que sua colega de partido Marielle Franco foi assassinada, em mar\u00e7o do ano passado. Na entrevista, ele lembra de uma conversa que teve com Pepe Mujica, ex-presidente do Uruguai.\u00a0&#8220;O Pepe Mujica, quando soube que eu estava amea\u00e7ado de morte, falou para mim: &#8216;Rapaz, se cuide. Os m\u00e1rtires n\u00e3o s\u00e3o her\u00f3is&#8217;. E \u00e9 isso: eu n\u00e3o quero me sacrificar&#8221;,diz.<\/div>\n<p class=\"bodytext\">Ele fala tamb\u00e9m que as informa\u00e7\u00f5es recentes de que o\u00a0ex-PM que \u00e9 suspeito de chefiar a mil\u00edcia respons\u00e1vel pela morte de Marielle estaria ligado ao senador eleito Fl\u00e1vio Bolsonaro tamb\u00e9m influenciaram a decis\u00e3o. &#8220;Me apavora saber que o filho do presidente contratou no seu gabinetea esposa e a m\u00e3e do sic\u00e1rio&#8221;, diz. &#8220;O presidente que sempre me difamou, que sempre me insultou de maneira aberta, que sempre utilizou de homofobia contra mim. Esse ambiente n\u00e3o \u00e9 seguro para mim&#8221;, acredita.<\/p>\n<p class=\"bodytext\">Jean foi o primeiro parlamentar assumidamente gay a levar quest\u00f5es da agenda LGBT ao Congresso Nacional. Nas redes sociais, ele \u00e9 dos alvos preferenciais de grupos conservadores. Ele diz que a decis\u00e3o n\u00e3o foi f\u00e1cil e que ainda n\u00e3o sabe ao certo para onde vai, ironizando:\u00a0&#8220;Eu acho que vou at\u00e9 dizer que vou para Cuba&#8221;.<\/p>\n<p class=\"bodytext\">O pol\u00edtico fez uma publica\u00e7\u00e3o falando do tema. &#8220;Preservar a vida amea\u00e7ada \u00e9 tamb\u00e9m uma estrat\u00e9gia da luta por dias melhores. Fizemos muito pelo bem comum. E faremos muito mais quando chegar o novo tempo, n\u00e3o importa que fa\u00e7amos por outros meios! Obrigado a todas e todos voc\u00eas, de todo cora\u00e7\u00e3o. Ax\u00e9!&#8221;.<\/p>\n<blockquote class=\"twitter-tweet\" data-lang=\"pt\">\n<p dir=\"ltr\" lang=\"pt\">Preservar a vida amea\u00e7ada \u00e9 tamb\u00e9m uma estrat\u00e9gia da luta por dias melhores. Fizemos muito pelo bem comum. E faremos muito mais quando chegar o novo tempo, n\u00e3o importa que fa\u00e7amos por outros meios! Obrigado a todas e todos voc\u00eas, de todo cora\u00e7\u00e3o. Ax\u00e9! \u270a <a href=\"https:\/\/t.co\/Xy6SyDNXDy\">https:\/\/t.co\/Xy6SyDNXDy<\/a> <a href=\"https:\/\/t.co\/Tf6SGmZFHq\">pic.twitter.com\/Tf6SGmZFHq<\/a><\/p>\n<p>\u2014 Jean Wyllys (@jeanwyllys_real) <a href=\"https:\/\/twitter.com\/jeanwyllys_real\/status\/1088491273227522049?ref_src=twsrc%5Etfw\">24 de janeiro de 2019<\/a><\/p><\/blockquote>\n<p><script src=\"https:\/\/platform.twitter.com\/widgets.js\" async=\"\" charset=\"utf-8\"><\/script><\/p>\n<div class=\"embed-content\">\n<p class=\"bodytext\"><strong>Decis\u00e3o<\/strong><br \/>\nNa entrevista, o pol\u00edtico diz que j\u00e1 pensava em abandonar a vida p\u00fablica desde a morte de Marielle. &#8220;Nunca achei que as amea\u00e7as de morte contra mim pudessem acontecer de fato. Ent\u00e3o, nunca solicitei escolta. Mas, quando rolou a execu\u00e7\u00e3o da Marielle, tive no\u00e7\u00e3o da gravidade&#8221;, diz.<\/p>\n<p class=\"bodytext\">Ele conta que era muito xingado e empurrado, mesmo com presen\u00e7a de seguran\u00e7as ao seu lado. Wyllys diz que a campanha presidencial que culminou com a elei\u00e7\u00e3o de Jair Bolsonaro agravou a situa\u00e7\u00e3o. &#8220;Eu n\u00e3o era candidato \u00e0 Presid\u00eancia da Rep\u00fablica, mas a principal fake news\u00a0me envolvia \u2014o kit gay. Foi uma fake news\u00a0produzida em 2011 e atribu\u00edda a mim&#8221;, relata. Ele diz que em julho, quando ouve um eclipse lunar, ele n\u00e3o pode sair de casa para ver o fen\u00f4meno, o que o abalou e resultou em crise de choro. &#8220;N\u00e3o posso estar no meu pa\u00eds e n\u00e3o poder descer para ver um eclipse lunar sem ser insultado por pessoas que acham que sou ped\u00f3filo, que quero homossexualizar crian\u00e7as&#8221;.<\/p>\n<p class=\"bodytext\">O pol\u00edtico diz que n\u00e3o desistiu de se candidatar porque &#8220;n\u00e3o era uma quest\u00e3o s\u00f3 minha, envolvia o partido&#8221; e que j\u00e1 estava no fluxo do seu trabalho, por isso nem chegou a cogitar. O atentado a Bolsonaro &#8220;ati\u00e7ou a viol\u00eancia contra mim nos espa\u00e7os p\u00fablicos&#8221; ainda durante a elei\u00e7\u00e3o.<\/p>\n<p class=\"bodytext\">Wyllys cita a viol\u00eancia contra LGBTs no Brasil, que tem &#8220;crescido assustadoramente&#8221;, como um motivo para deixar o pa\u00eds. &#8220;N\u00e3o foi a elei\u00e7\u00e3o dele (Bolsonaro) em si. Foi o n\u00edvel de viol\u00eancia que aumentou ap\u00f3s a elei\u00e7\u00e3o dele. Para se ter uma ideia,\u00a0<strong><a href=\"https:\/\/www.correio24horas.com.br\/noticia\/nid\/homem-e-preso-por-matar-travesti-e-arrancar-coracao-era-um-demonio\/\"><strong>uma travesti teve o cora\u00e7\u00e3o arrancado agora h\u00e1 pouco<\/strong><\/a><\/strong>. E o cara (o assassino)\u00a0botou uma imagem de uma santa no lugar. Numa \u00fanica semana, tr\u00eas casais de l\u00e9sbicas foram atacados. Um deles foi executado. A viol\u00eancia contra LGBTs no Brasil tem crescido assustadoramente&#8221;.<\/p>\n<table class=\"table\">\n<tbody>\n<tr>\n<td>\n<p class=\"text-center\"><img loading=\"lazy\" decoding=\"async\" src=\"https:\/\/correio-cdn2.cworks.cloud\/fileadmin\/_processed_\/8\/d\/csm_marielelJN_2387ca6c14.jpg\" alt=\"\" width=\"1000\" height=\"563\" \/><\/p>\n<\/td>\n<\/tr>\n<tr>\n<td class=\"text-center\"><strong>Morte de Marielle foi citada por Jean Wyllys<\/strong>\u00a0(Foto: Reprodu\u00e7\u00e3o)<\/td>\n<\/tr>\n<\/tbody>\n<\/table>\n<p class=\"bodytext\">O presidente do PSOL, Juliano Medeiros, disse \u00e0 Globo que o Brasil vive uma situa\u00e7\u00e3o &#8220;muito grave&#8221;, o que \u00e9 evidenciado pela decis\u00e3o de Jean de deixar o pa\u00eds.\u00a0&#8220;A situa\u00e7\u00e3o do pa\u00eds \u00e9 realmente muito grave, e a gente tem defendido que a resist\u00eancia democr\u00e1tica no pa\u00eds \u00e9 necess\u00e1ria. O Jean era e ainda \u00e9 uma nesse processo de resist\u00eancia democr\u00e1tica\u201d, afirmou o presidente do PSOL. &#8220;A decis\u00e3o dele \u00e9 de car\u00e1ter pessoal&#8221;, afirma.<\/p>\n<p class=\"bodytext\">Medeiros lamentou a decis\u00e3o de Jean, dizendo que o partido gostaria que ele continuasse, mas afirmou que todo o PSOL entende e se solidariza com o deputado.<\/p>\n<p class=\"bodytext\">A vaga de Jean ficar\u00e1 com o vereador carioca David Miranda (PSOL-RJ).\u00a0Miranda tamb\u00e9m \u00e9 ativista LGBT e casado com o jornalista Glenn Greenwald, vencedor do Pr\u00eamio Pullitzer em 2014 por sua reportagem sobre programas de vigil\u00e2ncia secretos dos Estados Unidos.<\/p>\n<\/div>\n","protected":false},"excerpt":{"rendered":"<p>O deputado federal\u00a0Jean Wyllys (PSOL-RJ), eleito para seu terceiro mandato, vai desistir de assumir o cargo e deixar o Brasil. A informa\u00e7\u00e3o foi divulgada pela Folha [&hellip;]<\/p>\n","protected":false},"author":1,"featured_media":17970,"comment_status":"open","ping_status":"open","sticky":false,"template":"","format":"image","meta":{"footnotes":""},"categories":[80,11],"tags":[1804,603,1806,1805],"class_list":["post-17968","post","type-post","status-publish","format-image","has-post-thumbnail","hentry","category-home","category-me-informo","tag-jean","tag-jean-wyllys","tag-marielle-franci","tag-milicias","post_format-post-format-image"],"_links":{"self":[{"href":"https:\/\/blogs.correio24horas.com.br\/mesalte\/wp-json\/wp\/v2\/posts\/17968","targetHints":{"allow":["GET"]}}],"collection":[{"href":"https:\/\/blogs.correio24horas.com.br\/mesalte\/wp-json\/wp\/v2\/posts"}],"about":[{"href":"https:\/\/blogs.correio24horas.com.br\/mesalte\/wp-json\/wp\/v2\/types\/post"}],"author":[{"embeddable":true,"href":"https:\/\/blogs.correio24horas.com.br\/mesalte\/wp-json\/wp\/v2\/users\/1"}],"replies":[{"embeddable":true,"href":"https:\/\/blogs.correio24horas.com.br\/mesalte\/wp-json\/wp\/v2\/comments?post=17968"}],"version-history":[{"count":2,"href":"https:\/\/blogs.correio24horas.com.br\/mesalte\/wp-json\/wp\/v2\/posts\/17968\/revisions"}],"predecessor-version":[{"id":17971,"href":"https:\/\/blogs.correio24horas.com.br\/mesalte\/wp-json\/wp\/v2\/posts\/17968\/revisions\/17971"}],"wp:featuredmedia":[{"embeddable":true,"href":"https:\/\/blogs.correio24horas.com.br\/mesalte\/wp-json\/wp\/v2\/media\/17970"}],"wp:attachment":[{"href":"https:\/\/blogs.correio24horas.com.br\/mesalte\/wp-json\/wp\/v2\/media?parent=17968"}],"wp:term":[{"taxonomy":"category","embeddable":true,"href":"https:\/\/blogs.correio24horas.com.br\/mesalte\/wp-json\/wp\/v2\/categories?post=17968"},{"taxonomy":"post_tag","embeddable":true,"href":"https:\/\/blogs.correio24horas.com.br\/mesalte\/wp-json\/wp\/v2\/tags?post=17968"}],"curies":[{"name":"wp","href":"https:\/\/api.w.org\/{rel}","templated":true}]}}