{"id":17914,"date":"2019-01-23T19:28:21","date_gmt":"2019-01-23T22:28:21","guid":{"rendered":"http:\/\/blogs.correio24horas.com.br\/mesalte\/?p=17914"},"modified":"2019-01-23T19:28:41","modified_gmt":"2019-01-23T22:28:41","slug":"transformacao-primeira-turma-de-drags-e-trans-se-apresentam-no-teatro-moliere","status":"publish","type":"post","link":"https:\/\/blogs.correio24horas.com.br\/mesalte\/transformacao-primeira-turma-de-drags-e-trans-se-apresentam-no-teatro-moliere\/","title":{"rendered":"TransForma\u00e7\u00e3o: primeira turma de drags e trans se apresentam no Teatro Moli\u00e8re"},"content":{"rendered":"<p>A arte transforma e o teatro \u00e9 a janela para muitas dessas transforma\u00e7\u00f5es. Esse \u00e9 o conceito que poder\u00e1 ser visto a partir da 10h30 desta quinta-feira (24) no\u00a0Teatro Moli\u00e8re, localizado na Ladeira da Barra, em Salvador.\u00a0L\u00e1 acontecer\u00e1\u00a0mostra c\u00eanica comandada pelas\u00a0diretoras de teatro e professoras de prepara\u00e7\u00e3o vocal Ana Ribeiro e Ana Santos.<\/p>\n<p>A mostra \u00e9 o resultado da primeira turma de atores drags e trans do projeto TransForma\u00e7\u00e3o. O evento contar\u00e1 com a presen\u00e7a da atriz Camila Castro. A entrada \u00e9\u00a0gratuita e ser\u00e3o exibidas cenas da \u00d3pera do Malandro e Abajur Lil\u00e1s.<\/p>\n<div id=\"attachment_17918\" style=\"width: 790px\" class=\"wp-caption aligncenter\"><img loading=\"lazy\" decoding=\"async\" aria-describedby=\"caption-attachment-17918\" class=\"size-full wp-image-17918\" src=\"https:\/\/blogs.correio24h.com.br\/mesalte\/wp-content\/uploads\/2019\/01\/ana.jpg\" alt=\"mostra c\u00eanica comandada pelas diretoras de teatro e professoras de prepara\u00e7\u00e3o vocal Ana Ribeiro e Ana Santos Foto: Divulga\u00e7\u00e3o\" width=\"780\" height=\"405\" srcset=\"https:\/\/blogs.correio24h.com.br\/mesalte\/wp-content\/uploads\/2019\/01\/ana.jpg 780w, https:\/\/blogs.correio24h.com.br\/mesalte\/wp-content\/uploads\/2019\/01\/ana-300x156.jpg 300w, https:\/\/blogs.correio24h.com.br\/mesalte\/wp-content\/uploads\/2019\/01\/ana-768x399.jpg 768w, https:\/\/blogs.correio24h.com.br\/mesalte\/wp-content\/uploads\/2019\/01\/ana-260x135.jpg 260w, https:\/\/blogs.correio24h.com.br\/mesalte\/wp-content\/uploads\/2019\/01\/ana-50x26.jpg 50w, https:\/\/blogs.correio24h.com.br\/mesalte\/wp-content\/uploads\/2019\/01\/ana-144x75.jpg 144w\" sizes=\"auto, (max-width: 780px) 100vw, 780px\" \/><p id=\"caption-attachment-17918\" class=\"wp-caption-text\">mostra c\u00eanica comandada pelas diretoras de teatro e professoras de prepara\u00e7\u00e3o vocal Ana Ribeiro e Ana Santos<br \/>Foto: Divulga\u00e7\u00e3o<\/p><\/div>\n<p>&#8220;Os participantes s\u00e3o t\u00e3o talentosos que talvez vire algo maior. \u00c9 o que todos desejam&#8221;, adianta Ana Ribeiro destacando que, ao final do curso, em abril deste ano, quem conseguir a aprova\u00e7\u00e3o ter\u00e1 o registro de ator pela Delegacia Regional do Trabalho (DRT).<\/p>\n<p>O objetivo do projeto, que foi idealizado por Fernando Marinho do\u00a0Sindicato dos Artistas e T\u00e9cnicos (Sated), \u00e9 oferecer qualifica\u00e7\u00e3o e aprimoramento de artistas.\u00a0O projeto TransForma\u00e7\u00e3o \u00e9 um programa institucional do Sindicato dos Artistas e T\u00e9cnicos em Espet\u00e1culos de Divers\u00f5es do Estado da Bahia (Sated-BA), realizado pelo Grupo Teca Teatro, com patroc\u00ednio da Prefeitura Municipal de Salvador, da Secretaria da Fazenda do Munic\u00edpio e Funda\u00e7\u00e3o Greg\u00f3rio de Mattos (FGM), por meio do edital Greg\u00f3rios.<\/p>\n","protected":false},"excerpt":{"rendered":"<p>A arte transforma e o teatro \u00e9 a janela para muitas dessas transforma\u00e7\u00f5es. Esse \u00e9 o conceito que poder\u00e1 ser visto a partir da 10h30 desta [&hellip;]<\/p>\n","protected":false},"author":1,"featured_media":0,"comment_status":"open","ping_status":"open","sticky":false,"template":"","format":"image","meta":{"footnotes":""},"categories":[80,9],"tags":[],"class_list":["post-17914","post","type-post","status-publish","format-image","hentry","category-home","category-me-orgulho","post_format-post-format-image"],"_links":{"self":[{"href":"https:\/\/blogs.correio24horas.com.br\/mesalte\/wp-json\/wp\/v2\/posts\/17914","targetHints":{"allow":["GET"]}}],"collection":[{"href":"https:\/\/blogs.correio24horas.com.br\/mesalte\/wp-json\/wp\/v2\/posts"}],"about":[{"href":"https:\/\/blogs.correio24horas.com.br\/mesalte\/wp-json\/wp\/v2\/types\/post"}],"author":[{"embeddable":true,"href":"https:\/\/blogs.correio24horas.com.br\/mesalte\/wp-json\/wp\/v2\/users\/1"}],"replies":[{"embeddable":true,"href":"https:\/\/blogs.correio24horas.com.br\/mesalte\/wp-json\/wp\/v2\/comments?post=17914"}],"version-history":[{"count":4,"href":"https:\/\/blogs.correio24horas.com.br\/mesalte\/wp-json\/wp\/v2\/posts\/17914\/revisions"}],"predecessor-version":[{"id":17919,"href":"https:\/\/blogs.correio24horas.com.br\/mesalte\/wp-json\/wp\/v2\/posts\/17914\/revisions\/17919"}],"wp:attachment":[{"href":"https:\/\/blogs.correio24horas.com.br\/mesalte\/wp-json\/wp\/v2\/media?parent=17914"}],"wp:term":[{"taxonomy":"category","embeddable":true,"href":"https:\/\/blogs.correio24horas.com.br\/mesalte\/wp-json\/wp\/v2\/categories?post=17914"},{"taxonomy":"post_tag","embeddable":true,"href":"https:\/\/blogs.correio24horas.com.br\/mesalte\/wp-json\/wp\/v2\/tags?post=17914"}],"curies":[{"name":"wp","href":"https:\/\/api.w.org\/{rel}","templated":true}]}}