{"id":17784,"date":"2019-01-12T12:03:54","date_gmt":"2019-01-12T15:03:54","guid":{"rendered":"http:\/\/blogs.correio24horas.com.br\/mesalte\/?p=17784"},"modified":"2019-01-12T12:08:17","modified_gmt":"2019-01-12T15:08:17","slug":"jau-substituira-mariene-de-castro-na-estreia-no-mercado-iao-com-margareth-menezes","status":"publish","type":"post","link":"https:\/\/blogs.correio24horas.com.br\/mesalte\/jau-substituira-mariene-de-castro-na-estreia-no-mercado-iao-com-margareth-menezes\/","title":{"rendered":"Jau substituir\u00e1 Mariene de Castro na estreia no Mercado Ia\u00f4 com Margareth Menezes"},"content":{"rendered":"<p>O cantor Jau\u00a0ser\u00e1 o convidado especial de Margareth Menezes na abertura do Mercado Ia\u00f4, dia 20 de janeiro, na Ribeira. A cantora Mariene de Castro, convidada para participar da abertura, adiou a sua presen\u00e7a para o dia 27 de janeiro. O Mercado IA\u00d4 ser\u00e1 aberto \u00e0s 10 horas, aos domingos, com uma extensa programa\u00e7\u00e3o com feira de artesanato, moda, acess\u00f3rios e decora\u00e7\u00e3o, espa\u00e7o de gastronomia, artes pl\u00e1sticas, m\u00fasica, teatro, dan\u00e7a, oficinas e atividades sociais.<\/p>\n","protected":false},"excerpt":{"rendered":"<p>O cantor Jau\u00a0ser\u00e1 o convidado especial de Margareth Menezes na abertura do Mercado Ia\u00f4, dia 20 de janeiro, na Ribeira. A cantora Mariene de Castro, convidada [&hellip;]<\/p>\n","protected":false},"author":1,"featured_media":17787,"comment_status":"open","ping_status":"open","sticky":false,"template":"","format":"image","meta":{"footnotes":""},"categories":[80,16],"tags":[],"class_list":["post-17784","post","type-post","status-publish","format-image","has-post-thumbnail","hentry","category-home","category-me-jogo","post_format-post-format-image"],"_links":{"self":[{"href":"https:\/\/blogs.correio24horas.com.br\/mesalte\/wp-json\/wp\/v2\/posts\/17784","targetHints":{"allow":["GET"]}}],"collection":[{"href":"https:\/\/blogs.correio24horas.com.br\/mesalte\/wp-json\/wp\/v2\/posts"}],"about":[{"href":"https:\/\/blogs.correio24horas.com.br\/mesalte\/wp-json\/wp\/v2\/types\/post"}],"author":[{"embeddable":true,"href":"https:\/\/blogs.correio24horas.com.br\/mesalte\/wp-json\/wp\/v2\/users\/1"}],"replies":[{"embeddable":true,"href":"https:\/\/blogs.correio24horas.com.br\/mesalte\/wp-json\/wp\/v2\/comments?post=17784"}],"version-history":[{"count":1,"href":"https:\/\/blogs.correio24horas.com.br\/mesalte\/wp-json\/wp\/v2\/posts\/17784\/revisions"}],"predecessor-version":[{"id":17786,"href":"https:\/\/blogs.correio24horas.com.br\/mesalte\/wp-json\/wp\/v2\/posts\/17784\/revisions\/17786"}],"wp:featuredmedia":[{"embeddable":true,"href":"https:\/\/blogs.correio24horas.com.br\/mesalte\/wp-json\/wp\/v2\/media\/17787"}],"wp:attachment":[{"href":"https:\/\/blogs.correio24horas.com.br\/mesalte\/wp-json\/wp\/v2\/media?parent=17784"}],"wp:term":[{"taxonomy":"category","embeddable":true,"href":"https:\/\/blogs.correio24horas.com.br\/mesalte\/wp-json\/wp\/v2\/categories?post=17784"},{"taxonomy":"post_tag","embeddable":true,"href":"https:\/\/blogs.correio24horas.com.br\/mesalte\/wp-json\/wp\/v2\/tags?post=17784"}],"curies":[{"name":"wp","href":"https:\/\/api.w.org\/{rel}","templated":true}]}}