{"id":17761,"date":"2019-01-10T17:31:41","date_gmt":"2019-01-10T20:31:41","guid":{"rendered":"http:\/\/blogs.correio24horas.com.br\/mesalte\/?p=17761"},"modified":"2019-01-10T17:32:41","modified_gmt":"2019-01-10T20:32:41","slug":"margareth-menezes-recebe-mariene-de-castro-dia-20-de-janeiro-no-mercado-iao","status":"publish","type":"post","link":"https:\/\/blogs.correio24horas.com.br\/mesalte\/margareth-menezes-recebe-mariene-de-castro-dia-20-de-janeiro-no-mercado-iao\/","title":{"rendered":"Margareth Menezes recebe Mariene de Castro dia 20 de janeiro no Mercado Ia\u00f4"},"content":{"rendered":"<p>Sim, vai ter samba no mercado! Sim, vai ter samba na Ribeira. Umas das principais atra\u00e7\u00f5es do Ver\u00e3o, o Mercado Ia\u00f4 j\u00e1 tem data para voltar: 20 de janeiro. A partir desta edi\u00e7\u00e3o, ele se instala em definitivo como espa\u00e7o multicultural na Ribeira, com a proposta principal de impulsionar neg\u00f3cios, al\u00e9m trazer para cidade uma programa\u00e7\u00e3o especial durante todo ano.<\/p>\n<p>Na estreia, Margareth Menezes abre a temporada de Ver\u00e3o do Mercado Ia\u00f4, com show especial e recebendo a convidada especial Mariene de Castro no palco principal. O espa\u00e7o ser\u00e1 aberto \u00e0s 10 horas, aos domingos, com uma extensa programa\u00e7\u00e3o com feira de artesanato, moda, acess\u00f3rios e decora\u00e7\u00e3o, espa\u00e7o de gastronomia, artes pl\u00e1sticas, m\u00fasica, teatro, dan\u00e7a, oficinas e atividades sociais.<\/p>\n<p>Os port\u00f5es do Mercado Ia\u00f4 ser\u00e3o abertos \u00e0s 10 horas, com entrada franca at\u00e9 13 horas. A partir deste hor\u00e1rio, os ingressos estar\u00e3o \u00e0 venda pelo valor social por R$ 20 e R$ 10. N\u00e3o haver\u00e1 venda antecipada, apenas na bilheteria no dia do evento. A arrecada\u00e7\u00e3o ser\u00e1 revertida para a manuten\u00e7\u00e3o do mercado.<\/p>\n<p>Nesta quarta edi\u00e7\u00e3o, o Mercado Ia\u00f4 fixa endere\u00e7o permanente na F\u00e1brica Cultural, que passa a ocupar definitivamente os 7\u00a0mil m\u00b2 da na antiga f\u00e1brica de Linhos Nossa Senhora de F\u00e1tima, na Ribeira. Desde de 2014, o projeto tem como principal miss\u00e3o incentivar ao empreendedorismo e o resgate da identidade cultural da Bahia. Assim como fomentar a cultura na Pen\u00ednsula de Itapagipe, atrav\u00e9s de cursos, palestras e eventos s\u00f3cio culturais. Agora permanente, o projeto passa a receber uma nova infraestrutura, com tr\u00eas palcos, banheiros, \u00e1rea gastron\u00f4mica e o galp\u00e3o das artes mais equipados para exposi\u00e7\u00f5es e feiras.<\/p>\n<p>Aberto a partir das 10 horas, o Mercado Ia\u00f4 re\u00fane uma extensa programa\u00e7\u00e3o cultural, com artesanato, moda, acess\u00f3rios, decora\u00e7\u00e3o, gastronomia, artes pl\u00e1sticas, m\u00fasica, teatro, dan\u00e7a, entre outras manifesta\u00e7\u00f5es culturais da Bahia. Desde sua cria\u00e7\u00e3o, o projeto idealizado e promovido pela F\u00e1brica Cultural vem se consolidando com um espa\u00e7o plural e democr\u00e1tico. Com o sucesso das \u00faltimas edi\u00e7\u00f5es, o evento colocou a Cidade Baixa no roteiro cultural da cidade, atraindo turistas e um p\u00fablico de todas as regi\u00f5es.<\/p>\n<p>A gastronomia de rua \u00e9 uma das novidades desta edi\u00e7\u00e3o, ao lado do artesanato, moda, acess\u00f3rios e decora\u00e7\u00e3o. Desta forma, o mercado passa a receber os ambulantes que oferecem tabocas, cocadas, quebra-queixo, guias de caf\u00e9 e mingaus, entre outros. O objetivo \u00e9 de diversificar a oferta de gastronomia, tendo essa caracter\u00edstica de nossas ruas, representada e fortalecida no Mercado<\/p>\n<p><strong>SERVI\u00c7O<\/strong><br \/>\nMercado Ia\u00f4<br \/>\nLocal: F\u00e1brica Cultural &#8211; Pra\u00e7a General Oz\u00f3rio, n\u00ba 33, Ribeira<br \/>\nData: De 20\/01 a 17\/02<br \/>\nDia 20\/01: Margareth Menezes recebe Mariene de Castro<\/p>\n<p>Hor\u00e1rio de funcionamento: Das 10h \u00e0s 20h \u2013 Show principal \u00e0s 18 horas<br \/>\nValor: R$20 e R$10 (meia), a partir das 13h.<br \/>\nSite: mercadoiao.org.br;<\/p>\n<p>Redes Sociais: www.facebook.com\/MercadoIao e @mercadoiao<\/p>\n","protected":false},"excerpt":{"rendered":"<p>Sim, vai ter samba no mercado! Sim, vai ter samba na Ribeira. Umas das principais atra\u00e7\u00f5es do Ver\u00e3o, o Mercado Ia\u00f4 j\u00e1 tem data para voltar: [&hellip;]<\/p>\n","protected":false},"author":1,"featured_media":17763,"comment_status":"open","ping_status":"open","sticky":false,"template":"","format":"image","meta":{"footnotes":""},"categories":[80,16],"tags":[],"class_list":["post-17761","post","type-post","status-publish","format-image","has-post-thumbnail","hentry","category-home","category-me-jogo","post_format-post-format-image"],"_links":{"self":[{"href":"https:\/\/blogs.correio24horas.com.br\/mesalte\/wp-json\/wp\/v2\/posts\/17761","targetHints":{"allow":["GET"]}}],"collection":[{"href":"https:\/\/blogs.correio24horas.com.br\/mesalte\/wp-json\/wp\/v2\/posts"}],"about":[{"href":"https:\/\/blogs.correio24horas.com.br\/mesalte\/wp-json\/wp\/v2\/types\/post"}],"author":[{"embeddable":true,"href":"https:\/\/blogs.correio24horas.com.br\/mesalte\/wp-json\/wp\/v2\/users\/1"}],"replies":[{"embeddable":true,"href":"https:\/\/blogs.correio24horas.com.br\/mesalte\/wp-json\/wp\/v2\/comments?post=17761"}],"version-history":[{"count":3,"href":"https:\/\/blogs.correio24horas.com.br\/mesalte\/wp-json\/wp\/v2\/posts\/17761\/revisions"}],"predecessor-version":[{"id":17765,"href":"https:\/\/blogs.correio24horas.com.br\/mesalte\/wp-json\/wp\/v2\/posts\/17761\/revisions\/17765"}],"wp:featuredmedia":[{"embeddable":true,"href":"https:\/\/blogs.correio24horas.com.br\/mesalte\/wp-json\/wp\/v2\/media\/17763"}],"wp:attachment":[{"href":"https:\/\/blogs.correio24horas.com.br\/mesalte\/wp-json\/wp\/v2\/media?parent=17761"}],"wp:term":[{"taxonomy":"category","embeddable":true,"href":"https:\/\/blogs.correio24horas.com.br\/mesalte\/wp-json\/wp\/v2\/categories?post=17761"},{"taxonomy":"post_tag","embeddable":true,"href":"https:\/\/blogs.correio24horas.com.br\/mesalte\/wp-json\/wp\/v2\/tags?post=17761"}],"curies":[{"name":"wp","href":"https:\/\/api.w.org\/{rel}","templated":true}]}}