{"id":17756,"date":"2019-01-10T16:27:54","date_gmt":"2019-01-10T19:27:54","guid":{"rendered":"http:\/\/blogs.correio24horas.com.br\/mesalte\/?p=17756"},"modified":"2019-01-10T16:39:02","modified_gmt":"2019-01-10T19:39:02","slug":"cortejo-afro-recebe-alinne-rosa-e-larissa-luz-nesta-segunda-feira-14","status":"publish","type":"post","link":"https:\/\/blogs.correio24horas.com.br\/mesalte\/cortejo-afro-recebe-alinne-rosa-e-larissa-luz-nesta-segunda-feira-14\/","title":{"rendered":"Cortejo Afro recebe Alinne Rosa e Larissa Luz nesta segunda-feira (14)"},"content":{"rendered":"<p>O Cortejo Afro realiza mais uma edi\u00e7\u00e3o do ensaio, nesta segunda-feira (07), no Largo Quincas Berro D\u00b4\u00c1gua &#8211; Pelourinho, a partir das 21 horas, e recebe como convidadas Alinne Rosa e Larissa Luz.<\/p>\n<p>Durante o show, que tem a dire\u00e7\u00e3o art\u00edstica de Alberto Pitta, a banda promete agitar o p\u00fablico com o som de suas composi\u00e7\u00f5es, mescladas a releituras de can\u00e7\u00f5es da MPB, do Pop e da batida percussiva, promovendo experi\u00eancias est\u00e9ticas inovadoras que v\u00e3o unir dan\u00e7a, m\u00fasica e artes visuais em um mesmo espet\u00e1culo.<\/p>\n<p>O projeto \u00e9 uma realiza\u00e7\u00e3o da Entidade Cultural Cortejo Afro e conta com os apoios do Clube Correio e da Secretaria de Cultura do Estado da Bahia.<\/p>\n<p><strong>Servi\u00e7o:<\/strong><br \/>\nO qu\u00ea: Ensaio do Cortejo Afro<br \/>\nConvidadas: Alinne Rosa e Larissa Luz<br \/>\nQuando: Segunda-feira, 14\/01\/2019<br \/>\nOnde: Largo Quincas Berro D\u2019\u00c1gua &#8211; Pelourinho \/ Salvador \u2013 Bahia<br \/>\nHor\u00e1rio: 21h<br \/>\nQuanto: R$60,00 (inteira) e R$30,00 (meia-entrada). Vendas antecipadas nos Restaurantes Odoy\u00e1 e Portal do Pel\u00f4 (Pelourinho), site: www.sambavivo.com.br, no balc\u00e3o Samba Vivo (Shopping Piedade, L4) e na bilheteria do local, no dia do evento.<br \/>\nAbertura: DJ Pimenta<\/p>\n","protected":false},"excerpt":{"rendered":"<p>O Cortejo Afro realiza mais uma edi\u00e7\u00e3o do ensaio, nesta segunda-feira (07), no Largo Quincas Berro D\u00b4\u00c1gua &#8211; Pelourinho, a partir das 21 horas, e recebe [&hellip;]<\/p>\n","protected":false},"author":1,"featured_media":17757,"comment_status":"open","ping_status":"open","sticky":false,"template":"","format":"image","meta":{"footnotes":""},"categories":[80,16],"tags":[],"class_list":["post-17756","post","type-post","status-publish","format-image","has-post-thumbnail","hentry","category-home","category-me-jogo","post_format-post-format-image"],"_links":{"self":[{"href":"https:\/\/blogs.correio24horas.com.br\/mesalte\/wp-json\/wp\/v2\/posts\/17756","targetHints":{"allow":["GET"]}}],"collection":[{"href":"https:\/\/blogs.correio24horas.com.br\/mesalte\/wp-json\/wp\/v2\/posts"}],"about":[{"href":"https:\/\/blogs.correio24horas.com.br\/mesalte\/wp-json\/wp\/v2\/types\/post"}],"author":[{"embeddable":true,"href":"https:\/\/blogs.correio24horas.com.br\/mesalte\/wp-json\/wp\/v2\/users\/1"}],"replies":[{"embeddable":true,"href":"https:\/\/blogs.correio24horas.com.br\/mesalte\/wp-json\/wp\/v2\/comments?post=17756"}],"version-history":[{"count":3,"href":"https:\/\/blogs.correio24horas.com.br\/mesalte\/wp-json\/wp\/v2\/posts\/17756\/revisions"}],"predecessor-version":[{"id":17760,"href":"https:\/\/blogs.correio24horas.com.br\/mesalte\/wp-json\/wp\/v2\/posts\/17756\/revisions\/17760"}],"wp:featuredmedia":[{"embeddable":true,"href":"https:\/\/blogs.correio24horas.com.br\/mesalte\/wp-json\/wp\/v2\/media\/17757"}],"wp:attachment":[{"href":"https:\/\/blogs.correio24horas.com.br\/mesalte\/wp-json\/wp\/v2\/media?parent=17756"}],"wp:term":[{"taxonomy":"category","embeddable":true,"href":"https:\/\/blogs.correio24horas.com.br\/mesalte\/wp-json\/wp\/v2\/categories?post=17756"},{"taxonomy":"post_tag","embeddable":true,"href":"https:\/\/blogs.correio24horas.com.br\/mesalte\/wp-json\/wp\/v2\/tags?post=17756"}],"curies":[{"name":"wp","href":"https:\/\/api.w.org\/{rel}","templated":true}]}}