{"id":17725,"date":"2019-01-08T08:20:15","date_gmt":"2019-01-08T11:20:15","guid":{"rendered":"http:\/\/blogs.correio24horas.com.br\/mesalte\/?p=17725"},"modified":"2019-01-08T08:20:15","modified_gmt":"2019-01-08T11:20:15","slug":"salvador-sediara-terceira-edicao-do-mister-verao-brasil","status":"publish","type":"post","link":"https:\/\/blogs.correio24horas.com.br\/mesalte\/salvador-sediara-terceira-edicao-do-mister-verao-brasil\/","title":{"rendered":"Salvador sediar\u00e1 terceira edi\u00e7\u00e3o do Mister Ver\u00e3o Brasil"},"content":{"rendered":"<p>A etapa estadual da terceira edi\u00e7\u00e3o do concurso Mister Ver\u00e3o Brasil ser\u00e1 realizada no dia 20 de janeiro, \u00e0s 19h, no Hotel Sol Barra, em Salvador.\u00a0\u00a0Doze candidatos ter\u00e3o que mostrar gra\u00e7a, beleza e simpatia a um time de jurados criteriosos para conquistar uma vaga ao t\u00edtulo de Mister Ver\u00e3o Brasil 2019, al\u00e9m de premia\u00e7\u00e3o para os tr\u00eas primeiros colocados e pe\u00e7as do estilista Jorge Andrade e da GRV Modas.<\/p>\n<p>Atualmente o t\u00edtulo pertence a Boanerges Almeida, 24 anos, morador de Sim\u00f5es Filho, estudante educa\u00e7\u00e3o f\u00edsica, que ir\u00e1 passar a faixa ao seu sucessor.\u00a0Com apresenta\u00e7\u00e3o de Bagagery Spilberg, o evento contar\u00e1 ainda com desfile exclusivo da GRV Modas, de Guegueu Almeida.<\/p>\n<p>A realiza\u00e7\u00e3o \u00e9 da ag\u00eancia Xtreme Model, comandada pelo produtor e empres\u00e1rio Jomar Sousa, com apoio do produtor de moda Ad\u00e3o Andrade, que levar\u00e1 candidatos de Nazar\u00e9 das Farinhas, Santo Ant\u00f4nio de Jesus e Valen\u00e7a.<\/p>\n<p>Os ingressos poder\u00e3o ser adquiridos no local, no dia do evento, por R$20.<\/p>\n<p>&nbsp;<\/p>\n<p><strong>Servi\u00e7o<br \/>\n<\/strong>3\u00aa edi\u00e7\u00e3o do Mister Ver\u00e3o Brasil<br \/>\nData: 20 de janeiro de 2019 (domingo)<br \/>\nHor\u00e1rio: 19h<br \/>\nLocal: Hotel Sol Barra<br \/>\nIngressos: R$20<br \/>\nMais informa\u00e7\u00f5es: (71) 99206-2171<\/p>\n","protected":false},"excerpt":{"rendered":"<p>A etapa estadual da terceira edi\u00e7\u00e3o do concurso Mister Ver\u00e3o Brasil ser\u00e1 realizada no dia 20 de janeiro, \u00e0s 19h, no Hotel Sol Barra, em Salvador.\u00a0\u00a0Doze [&hellip;]<\/p>\n","protected":false},"author":1,"featured_media":17726,"comment_status":"open","ping_status":"open","sticky":false,"template":"","format":"image","meta":{"footnotes":""},"categories":[80,27],"tags":[],"class_list":["post-17725","post","type-post","status-publish","format-image","has-post-thumbnail","hentry","category-home","category-me-abano","post_format-post-format-image"],"_links":{"self":[{"href":"https:\/\/blogs.correio24horas.com.br\/mesalte\/wp-json\/wp\/v2\/posts\/17725","targetHints":{"allow":["GET"]}}],"collection":[{"href":"https:\/\/blogs.correio24horas.com.br\/mesalte\/wp-json\/wp\/v2\/posts"}],"about":[{"href":"https:\/\/blogs.correio24horas.com.br\/mesalte\/wp-json\/wp\/v2\/types\/post"}],"author":[{"embeddable":true,"href":"https:\/\/blogs.correio24horas.com.br\/mesalte\/wp-json\/wp\/v2\/users\/1"}],"replies":[{"embeddable":true,"href":"https:\/\/blogs.correio24horas.com.br\/mesalte\/wp-json\/wp\/v2\/comments?post=17725"}],"version-history":[{"count":1,"href":"https:\/\/blogs.correio24horas.com.br\/mesalte\/wp-json\/wp\/v2\/posts\/17725\/revisions"}],"predecessor-version":[{"id":17727,"href":"https:\/\/blogs.correio24horas.com.br\/mesalte\/wp-json\/wp\/v2\/posts\/17725\/revisions\/17727"}],"wp:featuredmedia":[{"embeddable":true,"href":"https:\/\/blogs.correio24horas.com.br\/mesalte\/wp-json\/wp\/v2\/media\/17726"}],"wp:attachment":[{"href":"https:\/\/blogs.correio24horas.com.br\/mesalte\/wp-json\/wp\/v2\/media?parent=17725"}],"wp:term":[{"taxonomy":"category","embeddable":true,"href":"https:\/\/blogs.correio24horas.com.br\/mesalte\/wp-json\/wp\/v2\/categories?post=17725"},{"taxonomy":"post_tag","embeddable":true,"href":"https:\/\/blogs.correio24horas.com.br\/mesalte\/wp-json\/wp\/v2\/tags?post=17725"}],"curies":[{"name":"wp","href":"https:\/\/api.w.org\/{rel}","templated":true}]}}