{"id":17710,"date":"2019-01-07T20:26:45","date_gmt":"2019-01-07T23:26:45","guid":{"rendered":"http:\/\/blogs.correio24horas.com.br\/mesalte\/?p=17710"},"modified":"2019-01-14T09:17:08","modified_gmt":"2019-01-14T12:17:08","slug":"namoradas-sao-alvo-de-lesbofobia-por-motorista-de-app-em-salvador-se-comportem","status":"publish","type":"post","link":"https:\/\/blogs.correio24horas.com.br\/mesalte\/namoradas-sao-alvo-de-lesbofobia-por-motorista-de-app-em-salvador-se-comportem\/","title":{"rendered":"Namoradas s\u00e3o alvo de lesbofobia por motorista de app em Salvador: &#8216;se comportem&#8217;"},"content":{"rendered":"<p style=\"text-align: left;\">A\u00a0servidora\u00a0p\u00fablica Amanda*, 23 anos, e a estudante Vanessa*, 22 anos, namoram h\u00e1 dois anos e meio. O dia 7 de janeiro de 2019, contudo, ficar\u00e1 marcado como um momento tenso no relacionamento das duas. Elas foram alvo de lesbofobia por um motorista do aplicativo de carros da empresa 99 por volta das 13h quando sa\u00edam do Shopping Barra para o bairro do Dois de Julho.<\/p>\n<p>Ao entrarem no carro, Vanessa fez men\u00e7\u00e3o a colocar a cabe\u00e7a no colo da namorada. Nesse momento, o motorista do carro por aplicativo recriminou as jovens.<\/p>\n<p>&#8220;Quando ela se encostou em mim ele perguntou qual era o problema. A\u00ed ela olhou para a cara dele e falou que n\u00f3s est\u00e1vamos conversando. A\u00ed ela pediu para deitar no meu colo. Quando ela foi deitar ele encostou o carro e falou &#8216;se comportem&#8217; porque isso \u00e9 um comportamento inadequado&#8221;, relata Amanda* que registrou o caso na 14\u00aa Delegacia (Barra) e tamb\u00e9m no Centro Municipal de Refer\u00eancia LGBT de Salvador nesta segunda-feira (7).<\/p>\n<p>Depois de ser interpelada a primeira vez pelo motorista identificado\u00a0no aplicativo como\u00a0Alencar Ferreira Minho Junior (que dirigia um Renault Duster de placa OZL 7415),\u00a0Amanda* questionou. &#8220;Mo\u00e7o, eu n\u00e3o estou entendendo. A\u00ed ele falou &#8216;ou voc\u00eas se comportam ou ent\u00e3o.. A\u00ed ficou olhando pra minha cara pelo retrovisor fazendo uma cara fechada de mal. Ele arrastou o carro e continuou a falar que n\u00f3s est\u00e1vamos tendo um comportamento inadequado&#8221;, explicou Amanda*.<\/p>\n<blockquote><p>N\u00e3o est\u00e1vamos fazendo nada. Ela s\u00f3 foi deitar a cabe\u00e7a no meu colo. Ele parou o carro na entrada do Calabar e nos deixou no ponto de \u00f4nibus. Ele ainda falou &#8216;j\u00e1 que voc\u00eas n\u00e3o v\u00e3o se comportar des\u00e7am do carro&#8217;. Tivemos que descer e ele ainda cobrou a corrida (que havia sido pedida por cart\u00e3o de cr\u00e9dito) &#8211; argumenta\u00a0Amanda*<\/p><\/blockquote>\n<p>O casal explica que tamb\u00e9m registrou a den\u00fancia no pr\u00f3prio aplicativo. &#8220;Foi a primeira vez que aconteceu isso comigo e com ela. Estamos juntas h\u00e1 dois anos e meio juntas e isso nunca aconteceu conosco. Eu n\u00e3o entendi o motivo dele ter feito isso. Fiquei super constrangida. Sai do carro de cabe\u00e7a baixa sem rea\u00e7\u00e3o. Eu fiquei muito constrangida&#8221;, conta Amanda*.<\/p>\n<p><img decoding=\"async\" src=\"blob:https:\/\/web.whatsapp.com\/951e0190-6dca-4f1f-aa4f-476cb60177c4\" alt=\"\" \/><img decoding=\"async\" src=\"blob:https:\/\/web.whatsapp.com\/951e0190-6dca-4f1f-aa4f-476cb60177c4\" alt=\"\" \/>Em contato com o Me Salte, o app afirmou que o perfil do condutor foi bloqueado do servi\u00e7o. Confira abaixo, na \u00edntegra a nota da empresa:<\/p>\n<p><em>A 99 informa que recebeu de uma passageira a den\u00fancia envolvendo um motorista da plataforma. De acordo com ela, o caso ocorreu na tarde de segunda-feira, dia 7 de janeiro, em Salvador (BA).<\/em><\/p>\n<p><em>O perfil do condutor foi bloqueado do aplicativo.<\/em><\/p>\n<p><em>A 99 se solidariza com a v\u00edtima e est\u00e1 em contato com ela para prestar todo o apoio que for necess\u00e1rio. A empresa tamb\u00e9m se encontra aberta a colaborar com a pol\u00edcia.<\/em><\/p>\n<p><em>A 99 repudia esse e quaisquer outras ocorr\u00eancias de viol\u00eancia e est\u00e1 trabalhando 24 horas por dia, 7 dias por semana, para colaborar com a seguran\u00e7a dos usu\u00e1rios.<\/em><\/p>\n<p>O Me Salte tentou contato com o motorista mas at\u00e9 o fechamento da mat\u00e9ria n\u00e3o obteve \u00eaxito.<\/p>\n<p><em>*nomes fict\u00edcios mudados a pedido das v\u00edtimas<\/em><\/p>\n","protected":false},"excerpt":{"rendered":"<p>A\u00a0servidora\u00a0p\u00fablica Amanda*, 23 anos, e a estudante Vanessa*, 22 anos, namoram h\u00e1 dois anos e meio. O dia 7 de janeiro de 2019, contudo, ficar\u00e1 marcado [&hellip;]<\/p>\n","protected":false},"author":1,"featured_media":17715,"comment_status":"open","ping_status":"open","sticky":false,"template":"","format":"image","meta":{"footnotes":""},"categories":[80,11],"tags":[],"class_list":["post-17710","post","type-post","status-publish","format-image","has-post-thumbnail","hentry","category-home","category-me-informo","post_format-post-format-image"],"_links":{"self":[{"href":"https:\/\/blogs.correio24horas.com.br\/mesalte\/wp-json\/wp\/v2\/posts\/17710","targetHints":{"allow":["GET"]}}],"collection":[{"href":"https:\/\/blogs.correio24horas.com.br\/mesalte\/wp-json\/wp\/v2\/posts"}],"about":[{"href":"https:\/\/blogs.correio24horas.com.br\/mesalte\/wp-json\/wp\/v2\/types\/post"}],"author":[{"embeddable":true,"href":"https:\/\/blogs.correio24horas.com.br\/mesalte\/wp-json\/wp\/v2\/users\/1"}],"replies":[{"embeddable":true,"href":"https:\/\/blogs.correio24horas.com.br\/mesalte\/wp-json\/wp\/v2\/comments?post=17710"}],"version-history":[{"count":12,"href":"https:\/\/blogs.correio24horas.com.br\/mesalte\/wp-json\/wp\/v2\/posts\/17710\/revisions"}],"predecessor-version":[{"id":17808,"href":"https:\/\/blogs.correio24horas.com.br\/mesalte\/wp-json\/wp\/v2\/posts\/17710\/revisions\/17808"}],"wp:featuredmedia":[{"embeddable":true,"href":"https:\/\/blogs.correio24horas.com.br\/mesalte\/wp-json\/wp\/v2\/media\/17715"}],"wp:attachment":[{"href":"https:\/\/blogs.correio24horas.com.br\/mesalte\/wp-json\/wp\/v2\/media?parent=17710"}],"wp:term":[{"taxonomy":"category","embeddable":true,"href":"https:\/\/blogs.correio24horas.com.br\/mesalte\/wp-json\/wp\/v2\/categories?post=17710"},{"taxonomy":"post_tag","embeddable":true,"href":"https:\/\/blogs.correio24horas.com.br\/mesalte\/wp-json\/wp\/v2\/tags?post=17710"}],"curies":[{"name":"wp","href":"https:\/\/api.w.org\/{rel}","templated":true}]}}