{"id":17694,"date":"2019-01-04T11:53:49","date_gmt":"2019-01-04T14:53:49","guid":{"rendered":"http:\/\/blogs.correio24horas.com.br\/mesalte\/?p=17694"},"modified":"2019-01-04T12:43:20","modified_gmt":"2019-01-04T15:43:20","slug":"rapper-lgbtq-de-salvador-diih-cerqueira-lanca-clipe-de-estreia-assista","status":"publish","type":"post","link":"https:\/\/blogs.correio24horas.com.br\/mesalte\/rapper-lgbtq-de-salvador-diih-cerqueira-lanca-clipe-de-estreia-assista\/","title":{"rendered":"Rapper LGBTQ de Salvador, Diih Cerqueira lan\u00e7a clipe de estreia; assista\u00a0"},"content":{"rendered":"<p>Morador da Ribeira, em Salvador, o\u00a0rapper Diih Cerqueira lan\u00e7ou o videoclipe da sua primeira m\u00fasica de trabalho, &#8220;Lend\u00e1ria&#8221;, nesta sexta feira\u00a0(4). O rapper que tamb\u00e9m \u00e9 cantor e compositor deu o pontap\u00e9 inicial de sua carreira com a m\u00fasica de produ\u00e7\u00e3o pr\u00f3pria e independente e clipe gravado na Universidade Federal da Bahia.<\/p>\n<p>\u201cEssa m\u00fasica veio em um momento muito especial para mim. 2018 foi um ano de amadurecimento em v\u00e1rios setores na minha vida, inclusive na m\u00fasica e vi aqui uma oportunidade de explanar minha viv\u00eancia, meus sentimentos, minha verdade. Espero que quem ou\u00e7a possa sentir isso, se sentir abra\u00e7ado, contemplado\u201d, falou o rapper.<\/p>\n<p>Os versos de Lend\u00e1ria falam sobre a realidade de v\u00e1rios jovens LGBTQi+ no Brasil. Diih Cerqueira escreveu a m\u00fasica ap\u00f3s se sentir encorajado ao ver o surgimento de uma nova cena plural no pa\u00eds. .<\/p>\n<p>&#8220;O projeto n\u00e3o existiria sem a presen\u00e7a das pessoas que acreditaram no meu trabalho. Produ\u00e7\u00e3o, filmagem, dan\u00e7arinos\u2026 Toda a equipe \u00e9 constitu\u00edda por meus amigos, pessoas que me d\u00e3o for\u00e7a todos os dias. O resultado ficou muito melhor do que eu esperava\u201d, completou.<\/p>\n<p>Lend\u00e1ria est\u00e1 dispon\u00edvel em todas as plataformas digitais e o videoclipe no youtube. Diih tamb\u00e9m trabalha na produ\u00e7\u00e3o de um EP que tem o lan\u00e7amento previsto para o primeiro semestre de 2019.<\/p>\n","protected":false},"excerpt":{"rendered":"<p>Morador da Ribeira, em Salvador, o\u00a0rapper Diih Cerqueira lan\u00e7ou o videoclipe da sua primeira m\u00fasica de trabalho, &#8220;Lend\u00e1ria&#8221;, nesta sexta feira\u00a0(4). O rapper que tamb\u00e9m \u00e9 [&hellip;]<\/p>\n","protected":false},"author":1,"featured_media":17695,"comment_status":"open","ping_status":"open","sticky":false,"template":"","format":"image","meta":{"footnotes":""},"categories":[28,80],"tags":[],"class_list":["post-17694","post","type-post","status-publish","format-image","has-post-thumbnail","hentry","category-farofa-digital","category-home","post_format-post-format-image"],"_links":{"self":[{"href":"https:\/\/blogs.correio24horas.com.br\/mesalte\/wp-json\/wp\/v2\/posts\/17694","targetHints":{"allow":["GET"]}}],"collection":[{"href":"https:\/\/blogs.correio24horas.com.br\/mesalte\/wp-json\/wp\/v2\/posts"}],"about":[{"href":"https:\/\/blogs.correio24horas.com.br\/mesalte\/wp-json\/wp\/v2\/types\/post"}],"author":[{"embeddable":true,"href":"https:\/\/blogs.correio24horas.com.br\/mesalte\/wp-json\/wp\/v2\/users\/1"}],"replies":[{"embeddable":true,"href":"https:\/\/blogs.correio24horas.com.br\/mesalte\/wp-json\/wp\/v2\/comments?post=17694"}],"version-history":[{"count":2,"href":"https:\/\/blogs.correio24horas.com.br\/mesalte\/wp-json\/wp\/v2\/posts\/17694\/revisions"}],"predecessor-version":[{"id":17697,"href":"https:\/\/blogs.correio24horas.com.br\/mesalte\/wp-json\/wp\/v2\/posts\/17694\/revisions\/17697"}],"wp:featuredmedia":[{"embeddable":true,"href":"https:\/\/blogs.correio24horas.com.br\/mesalte\/wp-json\/wp\/v2\/media\/17695"}],"wp:attachment":[{"href":"https:\/\/blogs.correio24horas.com.br\/mesalte\/wp-json\/wp\/v2\/media?parent=17694"}],"wp:term":[{"taxonomy":"category","embeddable":true,"href":"https:\/\/blogs.correio24horas.com.br\/mesalte\/wp-json\/wp\/v2\/categories?post=17694"},{"taxonomy":"post_tag","embeddable":true,"href":"https:\/\/blogs.correio24horas.com.br\/mesalte\/wp-json\/wp\/v2\/tags?post=17694"}],"curies":[{"name":"wp","href":"https:\/\/api.w.org\/{rel}","templated":true}]}}