{"id":17689,"date":"2019-01-04T10:14:46","date_gmt":"2019-01-04T13:14:46","guid":{"rendered":"http:\/\/blogs.correio24horas.com.br\/mesalte\/?p=17689"},"modified":"2019-01-04T10:14:46","modified_gmt":"2019-01-04T13:14:46","slug":"thammy-miranda-sera-o-primeiro-homem-trans-vereador-de-sao-paulo","status":"publish","type":"post","link":"https:\/\/blogs.correio24horas.com.br\/mesalte\/thammy-miranda-sera-o-primeiro-homem-trans-vereador-de-sao-paulo\/","title":{"rendered":"Thammy Miranda ser\u00e1 o primeiro homem trans vereador de S\u00e3o Paulo"},"content":{"rendered":"<p>N\u00e3o \u00e9 de hoje que Thammy Miranda tem um engajamento na vida pol\u00edtica. Mas, em 2019, finalmente ir\u00e1 exercer um cargo legislativo. Isso porque Conte Lopes, do PP, foi eleito deputado estadual e o filho de Gretchen estava como suplente do parlamentar na C\u00e2mara Municipal de S\u00e3o Paulo. Ele ser\u00e1 o primeiro homem trans a assumir o cargo de vereador de S\u00e3o Paulo.<\/p>\n<p>&#8220;Em um governo onde tiram os direitos dos LGBTs e dizem que <a href=\"https:\/\/blogs.correio24horas.com.br\/mesalte\/azul-ou-rosa-eu-prefiro-vestir-vermelho-branco-amarelo\/\">&#8216;menina veste rosa e menino veste azul&#8217;<\/a>, vem a justi\u00e7a divina e coloca voc\u00ea nessa cadeira para ser a voz de quem precisa&#8221;, escreveu a cantora nas redes sociais.<\/p>\n<p><img decoding=\"async\" src=\"https:\/\/correio-cdn3.cworks.cloud\/fileadmin\/user_upload\/correio24horas\/2019\/01\/04\/thammy_miranda.PNG\" alt=\"\" \/><\/p>\n<p>Gretchen tamb\u00e9m parabenizou Thammy e desejou boa sorte. &#8220;Parab\u00e9ns, meu filho. Tenho muito orgulho de voc\u00ea. Fa\u00e7a um bom mandato, com justi\u00e7a e honestidade&#8221;, concluiu.<\/p>\n<p>A retirada de direitos dos LGBTs em refer\u00eancia \u00e0 MP 870 tamb\u00e9m foi alvo de cr\u00edticas de Gretchen. A primeira medida provis\u00f3ria assinada pelo presidente Jair Bolsonaro n\u00e3o cita a comunidade gay, como constava anteriormente.<\/p>\n<p><em>Com informa\u00e7\u00f5es do Estad\u00e3o Conte\u00fado<\/em><\/p>\n","protected":false},"excerpt":{"rendered":"<p>N\u00e3o \u00e9 de hoje que Thammy Miranda tem um engajamento na vida pol\u00edtica. Mas, em 2019, finalmente ir\u00e1 exercer um cargo legislativo. Isso porque Conte Lopes, [&hellip;]<\/p>\n","protected":false},"author":1,"featured_media":17692,"comment_status":"open","ping_status":"open","sticky":false,"template":"","format":"image","meta":{"footnotes":""},"categories":[80,9],"tags":[],"class_list":["post-17689","post","type-post","status-publish","format-image","has-post-thumbnail","hentry","category-home","category-me-orgulho","post_format-post-format-image"],"_links":{"self":[{"href":"https:\/\/blogs.correio24horas.com.br\/mesalte\/wp-json\/wp\/v2\/posts\/17689","targetHints":{"allow":["GET"]}}],"collection":[{"href":"https:\/\/blogs.correio24horas.com.br\/mesalte\/wp-json\/wp\/v2\/posts"}],"about":[{"href":"https:\/\/blogs.correio24horas.com.br\/mesalte\/wp-json\/wp\/v2\/types\/post"}],"author":[{"embeddable":true,"href":"https:\/\/blogs.correio24horas.com.br\/mesalte\/wp-json\/wp\/v2\/users\/1"}],"replies":[{"embeddable":true,"href":"https:\/\/blogs.correio24horas.com.br\/mesalte\/wp-json\/wp\/v2\/comments?post=17689"}],"version-history":[{"count":3,"href":"https:\/\/blogs.correio24horas.com.br\/mesalte\/wp-json\/wp\/v2\/posts\/17689\/revisions"}],"predecessor-version":[{"id":17693,"href":"https:\/\/blogs.correio24horas.com.br\/mesalte\/wp-json\/wp\/v2\/posts\/17689\/revisions\/17693"}],"wp:featuredmedia":[{"embeddable":true,"href":"https:\/\/blogs.correio24horas.com.br\/mesalte\/wp-json\/wp\/v2\/media\/17692"}],"wp:attachment":[{"href":"https:\/\/blogs.correio24horas.com.br\/mesalte\/wp-json\/wp\/v2\/media?parent=17689"}],"wp:term":[{"taxonomy":"category","embeddable":true,"href":"https:\/\/blogs.correio24horas.com.br\/mesalte\/wp-json\/wp\/v2\/categories?post=17689"},{"taxonomy":"post_tag","embeddable":true,"href":"https:\/\/blogs.correio24horas.com.br\/mesalte\/wp-json\/wp\/v2\/tags?post=17689"}],"curies":[{"name":"wp","href":"https:\/\/api.w.org\/{rel}","templated":true}]}}